{"id":126578,"date":"2026-01-01T21:13:13","date_gmt":"2026-01-01T21:13:13","guid":{"rendered":"https:\/\/www.europesays.com\/no\/126578\/"},"modified":"2026-01-01T21:13:13","modified_gmt":"2026-01-01T21:13:13","slug":"regjeringskvartalet-statsminister-statsministeren-i-nyttarstale-na-tar-vi-hoyblokka-tilbake","status":"publish","type":"post","link":"https:\/\/www.europesays.com\/no\/126578\/","title":{"rendered":"Regjeringskvartalet, Statsminister | Statsministeren i nytt\u00e5rstale: \u2013 N\u00e5 tar vi H\u00f8yblokka tilbake"},"content":{"rendered":"\n<p>OSLO (Nettavisen): Statsminister Jonas Gahr St\u00f8re (Ap) holdt torsdag kveld sin nytt\u00e5rstale. Det gjorde han fra Regjeringskvartalet og H\u00f8yblokka i Oslo, som har v\u00e6rt gjennom en omfattende gjenoppbygging og ombygging etter terrorangrepet 22. juli 2011.<\/p>\n<p>\u2013 N\u00e5 tar vi H\u00f8yblokka tilbake, sa St\u00f8re i talen og omtalte bygget fra 1958 som \u00abet symbol p\u00e5 v\u00e5rt demokrati og v\u00e5rt fellesskap\u00bb, men ogs\u00e5 \u00abet symbol p\u00e5 smerte og tap for hele nasjonen\u00bb etter terrorangrepet.<\/p>\n<p>   <img decoding=\"async\" width=\"4896\" height=\"3264\" fetchpriority=\"low\"  loading=\"lazy\"  src=\"https:\/\/www.europesays.com\/no\/wp-content\/uploads\/2026\/01\/NTB_90suZElHHpw+%281%29.jpg\" alt=\"VAR P\u00c5 JOBB: Line Nersn\u00e6s, tre m\u00e5neder etter bomben i Regjeringskvartalet 22. juli 2011. Hun var p\u00e5 jobb i Justisdepartementet da angrepet skjedde.\" class=\"brick-c-cFOWSL\" style=\"--brick-image-ratio: 4896 \/ 3264;\"\/><\/p>\n<p>      VAR P\u00c5 JOBB: Line Nersn\u00e6s, tre m\u00e5neder etter bomben i Regjeringskvartalet 22. juli 2011.<br \/>\n      Foto: Gorm Kallestad (NTB)\n    <\/p>\n<p>  Trakk fram offer<\/p>\n<p>\u00c5tte mennesker mistet livet i Regjeringskvartalet og 69 mennesker ble drept p\u00e5 AUFs ungdomsleir p\u00e5 Ut\u00f8ya denne dagen for snart 15 \u00e5r siden.<\/p>\n<p>St\u00f8re trakk fram Line Nersn\u00e6s (61), jurist i Justis- og beredskapsdepartementet, i sin tale. Hun var p\u00e5 jobb denne dagen, i 11. etasje i H\u00f8yblokka.<\/p>\n<p>Mange vil huske de dramatiske bildene fra denne dagen. Et av motivene viste en skadet kvinne med en stor treflis stikkende ut av tinningen. Deler av vinduskarmen hadde blitt slynget mot henne i den kraftige eksplosjonen. Det var Line Nersn\u00e6s.<\/p>\n<p>\u2013 Hun satt foran datamaskinen, l\u00f8ftet blikket ned mot Einar Gerhardsens plass \u2013 og strakk ut h\u00e5nden for \u00e5 ta en telefon. S\u00e5 kom eksplosjonen. Og alt ble m\u00f8rkt. Da hun kom til seg selv, var vinduet bl\u00e5st ut \u2013 og kontoret helt \u00f8delagt. Sammen med kollegaen Knut kjempet hun seg ut, gjennom ruinene \u2013 over knust betong, vridde jernbjelker, og ned trappen, til utgangen \u2013 her hvor jeg st\u00e5r n\u00e5, sa St\u00f8re i talen.<\/p>\n<p>   <img decoding=\"async\" width=\"1024\" height=\"576\" fetchpriority=\"low\"  loading=\"lazy\"  src=\"https:\/\/www.europesays.com\/no\/wp-content\/uploads\/2026\/01\/Bomben_22juli_collage__1_.jpg\" alt=\"TERROR I OSLO: Bilde fra overv\u00e5kingskamera viser \u00f8yeblikket da bomben gikk av i Regjeringskvartalet i Oslo 22. juli 2011. Den 950 kilos store bomben eksploderte klokken 15.25. \u00c5tte mennesker ble drept momentant, ti personer ble innlagt p\u00e5 sykehus med alvorlige eller livstruende skader. Mange flere fikk mindre alvorlige skader, samt psykiske plager og belastninger.\" class=\"brick-c-cFOWSL\" style=\"--brick-image-ratio: 1024 \/ 576;\"\/><\/p>\n<p>      TERROR: Bilde fra overv\u00e5kingskamera viser \u00f8yeblikket da bomben gikk av i Regjeringskvartalet i Oslo 22. juli 2011. Den 950 kilos store bomben eksploderte klokken 15.25. \u00c5tte mennesker ble drept momentant, ti personer ble innlagt p\u00e5 sykehus med alvorlige eller livstruende skader. Mange flere fikk mindre alvorlige skader, samt psykiske plager og belastninger.<br \/>\n      Foto: Politiet\n    <\/p>\n<p>  \u2013 Stolt over \u00e5 v\u00e6re byr\u00e5krat i Norge<\/p>\n<p>Han fortalte videre om hvordan Nersn\u00e6s ble tatt h\u00e5nd om p\u00e5 legevakten og reddet livet.<\/p>\n<p>\u2013 Hun overlevde \u2013 med millimeters margin \u2013 og kom tilbake p\u00e5 jobb. Line sier i dag at hun er stolt over \u00e5 v\u00e6re byr\u00e5krat i Norge \u2013 over \u00e5 jobbe for tryggheten. For deg, for meg og for landet v\u00e5rt. Om noen f\u00e5 uker flytter Line tilbake til H\u00f8yblokka sammen med gode kolleger i departementene, sa St\u00f8re i talen.<\/p>\n<p>Nettavisen har kontaktet Line Nersn\u00e6s. Hun er kjent med St\u00f8res tale og at hun blir omtalt, men har takket nei til \u00e5 kommentere den.<\/p>\n<p>   <img decoding=\"async\" width=\"3888\" height=\"2592\" fetchpriority=\"low\"  loading=\"lazy\"  src=\"https:\/\/www.europesays.com\/no\/wp-content\/uploads\/2026\/01\/6559249161_53f509bbb2_o+%281%29.jpg\" alt=\"ETTER BOMBEN: I desember 2011 fikk en gruppe pressefolk slippe inn i Regjeringskvartalet for \u00e5 se skadene etter bombeangrepet 22. juli.\" class=\"brick-c-cFOWSL\" style=\"--brick-image-ratio: 3888 \/ 2592;\"\/><\/p>\n<p>      ETTER BOMBEN: F\u00e5 m\u00e5neder etter terrorangrepet i Regjeringskvartalet, var sporene etter den kraftige eksplosjonen fortsatt synlige, med vinduer som var bl\u00e5st ut og \u00f8delagte kontorer. Bildet er tatt i desember 2011 da en gruppe pressefolk fikk slippe inne p\u00e5 befaring.<br \/>\n      Foto: Trond Lepper\u00f8d (Nettavisen)\n    <\/p>\n<p>   <img decoding=\"async\" width=\"3888\" height=\"2592\" fetchpriority=\"low\"  loading=\"lazy\"  src=\"https:\/\/www.europesays.com\/no\/wp-content\/uploads\/2026\/01\/6559263321_ef4e034046_o+%281%29.jpg\" alt=\"ETTER BOMBEN: I desember 2011 fikk en gruppe pressefolk slippe inn i Regjeringskvartalet for \u00e5 se skadene etter bombeangrepet 22. juli.\" class=\"brick-c-cFOWSL\" style=\"--brick-image-ratio: 3888 \/ 2592;\"\/><\/p>\n<p>      BIL MED BOMBE: Her utenfor H\u00f8yblokka i Regjeringskvartalet hadde gjerningsmannen Anders Behring Breivik plassert bilen med en kraftig bombeladning. Bildet er tatt i desember 2011 da oppryddings- og sikringsarbeidet var i full gang.<br \/>\n      Foto: Trond Lepper\u00f8d (Nettavisen)\n    <\/p>\n<p>  \u2013 Trygghet<\/p>\n<p>\u2013 Den st\u00f8rste oppgaven, det er \u00e5 skape trygghet i en tid der verdens uro n\u00e5r helt inn i livene v\u00e5re, sa St\u00f8re. Han nevnte \u00abland som bygger tolmurer\u00bb, ekstremv\u00e6r, og Russland, Kina, Iran og Nord-Korea som farer i en urolig tid.<\/p>\n<p>\u2013 Samtidig vil jeg si: Norge truer ingen. NATO truer ingen. Og v\u00e5r vurdering er at Russland ikke ser seg tjent med en v\u00e6pnet konflikt mot Norge, et NATO-land, sier St\u00f8re og la til at hele Stortinget st\u00e5r bak st\u00f8tte til Ukraina.<\/p>\n<p><b>Les: <a class=\"simple-relation related-teaser article--c-eRUmMG article--c-eRUmMG-fZoQSp-design-nettavisen article--c-eRUmMG-gwthdJ-cv\" href=\"https:\/\/www.nettavisen.no\/klepp-skytingen-politibetjenten-markus-botnen-25-drept-av-skudd-i-overkroppen\/s\/5-95-2220688\" rel=\"nofollow noopener\" target=\"_blank\">Klepp-skytingen: Politibetjenten Markus Botnen (25) drept av skudd i overkroppen<\/a><\/b><\/p>\n<p>St\u00f8re trakk ogs\u00e5 fram politimannen Markus Botnen som bare var 25 \u00e5r gammel da han ble skutt og drept mens han fors\u00f8kte \u00e5 hjelpe et menneske i en desperat situasjon.<\/p>\n<p>   <img decoding=\"async\" width=\"6000\" height=\"4000\" fetchpriority=\"low\"  loading=\"lazy\"  src=\"https:\/\/www.europesays.com\/no\/wp-content\/uploads\/2026\/01\/NTB_fFFct5NYlmI.jpg\" alt=\"Stavanger 20241228. &#10;Det var Markus Botnen (25) som ble skutt og drept under et oppdrag p\u00e5 Klepp natt til i dag. Botnen var ansatt som politibetjent ved J\u00e6ren politistasjon.&#10;Navnet frigis i samr\u00e5d med de p\u00e5r\u00f8rende.&#10;Foto: Politiet \/ Handout \/ NTB&#10;&#10;Handout. Bildet inng\u00e5r i NTBs tilbud til abonnenter p\u00e5 nyhetsfoto. Bildet skal kun benyttes i forbindelse med angitt sak.\" class=\"brick-c-cFOWSL\" style=\"--brick-image-ratio: 6000 \/ 4000;\"\/><\/p>\n<p>      Det var Markus Botnen (25) som ble skutt og drept under et oppdrag p\u00e5 Klepp.<br \/>\n      Foto: Politiet \/ Handout\n    <\/p>\n<p>\u2013 Markus minner oss om noe viktig: Tryggheten vi noen ganger tar for gitt, b\u00e6res av mennesker som setter v\u00e5r sikkerhet foran sin egen.<\/p>\n<p>St\u00f8re trakk fram mange av dagens farer, og at trygghet ikke bare skal gis av ledere p\u00e5 toppen, men ogs\u00e5 deg og meg.<\/p>\n<p>\u2013 Hver gang du gj\u00f8r ditt lille bidrag, blir tryggheten for oss alle st\u00f8rre. For n\u00e5r vi passer p\u00e5 hverandre \u2013 da passer vi ogs\u00e5 p\u00e5 landet v\u00e5rt, sier han.<\/p>\n<p>St\u00f8re passet ogs\u00e5 p\u00e5 \u00e5 takke St\u00e5le Solbakken og herrelandslaget som har sendt Norge til fotball-VM, og h\u00e5ndballjentene som tok et mesterskap hjem.<\/p>\n","protected":false},"excerpt":{"rendered":"OSLO (Nettavisen): Statsminister Jonas Gahr St\u00f8re (Ap) holdt torsdag kveld sin nytt\u00e5rstale. Det gjorde han fra Regjeringskvartalet og&hellip;\n","protected":false},"author":2,"featured_media":126579,"comment_status":"","ping_status":"","sticky":false,"template":"","format":"standard","meta":{"footnotes":""},"categories":[10],"tags":[20,21,24,25,15,22,23,13,30,28,29,14,16,26,27],"class_list":{"0":"post-126578","1":"post","2":"type-post","3":"status-publish","4":"format-standard","5":"has-post-thumbnail","7":"category-norge","8":"tag-breaking-news","9":"tag-breakingnews","10":"tag-featured-news","11":"tag-featurednews","12":"tag-headlines","13":"tag-latest-news","14":"tag-latestnews","15":"tag-news","16":"tag-no","17":"tag-norge","18":"tag-norway","19":"tag-nyheter","20":"tag-overskrifter","21":"tag-top-stories","22":"tag-topstories"},"share_on_mastodon":{"url":"https:\/\/pubeurope.com\/@no\/115821910635914173","error":""},"_links":{"self":[{"href":"https:\/\/www.europesays.com\/no\/wp-json\/wp\/v2\/posts\/126578","targetHints":{"allow":["GET"]}}],"collection":[{"href":"https:\/\/www.europesays.com\/no\/wp-json\/wp\/v2\/posts"}],"about":[{"href":"https:\/\/www.europesays.com\/no\/wp-json\/wp\/v2\/types\/post"}],"author":[{"embeddable":true,"href":"https:\/\/www.europesays.com\/no\/wp-json\/wp\/v2\/users\/2"}],"replies":[{"embeddable":true,"href":"https:\/\/www.europesays.com\/no\/wp-json\/wp\/v2\/comments?post=126578"}],"version-history":[{"count":0,"href":"https:\/\/www.europesays.com\/no\/wp-json\/wp\/v2\/posts\/126578\/revisions"}],"wp:featuredmedia":[{"embeddable":true,"href":"https:\/\/www.europesays.com\/no\/wp-json\/wp\/v2\/media\/126579"}],"wp:attachment":[{"href":"https:\/\/www.europesays.com\/no\/wp-json\/wp\/v2\/media?parent=126578"}],"wp:term":[{"taxonomy":"category","embeddable":true,"href":"https:\/\/www.europesays.com\/no\/wp-json\/wp\/v2\/categories?post=126578"},{"taxonomy":"post_tag","embeddable":true,"href":"https:\/\/www.europesays.com\/no\/wp-json\/wp\/v2\/tags?post=126578"}],"curies":[{"name":"wp","href":"https:\/\/api.w.org\/{rel}","templated":true}]}}