{"id":126608,"date":"2026-01-01T22:15:15","date_gmt":"2026-01-01T22:15:15","guid":{"rendered":"https:\/\/www.europesays.com\/no\/126608\/"},"modified":"2026-01-01T22:15:15","modified_gmt":"2026-01-01T22:15:15","slug":"brann-e6-brann-i-lastebil","status":"publish","type":"post","link":"https:\/\/www.europesays.com\/no\/126608\/","title":{"rendered":"Brann, E6 | Brann i lastebil"},"content":{"rendered":"\n<p>Politiet har f\u00e5tt melding om brann i f\u00f8rerhuset p\u00e5 en lastebil p\u00e5 E6 ved Blomli i Bardu.<\/p>\n<p>Det melder Troms politidistrikt klokken 16.55 torsdag.<\/p>\n<p>&#8211; Det er ingen personer i kj\u00f8ret\u00f8yet.<\/p>\n<p>Vegen er sperret p\u00e5 stedet.<\/p>\n<p>Klokken 17.00 er brannvesenet p\u00e5 stedet og har startet slokking.<\/p>\n<p>&#8211; Lastebilen er overtent.<\/p>\n<p>Vitner forteller at det har dannet seg lange k\u00f8er i begge retninger.<\/p>\n<p>&#8211; Det er sv\u00e6rt kaldt p\u00e5 stedet, &#8211; 32 grader.<\/p>\n<p>   <img decoding=\"async\" width=\"1627\" height=\"1015\" fetchpriority=\"low\"  loading=\"lazy\"  src=\"https:\/\/www.europesays.com\/no\/wp-content\/uploads\/2026\/01\/branna.jpg\" alt=\"\" class=\"brick-c-cFOWSL\" style=\"--brick-image-ratio: 1627 \/ 1015;\"\/><\/p>\n<p>      LANGE K\u00d8ER: Det er lange k\u00f8er p\u00e5 stedet.<br \/>\n      Foto: Nordlys-tipser\n    <\/p>\n<p>Klokken 17.55 melder politiet at brannen er slukket og bilberger p\u00e5 vei.<\/p>\n<p>Klokken 18.40 melder Veitrafikksentralen at veien er \u00e5pen med manuell dirigering. Klokken 19.20 er veien markert \u00e5pen.<\/p>\n<p>Politiet melder at \u00e5rsaken til brannen ikke er kjent. Det opprettes sak p\u00e5 forholdet.<\/p>\n","protected":false},"excerpt":{"rendered":"Politiet har f\u00e5tt melding om brann i f\u00f8rerhuset p\u00e5 en lastebil p\u00e5 E6 ved Blomli i Bardu. Det&hellip;\n","protected":false},"author":2,"featured_media":126609,"comment_status":"","ping_status":"","sticky":false,"template":"","format":"standard","meta":{"footnotes":""},"categories":[10],"tags":[36,367,20,21,834,24,25,15,22,23,13,30,28,29,14,16,1510,26,27,14872],"class_list":{"0":"post-126608","1":"post","2":"type-post","3":"status-publish","4":"format-standard","5":"has-post-thumbnail","7":"category-norge","8":"tag-art","9":"tag-brann","10":"tag-breaking-news","11":"tag-breakingnews","12":"tag-e6","13":"tag-featured-news","14":"tag-featurednews","15":"tag-headlines","16":"tag-latest-news","17":"tag-latestnews","18":"tag-news","19":"tag-no","20":"tag-norge","21":"tag-norway","22":"tag-nyheter","23":"tag-overskrifter","24":"tag-story","25":"tag-top-stories","26":"tag-topstories","27":"tag-veltet-lastebil"},"share_on_mastodon":{"url":"https:\/\/pubeurope.com\/@no\/115822154458705319","error":""},"_links":{"self":[{"href":"https:\/\/www.europesays.com\/no\/wp-json\/wp\/v2\/posts\/126608","targetHints":{"allow":["GET"]}}],"collection":[{"href":"https:\/\/www.europesays.com\/no\/wp-json\/wp\/v2\/posts"}],"about":[{"href":"https:\/\/www.europesays.com\/no\/wp-json\/wp\/v2\/types\/post"}],"author":[{"embeddable":true,"href":"https:\/\/www.europesays.com\/no\/wp-json\/wp\/v2\/users\/2"}],"replies":[{"embeddable":true,"href":"https:\/\/www.europesays.com\/no\/wp-json\/wp\/v2\/comments?post=126608"}],"version-history":[{"count":0,"href":"https:\/\/www.europesays.com\/no\/wp-json\/wp\/v2\/posts\/126608\/revisions"}],"wp:featuredmedia":[{"embeddable":true,"href":"https:\/\/www.europesays.com\/no\/wp-json\/wp\/v2\/media\/126609"}],"wp:attachment":[{"href":"https:\/\/www.europesays.com\/no\/wp-json\/wp\/v2\/media?parent=126608"}],"wp:term":[{"taxonomy":"category","embeddable":true,"href":"https:\/\/www.europesays.com\/no\/wp-json\/wp\/v2\/categories?post=126608"},{"taxonomy":"post_tag","embeddable":true,"href":"https:\/\/www.europesays.com\/no\/wp-json\/wp\/v2\/tags?post=126608"}],"curies":[{"name":"wp","href":"https:\/\/api.w.org\/{rel}","templated":true}]}}