{"id":126618,"date":"2026-01-01T22:29:12","date_gmt":"2026-01-01T22:29:12","guid":{"rendered":"https:\/\/www.europesays.com\/no\/126618\/"},"modified":"2026-01-01T22:29:12","modified_gmt":"2026-01-01T22:29:12","slug":"trump-snakker-ut-om-helsa-i-nytt-intervju-nekter-for-a-sove-i-moter","status":"publish","type":"post","link":"https:\/\/www.europesays.com\/no\/126618\/","title":{"rendered":"Trump snakker ut om helsa i nytt intervju \u2013 nekter for \u00e5 sove i m\u00f8ter"},"content":{"rendered":"\n<p class=\"_lead_o9xde_2 _lead_xtcu6_50 layout-component text-serif-m layout-normal text-serif-l layout-component layout-wide layout-padded _wide_17hqh_1 layout-padded\">USAs president Donald Trump gir mange\u00e5rig aspirinbruk skylda for store bl\u00e5merker p\u00e5 h\u00e5nden. I et ferskt intervju nekter han dessuten for \u00e5 ha sovnet i m\u00f8ter.<\/p>\n<p><img alt=\"If\u00f8lge Donald Trump blir han avbildet mens han blunker.  Foto: Mike Segar \/ AP \/ NTB\" class=\"_image_qp4xg_65 layout-component layout-wide\" data-fullscreen- data-track-element-type=\"Article image fullscreen\" data-track-name=\"ImageFullscreen\" fetchpriority=\"high\" decoding=\"sync\" loading=\"eager\" height=\"1334\" itemprop=\"image\"  src=\"https:\/\/www.europesays.com\/no\/wp-content\/uploads\/2026\/01\/c50f11d2-3850-4e7f-8a34-a00bc49c6b65.jpeg\"  style=\"object-position:0% 0%\" width=\"2000\"\/>If\u00f8lge Donald Trump blir han avbildet mens han blunker.  Foto: Mike Segar \/ AP \/ NTB<\/p>\n<ul aria-hidden=\"true\" class=\"_images_ntbth_112\">\n<li><a class=\"_link_ntbth_117\" href=\"https:\/\/www.vg.no\/forfatter\/ntb\" style=\"z-index:1\" title=\"NTB\" rel=\"nofollow noopener\" target=\"_blank\"><img alt=\"Bilde av NTB\" class=\"_image_ntbth_93\" fetchpriority=\"low\" loading=\"lazy\" decoding=\"async\" itemprop=\"image\"  src=\"https:\/\/www.europesays.com\/no\/wp-content\/uploads\/2026\/01\/1767306548_506_c33980b0-5d07-4027-84a1-813f90a7c8d6.png\"  width=\"480\"\/><\/a><\/li>\n<\/ul>\n<p> Oppdatert torsdag 1. januar kl. 23:03     <\/p>\n<p class=\"_paragraph_o9xde_4 _paragraph_xtcu6_10 layout-component text-serif-m layout-normal text-serif-m layout-padded\">I intervjuet med\u00a0<a href=\"https:\/\/www.wsj.com\/us-news\/as-signs-of-aging-emerge-trump-responds-with-defiance-769c5dcd\" class=\"_link_o9xde_39\" rel=\"nofollow noopener\" target=\"_blank\">The Wall Street Journal<\/a>\u00a0f\u00f8rste nytt\u00e5rsdag forsvarer 79 \u00e5r gamle Trump sin egen helse, som han beskriver som \u00abperfekt\u00bb. Han uttrykker videre frustrasjon over at det er s\u00e5 mye oppmerksomhet rundt helsa hans.<\/p>\n<p class=\"_paragraph_o9xde_4 _paragraph_xtcu6_10 layout-component text-serif-m layout-normal text-serif-m layout-padded\">Trump trekker ogs\u00e5 sin tidligere uttalelse om at han i oktober fikk en MR-unders\u00f8kelse og sier n\u00e5 at det dreide seg om en mindre unders\u00f8kelse.<\/p>\n<p class=\"_paragraph_o9xde_4 _paragraph_xtcu6_10 layout-component text-serif-m layout-normal text-serif-m layout-padded\">Trumps lege, Sean Barbabella, bekrefter overfor avisa at det var en CT-unders\u00f8kelse og sier at den ble gjennomf\u00f8rt for \u00e5 utelukke noen kardiovaskul\u00e6re problemer.<\/p>\n<p>Bl\u00e5merker<\/p>\n<p class=\"_paragraph_o9xde_4 _paragraph_xtcu6_10 layout-component text-serif-m layout-normal text-serif-m layout-padded\">I Trumps andre presidentperiode er det stilt flere sp\u00f8rsm\u00e5l rundt presidentens helsetilstand. Hans h\u00f8yre h\u00e5nd viser vedvarende bl\u00e5merker, ofte dekket med tykk sminke og tidvis en bandasje. Anklene har ogs\u00e5 fremst\u00e5tt hovne.<\/p>\n<p><img alt=\"Trumps bl\u00e5merke \u2013 her fra august i \u00e5r.   Foto: Brian Snyder \/ Reuters \/ NTB\" class=\"_image_qp4xg_65 layout-component layout-normal\" data-fullscreen- data-track-element-type=\"Article image fullscreen\" data-track-name=\"ImageFullscreen\" decoding=\"async\" loading=\"lazy\" height=\"3667\" itemprop=\"image\"  src=\"https:\/\/www.europesays.com\/no\/wp-content\/uploads\/2026\/01\/61c3dc7a-0721-46b3-8d5d-af0829dde5c8.jpeg\"  style=\"object-position:0% 0%\" width=\"5500\"\/>Trumps bl\u00e5merke \u2013 her fra august i \u00e5r.   Foto: Brian Snyder \/ Reuters \/ NTB<\/p>\n<p class=\"_paragraph_o9xde_4 _paragraph_xtcu6_10 layout-component text-serif-m layout-normal text-serif-m layout-padded\">Republikaneren forklarer merkene med at han tar aspirin daglig som blodfortynnende.<\/p>\n<p class=\"_paragraph_o9xde_4 _paragraph_xtcu6_10 layout-component text-serif-m layout-normal text-serif-m layout-padded\">\u2013 Jeg vil ikke ha tykt blod som str\u00f8mmer gjennom hjertet mitt, sier han til WSJ.<\/p>\n<p>\u2013 Er litt overtroisk<\/p>\n<p class=\"_paragraph_o9xde_4 _paragraph_xtcu6_10 layout-component text-serif-m layout-normal text-serif-m layout-padded\">Trump sier at han tar mer aspirin enn legene anbefaler fordi han har tatt det i over 25 \u00e5r.<\/p>\n<p class=\"_paragraph_o9xde_4 _paragraph_xtcu6_10 layout-component text-serif-m layout-normal text-serif-m layout-padded\">\u2013 Jeg er litt overtroisk, sier han.<\/p>\n<p class=\"_paragraph_o9xde_4 _paragraph_xtcu6_10 layout-component text-serif-m layout-normal text-serif-m layout-padded\">Trump tar 325 milligram aspirin daglig, if\u00f8lge Barbabella.<\/p>\n<p><img alt=\"Trumps bl\u00e5merke fotografert i september \u2013 her er det dekket med sminke.   Foto: AARON SCHWARTZ \/ POOL \/ EPA \/ NTB\" class=\"_image_qp4xg_65 layout-component layout-normal\" data-fullscreen- data-track-element-type=\"Article image fullscreen\" data-track-name=\"ImageFullscreen\" decoding=\"async\" loading=\"lazy\" height=\"3194\" itemprop=\"image\"  src=\"https:\/\/www.europesays.com\/no\/wp-content\/uploads\/2026\/01\/d37feb8e-17c3-4164-acb0-b19b66c670b4.jpeg\"  style=\"object-position:0% 0%\" width=\"4791\"\/>Trumps bl\u00e5merke fotografert i september \u2013 her er det dekket med sminke.   Foto: AARON SCHWARTZ \/ POOL \/ EPA \/ NTB<\/p>\n<p class=\"_paragraph_o9xde_4 _paragraph_xtcu6_10 layout-component text-serif-m layout-normal text-serif-m layout-padded\">\u2013 Jeg vil ha fint, tynt blod som str\u00f8mmer gjennom hjertet mitt. Gir det mening?<\/p>\n<p class=\"_paragraph_o9xde_4 _paragraph_xtcu6_10 layout-component text-serif-m layout-normal text-serif-m layout-padded\">Aspirin virker febernedsettende og smertestillende og inneholder acetylsalisylsyre som ogs\u00e5 kan motvirke dannelse av blodpropp, if\u00f8lge\u00a0<a href=\"https:\/\/www.dmp.no\/nyheter\/bruk-av-acetylsalisylsyre-ved-mistanke-om-hjerteinfarkt\" class=\"_link_o9xde_39\" rel=\"nofollow noopener\" target=\"_blank\">Direktoratet for medisinske produkter\u00a0<\/a>i Norge.<\/p>\n<p>Glipper med \u00f8ynene<\/p>\n<p class=\"_paragraph_o9xde_4 _paragraph_xtcu6_10 layout-component text-serif-m layout-normal text-serif-m layout-padded\">Tidvis har Trump i sin andre periode ogs\u00e5 tydelig slitt med \u00e5 holde \u00f8ynene \u00e5pne, blant annet under et TV-sendte m\u00f8te om helse i Det ovale kontor i november.<\/p>\n<p class=\"_paragraph_o9xde_4 _paragraph_xtcu6_10 layout-component text-serif-m layout-normal text-serif-m layout-padded\">Temaet er politisk \u00f8mfintlig for Trump, som stadig kalte sin demokratiske forgjenger Joe Biden for \u00abs\u00f8vnig\u00bb og kalte ham \u00absleepy Joe\u00bb.<\/p>\n<p class=\"_paragraph_o9xde_4 _paragraph_xtcu6_10 layout-component text-serif-m layout-normal text-serif-m layout-padded\">Trump avviser enhver antydning om at han tar seg en blund i offentligheten.<\/p>\n<p class=\"_paragraph_o9xde_4 _paragraph_xtcu6_10 layout-component text-serif-m layout-normal text-serif-m layout-padded\">\u2013 Jeg har aldri v\u00e6rt en storsover, sier Trump og legger til at han aldri har sovet mye om nettene.<\/p>\n<p>Kosthold og trening<\/p>\n<p class=\"_paragraph_o9xde_4 _paragraph_xtcu6_10 layout-component text-serif-m layout-normal text-serif-m layout-padded\">De gangene han ser ut til \u00e5 slumre, er i realiteten bare noen \u00f8yeblikks avslapning, if\u00f8lge presidenten.<\/p>\n<p class=\"_paragraph_o9xde_4 _paragraph_xtcu6_10 layout-component text-serif-m layout-normal text-serif-m layout-padded\">\u2013 Jeg bare lukker. Det er veldig avslappende for meg. Av og til tar de et bilde av meg mens jeg blunker, blunker, og de fanger meg akkurat i blunket, sier Trump.<\/p>\n<p><img alt=\"Donald Trump fotografert mens han forlater Air Force One.   Foto: ANDREW CABALLERO-REYNOLDS \/ AFP \/ NTB\" class=\"_image_qp4xg_65 layout-component layout-normal\" data-fullscreen- data-track-element-type=\"Article image fullscreen\" data-track-name=\"ImageFullscreen\" decoding=\"async\" loading=\"lazy\" height=\"3371\" itemprop=\"image\"  src=\"https:\/\/www.europesays.com\/no\/wp-content\/uploads\/2026\/01\/455e4625-4d28-437d-b0be-16de768304e8.jpeg\"  style=\"object-position:0% 0%\" width=\"5057\"\/>Donald Trump fotografert mens han forlater Air Force One.   Foto: ANDREW CABALLERO-REYNOLDS \/ AFP \/ NTB<\/p>\n<p class=\"_paragraph_o9xde_4 _paragraph_xtcu6_10 layout-component text-serif-m layout-normal text-serif-m layout-padded\">Biden var 82 \u00e5r da han gikk av og ble dermed USAs eldste president noensinne. Trump ventes \u00e5 sl\u00e5 denne rekorden i innev\u00e6rende periode.<\/p>\n<p class=\"_paragraph_o9xde_4 _paragraph_xtcu6_10 layout-component text-serif-m layout-normal text-serif-m layout-padded\">Sett bort ifra sine opphold p\u00e5 golfbanen trener Trump sjelden, og han har i \u00e5revis v\u00e6rt \u00e5pen om sin forkj\u00e6rlighet for hurtigmat med h\u00f8yt innhold av fett og salt.<\/p>\n<p class=\"_paragraph_o9xde_4 _paragraph_xtcu6_10 layout-component text-serif-m layout-normal text-serif-m layout-padded\">I intervjuet avviste Trump ogs\u00e5 at han sliter med h\u00f8rselen og sier det bare er vanskelig for ham \u00e5 h\u00f8re \u00abn\u00e5r det er mange folk som snakker\u00bb. Han sier videre at han har mye energi, hvilket han tilskriver sine gener.<\/p>\n<p>    <img decoding=\"async\" alt=\"Tips oss illustrasjon\" src=\"https:\/\/www.europesays.com\/no\/wp-content\/uploads\/2025\/10\/pssst-small.webp.webp\"\/>    <\/p>\n<p class=\"title-serif-s\">Har du tips?<\/p>\n<p class=\"text-sans-m\">Send oss informasjon, bilder eller video.<\/p>\n<p>  <a href=\"https:\/\/www.vg.no\/tips-oss\" rel=\"nofollow noopener\" target=\"_blank\"> Tips oss <\/a>      <\/p>\n","protected":false},"excerpt":{"rendered":"USAs president Donald Trump gir mange\u00e5rig aspirinbruk skylda for store bl\u00e5merker p\u00e5 h\u00e5nden. I et ferskt intervju nekter&hellip;\n","protected":false},"author":2,"featured_media":126619,"comment_status":"","ping_status":"","sticky":false,"template":"","format":"standard","meta":{"footnotes":""},"categories":[10],"tags":[1238,31,20,21,55,24,25,15,96,22,23,13,30,28,29,14,16,26,27],"class_list":{"0":"post-126618","1":"post","2":"type-post","3":"status-publish","4":"format-standard","5":"has-post-thumbnail","7":"category-norge","8":"tag-amerikansk-politikk","9":"tag-breaking","10":"tag-breaking-news","11":"tag-breakingnews","12":"tag-donald-trump","13":"tag-featured-news","14":"tag-featurednews","15":"tag-headlines","16":"tag-joe-biden","17":"tag-latest-news","18":"tag-latestnews","19":"tag-news","20":"tag-no","21":"tag-norge","22":"tag-norway","23":"tag-nyheter","24":"tag-overskrifter","25":"tag-top-stories","26":"tag-topstories"},"share_on_mastodon":{"url":"https:\/\/pubeurope.com\/@no\/115822209520689539","error":""},"_links":{"self":[{"href":"https:\/\/www.europesays.com\/no\/wp-json\/wp\/v2\/posts\/126618","targetHints":{"allow":["GET"]}}],"collection":[{"href":"https:\/\/www.europesays.com\/no\/wp-json\/wp\/v2\/posts"}],"about":[{"href":"https:\/\/www.europesays.com\/no\/wp-json\/wp\/v2\/types\/post"}],"author":[{"embeddable":true,"href":"https:\/\/www.europesays.com\/no\/wp-json\/wp\/v2\/users\/2"}],"replies":[{"embeddable":true,"href":"https:\/\/www.europesays.com\/no\/wp-json\/wp\/v2\/comments?post=126618"}],"version-history":[{"count":0,"href":"https:\/\/www.europesays.com\/no\/wp-json\/wp\/v2\/posts\/126618\/revisions"}],"wp:featuredmedia":[{"embeddable":true,"href":"https:\/\/www.europesays.com\/no\/wp-json\/wp\/v2\/media\/126619"}],"wp:attachment":[{"href":"https:\/\/www.europesays.com\/no\/wp-json\/wp\/v2\/media?parent=126618"}],"wp:term":[{"taxonomy":"category","embeddable":true,"href":"https:\/\/www.europesays.com\/no\/wp-json\/wp\/v2\/categories?post=126618"},{"taxonomy":"post_tag","embeddable":true,"href":"https:\/\/www.europesays.com\/no\/wp-json\/wp\/v2\/tags?post=126618"}],"curies":[{"name":"wp","href":"https:\/\/api.w.org\/{rel}","templated":true}]}}