{"id":126631,"date":"2026-01-01T22:44:15","date_gmt":"2026-01-01T22:44:15","guid":{"rendered":"https:\/\/www.europesays.com\/no\/126631\/"},"modified":"2026-01-01T22:44:15","modified_gmt":"2026-01-01T22:44:15","slug":"trafikk-ulykker-og-hendelser-trafikkulykke-pa-e6-i-levanger","status":"publish","type":"post","link":"https:\/\/www.europesays.com\/no\/126631\/","title":{"rendered":"Trafikk, Ulykker og hendelser | Trafikkulykke p\u00e5 E6 i Levanger"},"content":{"rendered":"\n<p><b>LEVANGER:<\/b> If\u00f8lge Vegtrafikksentralen har det v\u00e6rt en ulykke p\u00e5 E6 ved Storsveet, \u00f8verst i Vuddudalen.<\/p>\n<p>En bil har kj\u00f8rt av vegen.<\/p>\n<p>\u2013 Vi har ikke opplysninger om personskade, forteller operasjonsleder Martin Hammervik Aarhoug ved Tr\u00f8ndelag politidistrikt til Tr\u00f8nder-Avisa.<\/p>\n<p>Ulykken ble meldt til politiet klokka 19.41. <\/p>\n<p>F\u00f8rer har selv tatt kontakt med bilberger. Det skal ikke v\u00e6re skader p\u00e5 kj\u00f8ret\u00f8yet, som ble st\u00e5ende halvveis ut i vegbanen.<\/p>\n<p>E6 er \u00e5pen, men det er if\u00f8lge Statens vegvesen fare for stengt veg i begge retninger i forbindelse med bilberging.<\/p>\n","protected":false},"excerpt":{"rendered":"LEVANGER: If\u00f8lge Vegtrafikksentralen har det v\u00e6rt en ulykke p\u00e5 E6 ved Storsveet, \u00f8verst i Vuddudalen. En bil har&hellip;\n","protected":false},"author":2,"featured_media":126632,"comment_status":"","ping_status":"","sticky":false,"template":"","format":"standard","meta":{"footnotes":""},"categories":[5],"tags":[36,20,21,24,25,15,19,22,23,492,17,18,13,30,28,29,14,16,1510,26,27,224,941],"class_list":{"0":"post-126631","1":"post","2":"type-post","3":"status-publish","4":"format-standard","5":"has-post-thumbnail","7":"category-overskrifter","8":"tag-art","9":"tag-breaking-news","10":"tag-breakingnews","11":"tag-featured-news","12":"tag-featurednews","13":"tag-headlines","14":"tag-hovedoppslag","15":"tag-latest-news","16":"tag-latestnews","17":"tag-levanger","18":"tag-main-news","19":"tag-mainnews","20":"tag-news","21":"tag-no","22":"tag-norge","23":"tag-norway","24":"tag-nyheter","25":"tag-overskrifter","26":"tag-story","27":"tag-top-stories","28":"tag-topstories","29":"tag-trafikk","30":"tag-ulykker-og-hendelser"},"share_on_mastodon":{"url":"https:\/\/pubeurope.com\/@no\/115822268551404122","error":""},"_links":{"self":[{"href":"https:\/\/www.europesays.com\/no\/wp-json\/wp\/v2\/posts\/126631","targetHints":{"allow":["GET"]}}],"collection":[{"href":"https:\/\/www.europesays.com\/no\/wp-json\/wp\/v2\/posts"}],"about":[{"href":"https:\/\/www.europesays.com\/no\/wp-json\/wp\/v2\/types\/post"}],"author":[{"embeddable":true,"href":"https:\/\/www.europesays.com\/no\/wp-json\/wp\/v2\/users\/2"}],"replies":[{"embeddable":true,"href":"https:\/\/www.europesays.com\/no\/wp-json\/wp\/v2\/comments?post=126631"}],"version-history":[{"count":0,"href":"https:\/\/www.europesays.com\/no\/wp-json\/wp\/v2\/posts\/126631\/revisions"}],"wp:featuredmedia":[{"embeddable":true,"href":"https:\/\/www.europesays.com\/no\/wp-json\/wp\/v2\/media\/126632"}],"wp:attachment":[{"href":"https:\/\/www.europesays.com\/no\/wp-json\/wp\/v2\/media?parent=126631"}],"wp:term":[{"taxonomy":"category","embeddable":true,"href":"https:\/\/www.europesays.com\/no\/wp-json\/wp\/v2\/categories?post=126631"},{"taxonomy":"post_tag","embeddable":true,"href":"https:\/\/www.europesays.com\/no\/wp-json\/wp\/v2\/tags?post=126631"}],"curies":[{"name":"wp","href":"https:\/\/api.w.org\/{rel}","templated":true}]}}