{"id":126635,"date":"2026-01-01T22:49:07","date_gmt":"2026-01-01T22:49:07","guid":{"rendered":"https:\/\/www.europesays.com\/no\/126635\/"},"modified":"2026-01-01T22:49:07","modified_gmt":"2026-01-01T22:49:07","slug":"savnet-savnet-person-sok-etter-ung-mann-i-tromso-forsvant-fra-fest-nyttarsaften","status":"publish","type":"post","link":"https:\/\/www.europesays.com\/no\/126635\/","title":{"rendered":"Savnet, Savnet Person | S\u00f8k etter ung mann i Troms\u00f8 \u2013 forsvant fra fest nytt\u00e5rsaften"},"content":{"rendered":"\n<p>Store letemannskaper har gjennom kvelden s\u00f8kt etter en ung mann som forsvant fra en fest nytt\u00e5rsaften. <\/p>\n<p>Det melder Troms politidistrikt torsdag klokken 23.00. Samtidig ble s\u00f8ket intensivert. <\/p>\n<p>\u2013 Mannen ble sist sett i det han forlot en fest p\u00e5 Troms\u00f8ya like etter kl. 23.00 i g\u00e5r kveld. <\/p>\n<p>Det p\u00e5g\u00e5r s\u00f8k med brannb\u00e5t, politihund, politidrone, if\u00f8lge politiet. <\/p>\n<p>\u2013 S\u00f8ket utvides n\u00e5 med mannskaper fra Norsk Folkehjelp, R\u00f8de Kors, Norske Redningshunder og Redningssk\u00f8yta, melder politiet.<\/p>\n<p>Meldt savnet i kveld<\/p>\n<p>Operasjonsleder Eirik Kileng ved Troms politidistrikt sier det dreier seg om en mann under 20 \u00e5r. Han forlot festen uten \u00e5 gi noen signaler om hvor han dro. Festen var p\u00e5 \u00f8stsiden av Troms\u00f8ya.<\/p>\n<p>Han ble meldt savnet av p\u00e5r\u00f8rende klokken 18.30 torsdag kveld. <\/p>\n<p>\u2013 De hadde da lett etter ham selv, og v\u00e6rt i kontakt med andre festdeltakere uten \u00e5 komme videre. <\/p>\n<p>Forsterker s\u00f8ket<\/p>\n<p>Kileng sier de f\u00f8rst startet s\u00f8k med egne ressurser, og s\u00e5 forsterket s\u00f8ket da gutten ikke ble funnet i l\u00f8pet av 1. nytt\u00e5rsdag. <\/p>\n<p>Natt til 2. januar var b\u00e5de frivillige og politiet samlet ved brannstasjonen der s\u00f8ket skal koordineres fra. <\/p>\n<p>De forsterker s\u00f8ket kraftig n\u00e5. Det vil derfor bli merkbar aktivitet.<\/p>\n","protected":false},"excerpt":{"rendered":"Store letemannskaper har gjennom kvelden s\u00f8kt etter en ung mann som forsvant fra en fest nytt\u00e5rsaften. Det melder&hellip;\n","protected":false},"author":2,"featured_media":126636,"comment_status":"","ping_status":"","sticky":false,"template":"","format":"standard","meta":{"footnotes":""},"categories":[12],"tags":[36,20,21,24,25,15,22,23,13,30,28,29,14,16,48,2377,14874,1510,26,27,42,43,44,45],"class_list":{"0":"post-126635","1":"post","2":"type-post","3":"status-publish","4":"format-standard","5":"has-post-thumbnail","7":"category-verden","8":"tag-art","9":"tag-breaking-news","10":"tag-breakingnews","11":"tag-featured-news","12":"tag-featurednews","13":"tag-headlines","14":"tag-latest-news","15":"tag-latestnews","16":"tag-news","17":"tag-no","18":"tag-norge","19":"tag-norway","20":"tag-nyheter","21":"tag-overskrifter","22":"tag-savnet","23":"tag-savnet-person","24":"tag-solk","25":"tag-story","26":"tag-top-stories","27":"tag-topstories","28":"tag-verden","29":"tag-world","30":"tag-world-news","31":"tag-worldnews"},"share_on_mastodon":{"url":"https:\/\/pubeurope.com\/@no\/115822288072301324","error":""},"_links":{"self":[{"href":"https:\/\/www.europesays.com\/no\/wp-json\/wp\/v2\/posts\/126635","targetHints":{"allow":["GET"]}}],"collection":[{"href":"https:\/\/www.europesays.com\/no\/wp-json\/wp\/v2\/posts"}],"about":[{"href":"https:\/\/www.europesays.com\/no\/wp-json\/wp\/v2\/types\/post"}],"author":[{"embeddable":true,"href":"https:\/\/www.europesays.com\/no\/wp-json\/wp\/v2\/users\/2"}],"replies":[{"embeddable":true,"href":"https:\/\/www.europesays.com\/no\/wp-json\/wp\/v2\/comments?post=126635"}],"version-history":[{"count":0,"href":"https:\/\/www.europesays.com\/no\/wp-json\/wp\/v2\/posts\/126635\/revisions"}],"wp:featuredmedia":[{"embeddable":true,"href":"https:\/\/www.europesays.com\/no\/wp-json\/wp\/v2\/media\/126636"}],"wp:attachment":[{"href":"https:\/\/www.europesays.com\/no\/wp-json\/wp\/v2\/media?parent=126635"}],"wp:term":[{"taxonomy":"category","embeddable":true,"href":"https:\/\/www.europesays.com\/no\/wp-json\/wp\/v2\/categories?post=126635"},{"taxonomy":"post_tag","embeddable":true,"href":"https:\/\/www.europesays.com\/no\/wp-json\/wp\/v2\/tags?post=126635"}],"curies":[{"name":"wp","href":"https:\/\/api.w.org\/{rel}","templated":true}]}}