{"id":12664,"date":"2025-08-19T22:02:48","date_gmt":"2025-08-19T22:02:48","guid":{"rendered":"https:\/\/www.europesays.com\/no\/12664\/"},"modified":"2025-08-19T22:02:48","modified_gmt":"2025-08-19T22:02:48","slug":"dnb-carnegies-anbefaling-pa-scatec-multiconsult-og-ambea","status":"publish","type":"post","link":"https:\/\/www.europesays.com\/no\/12664\/","title":{"rendered":"DNB Carnegies anbefaling p\u00e5 Scatec, Multiconsult og Ambea"},"content":{"rendered":"<p><b>Fra Scatec\u00a0<\/b>venter vi i dag en Q2-rapport som viser at proporsjonal EBITDA for kvartalet kom inn p\u00e5 NOK 983 mill., hvilket er noe lavere enn konsensforventningene p\u00e5 NOK 1006 mill. Videre venter vi at tilsvarende andel netto gjeld ved utgangen av kvartalet l\u00e5 p\u00e5 NOK 18.8 mrd. Kursen stengte i g\u00e5r p\u00e5 NOK 103.20 pr. aksje og etter v\u00e5rt syn er dette f\u00f8r eventuelle endringer p\u00e5 grunnlag av dagens oppdatering en fair refleksjon av vekstutsiktene fremover. For \u00e5 l\u00f8fte verdsettelsen videre mener vi det vil v\u00e6re behov for akselerert fremdrift p\u00e5 utviklingsprosjektene og parallelt med dette ogs\u00e5 en h\u00f8yere takt i transaksjonsmarkedet. Inn mot dagens rapport har vi hatt<b>\u00a0en holdanbefaling p\u00e5 Scatec med et kursm\u00e5l p\u00e5 NOK 108 pr. aksje. \u00a0\u00a0\u00a0\u00a0<br \/>\u00a0<\/b><br \/><b>I Multiconsult\u00a0<\/b>venter vi i dag en rapport p\u00e5virket av at det var f\u00e6rre arbeidsdager i Q2 i \u00e5r enn i tilsvarende kvartal i fjor. Det betyr at vi for perioden estimerer en begrenset topplinjevekst p\u00e5 1 % \u00e5r\/\u00e5r til NOK 1.4 mrd. Videre venter vi en EPS for kvartalet p\u00e5 NOK 2.86. I midten av juni annonserte selskapet en overtakelse av ViaNova, et selskap med 129 ansatte. Mer om b\u00e5de dette oppkj\u00f8pet, samt planene for videre organisk og uorganisk vekst vil i kombinasjon med eventuelle oppdateringer av arbeidet med \u00e5 finne en ny CEO v\u00e6re i fokus ved dagens gjennomgang.\u00a0<b>F\u00f8r eventuelle endringer har vi her en <a href=\"https:\/\/www.dnb.no\/portalfrontapp\/markets\/aksjehandel-v10\/#\/company\/MULTI.OL\" target=\"_blank\" rel=\"nofollow noopener\">kj\u00f8psanbefaling<\/a> med et kursm\u00e5l p\u00e5 NOK 220 pr. aksje.\u00a0<\/b>Kursen stengte i g\u00e5r p\u00e5 NOK 204 pr. aksje.<b> <\/b><\/p>\n<p>I tillegg til et oppkj\u00f8p i Finland venter vi at kostnadseffekter p\u00e5 grunn av p\u00e5sken ogs\u00e5 vil p\u00e5virke kvartalstallene<b>\u00a0Ambea<\/b>\u00a0i dag legger fram for Q2. Selskapet driver omsorgsboliger og -hjem i hele Norden og flere h\u00f8ytidsdager i et kvartal vil trekke kostnadene opp for selskapets enheter i den perioden. Rapportert inntjening vil denne gang ogs\u00e5 bli belastet med engangseffekter av oppkj\u00f8pet i Finland. Vi venter imidlertid samtidig at den finske virksomheten allerede vil bidra med en EBITA p\u00e5 SEK 33 mill. av en samlet rapportert EBITA for hele konsernet p\u00e5 SEK258 mill. Ambea stengte i g\u00e5r p\u00e5 SEK 115 pr. aksje og\u00a0<b>vi har f\u00f8r eventuelle endringer en <a href=\"https:\/\/www.dnb.no\/portalfrontapp\/markets\/aksjehandel-v10\/#\/company\/AMBEA.ST\" target=\"_blank\" rel=\"nofollow noopener\">kj\u00f8psanbefaling<\/a> med et kursm\u00e5l p\u00e5 SEK 135 pr. aksje.<\/b><\/p>\n","protected":false},"excerpt":{"rendered":"Fra Scatec\u00a0venter vi i dag en Q2-rapport som viser at proporsjonal EBITDA for kvartalet kom inn p\u00e5 NOK&hellip;\n","protected":false},"author":2,"featured_media":12665,"comment_status":"","ping_status":"","sticky":false,"template":"","format":"standard","meta":{"footnotes":""},"categories":[56],"tags":[184,60,185,61,62,30,28,29],"class_list":{"0":"post-12664","1":"post","2":"type-post","3":"status-publish","4":"format-standard","5":"has-post-thumbnail","7":"category-naeringsliv","8":"tag-aksjer","9":"tag-business","10":"tag-dnb-carnegie","11":"tag-economy","12":"tag-naeringsliv","13":"tag-no","14":"tag-norge","15":"tag-norway"},"share_on_mastodon":{"url":"","error":""},"_links":{"self":[{"href":"https:\/\/www.europesays.com\/no\/wp-json\/wp\/v2\/posts\/12664","targetHints":{"allow":["GET"]}}],"collection":[{"href":"https:\/\/www.europesays.com\/no\/wp-json\/wp\/v2\/posts"}],"about":[{"href":"https:\/\/www.europesays.com\/no\/wp-json\/wp\/v2\/types\/post"}],"author":[{"embeddable":true,"href":"https:\/\/www.europesays.com\/no\/wp-json\/wp\/v2\/users\/2"}],"replies":[{"embeddable":true,"href":"https:\/\/www.europesays.com\/no\/wp-json\/wp\/v2\/comments?post=12664"}],"version-history":[{"count":0,"href":"https:\/\/www.europesays.com\/no\/wp-json\/wp\/v2\/posts\/12664\/revisions"}],"wp:featuredmedia":[{"embeddable":true,"href":"https:\/\/www.europesays.com\/no\/wp-json\/wp\/v2\/media\/12665"}],"wp:attachment":[{"href":"https:\/\/www.europesays.com\/no\/wp-json\/wp\/v2\/media?parent=12664"}],"wp:term":[{"taxonomy":"category","embeddable":true,"href":"https:\/\/www.europesays.com\/no\/wp-json\/wp\/v2\/categories?post=12664"},{"taxonomy":"post_tag","embeddable":true,"href":"https:\/\/www.europesays.com\/no\/wp-json\/wp\/v2\/tags?post=12664"}],"curies":[{"name":"wp","href":"https:\/\/api.w.org\/{rel}","templated":true}]}}