{"id":126657,"date":"2026-01-01T23:44:12","date_gmt":"2026-01-01T23:44:12","guid":{"rendered":"https:\/\/www.europesays.com\/no\/126657\/"},"modified":"2026-01-01T23:44:12","modified_gmt":"2026-01-01T23:44:12","slug":"dette-er-den-ekte-historien","status":"publish","type":"post","link":"https:\/\/www.europesays.com\/no\/126657\/","title":{"rendered":"Dette er den ekte historien"},"content":{"rendered":"<p>Noe som har vekket stor oppmerksomhet denne romjulen, er den nye dramaserien p\u00e5 TV 2 \u2013 \u00abFlukten fra Bolivia\u00bb.\u00a0<\/p>\n<p>Et fiksjonsdrama inspirert av virkelige hendelser.<\/p>\n<p>Siden serien ble sluppet har den ligget p\u00e5 topplisten p\u00e5 TV 2 Play, og flere husker kanskje den mye omtalte saken.<\/p>\n<p>        <img class=\"image__img lazyload\" itemprop=\"image\" title=\"Foto: Charlie Sperring \/ TV 2\" alt=\"DRAMASERIE: I hovedrollen som \u00abIda\u00bb finner vi Ella \u00d8verbye. Foto: Charlie Sperring \/ TV 2\" width=\"675\" height=\"453\" bad-src=\"https:\/\/www.europesays.com\/no\/wp-content\/uploads\/2026\/01\/18420957.webp.jpeg\" fetchpriority=\"auto\" \/><\/p>\n<p>      DRAMASERIE: I hovedrollen som \u00abIda\u00bb finner vi Ella \u00d8verbye.<br \/>\n         Foto: Charlie Sperring \/ TV 2<\/p>\n<p>Om du har f\u00e5tt med deg saken fra gammelt av, eller har f\u00e5tt \u00f8ynene opp for den n\u00e5 \u2013 her f\u00e5r du en oversikt over hva som utspilte seg da tre unge venninner fikk livene snudd p\u00e5 hodet etter kokainbeslag.\u00a0<\/p>\n<p>P\u00e5gripes for kokainsmugling<\/p>\n<p>Vi spoler tilbake til mai 2008.\u00a0<\/p>\n<p>Den da 17 \u00e5r gamle Stina Brendemo Hagen, 21 \u00e5r gamle Madeleine Rodriguez, hennes to \u00e5r gamle datter, og den 18 \u00e5r gamle Lillesand-kvinnen, reiste til Cochabamba i Bolivia.<\/p>\n<p>Livet til de tre unge jentene var i ferd med \u00e5 bli forandret for alltid, men det visste de ikke da de satt seg p\u00e5 flyet til varmere str\u00f8k.\u00a0<\/p>\n<p>F\u00f8rst n\u00e5r reisen har kommet til veis ende, og returen til Norge st\u00e5r for tur, g\u00e5r det fullstendig galt.<\/p>\n<p>P\u00e5 flyplassen blir de tre unge kvinnene p\u00e5grepet for \u00e5 smugle flere kilo kokain.<\/p>\n<p>Fordelt i flere sportsbager blir det funnet 22,4 kilo kokain.\u00a0<\/p>\n<p>Norsk politi justerte dette senere ned til 11 kilo, da det kom frem at politiet i Bolivia hadde veid b\u00e5de emballasje og bagene i tillegg.<\/p>\n<p>P\u00e5 flyplassen startet marerittet for de unge jentene.<\/p>\n<p>Krevende forhold i fengsel<\/p>\n<p>Kvinnene f\u00e5r ikke entre flyet som skal ta dem tilbake til hjemlandet, i stedet sendes de til et av landets fattigste kvinnefengsler \u2013\u00a0C\u00e1rcel de San Sebasti\u00e1n Mujeres.\u00a0<\/p>\n<p>Forholdene har blitt beskrevet som sv\u00e6rt krevende av kvinnene.\u00a0<\/p>\n<p>Fengselet er kraftig overbefolket, med sv\u00e6rt d\u00e5rlige sanit\u00e6re forhold og h\u00f8y risiko for sykdomsspredning.\u00a0<\/p>\n<p>        <img class=\"image__img lazyload\" itemprop=\"image\" title=\"Foto: Stian Lysberg Solum \/ NTB\" alt=\"KVINNEFENGSEL: Stina Brendemo Hagen p\u00e5 vei inn til kvinnefengselet San Sebasti\u00e1n i Cochabamba i 2010. Foto: Stian Lysberg Solum \/ NTB\" width=\"978\" height=\"551\" bad-src=\"https:\/\/www.europesays.com\/no\/wp-content\/uploads\/2026\/01\/18421547.webp.jpeg\" fetchpriority=\"auto\" \/><\/p>\n<p>      KVINNEFENGSEL: Stina Brendemo Hagen p\u00e5 vei inn til kvinnefengselet San Sebasti\u00e1n i Cochabamba i 2010.<br \/>\n         Foto: Stian Lysberg Solum \/ NTB<\/p>\n<p>Mange av de innsatte er m\u00f8dre med sm\u00e5 barn, som i mangel p\u00e5 alternativ omsorg bor sammen med barna sine inne i fengselet.<\/p>\n<p>Flere innsatte f\u00f8der ogs\u00e5 mens de sitter fengslet \u2013 dette blir ogs\u00e5 tilfellet for to av de norske kvinnene. Det kommer vi tilbake til.\u00a0<\/p>\n<p>Massiv oppmerksomhet<\/p>\n<p>Samtidig som de tre unge kvinnene opplever sitt livs st\u00f8rste mareritt, f\u00e5r saken massiv medieoppmerksomhet her til lands.\u00a0<\/p>\n<p>Norsk presse str\u00f8mmer til Bolivia.<\/p>\n<p>Hva har egentlig skjedd her, er det store sp\u00f8rsm\u00e5let mange stiller seg.\u00a0<\/p>\n<p>To journalister som kommer ekstra tett p\u00e5 Bolivia-saken, er redakt\u00f8r i magasinet Alfa, Magnus R\u00f8nningen, og frilansjournalist Jonas Forsang.\u00a0<\/p>\n<p>        <img class=\"image__img lazyload\" itemprop=\"image\" title=\"Foto: Stian Lysberg Solum \/ NTB\" alt=\"REDAKT\u00d8R: Magnus S. R\u00f8nningen var redakt\u00f8r i Alfa. Her avbildet under Oslo Fashion Week i 2011. Foto: Stian Lysberg Solum \/ NTB\" width=\"675\" height=\"453\" bad-src=\"https:\/\/www.europesays.com\/no\/wp-content\/uploads\/2026\/01\/18421636.webp.jpeg\" fetchpriority=\"auto\" \/><\/p>\n<p>      REDAKT\u00d8R: Magnus S. R\u00f8nningen var redakt\u00f8r i Alfa. Her avbildet under Oslo Fashion Week i 2011.<br \/>\n         Foto: Stian Lysberg Solum \/ NTB<\/p>\n<p>Disse to skal senere ha en sentral rolle i flukten til Stina Brendemo Hagen.\u00a0<\/p>\n<p>Mer om det senere.\u00a0<\/p>\n<p>        <img class=\"image__img lazyload\" itemprop=\"image\" title=\"Foto: Jon-Michael Josefsen \/ NTB\" alt=\"FRILANSJOURNALIST: Jonas Forsang var journalist i Alfa. Her avbildet i forbindelse med et sjakkarrangement i 2009. Foto: Jon-Michael Josefsen \/ NTB\" width=\"675\" height=\"453\" bad-src=\"https:\/\/www.europesays.com\/no\/wp-content\/uploads\/2026\/01\/18421645.webp.jpeg\" fetchpriority=\"auto\" \/><\/p>\n<p>      FRILANSJOURNALIST: Jonas Forsang var journalist i Alfa. Her avbildet i forbindelse med et sjakkarrangement i 2009.<br \/>\n         Foto: Jon-Michael Josefsen \/ NTB<\/p>\n<p>L\u00f8slatt mot kausjon\u00a0<\/p>\n<p>Brendemo Hagen og Rodriguez ble f\u00f8rst d\u00f8mt til 13 \u00e5rs fengsel for kokainsmugling, f\u00f8r dommen ble satt ned til ti \u00e5r og \u00e5tte m\u00e5neder.<\/p>\n<p>Etter \u00e5 ha tilbrakt ett og et halvt \u00e5r i kvinnefengselet, blir Lillesand-kvinnen l\u00f8slatt mot en kausjon p\u00e5 rundt 100.000 kroner,\u00a0if\u00f8lge\u00a0<a href=\"https:\/\/www.aftenposten.no\/verden\/i\/M3BwB\/kokain-tiltalt-besvimte-i-retten?utm_source=\" rel=\"nofollow noopener\" target=\"_blank\">Aftenposten<\/a>.\u00a0<\/p>\n<p>I kj\u00f8lvannet av dette blir kausjonen hevet til\u00a0400.000 kroner for Brendemo Hagen og 330.000 kroner for Rodriguez.\u00a0<\/p>\n<p>        <img class=\"image__img lazyload\" itemprop=\"image\" title=\"Foto: Stian Lysberg Solum \/ NTB\" alt=\"RETTSSAK: Stina Brendemo Hagen og Madeleine Rodriguez under rettssaken i Cochabamba. Foto: Stian Lysberg Solum \/ NTB\" width=\"675\" height=\"453\" bad-src=\"https:\/\/www.europesays.com\/no\/wp-content\/uploads\/2026\/01\/18421549.webp.jpeg\" fetchpriority=\"auto\" \/><\/p>\n<p>      RETTSSAK: Stina Brendemo Hagen og Madeleine Rodriguez under rettssaken i Cochabamba.<br \/>\n         Foto: Stian Lysberg Solum \/ NTB<\/p>\n<p>I p\u00e5vente av rettssaken skifter Lillesand-kvinnen navn, f\u00e5r n\u00f8dpass med ny identitet, og r\u00f8mmer Bolivia f\u00f8r saken starter.\u00a0<\/p>\n<p>Hun ankommer Norge i februar 2010, fire m\u00e5neder etter l\u00f8slatelsen.\u00a0Ett \u00e5r senere m\u00e5 hun gjennom en rettssak i Norge \u2013 hvor hun blir frifunnet, if\u00f8lge <a href=\"https:\/\/www.nrk.no\/norge\/madelaine-rodriguez-ma-trolig-vente-flere-ar-pa-endelig-dom-1.12536088\" target=\"_blank\" rel=\"nofollow noopener\">NRK<\/a>.<\/p>\n<p>Ble gravid i fengsel\u00a0<\/p>\n<p class=\"no_italic m-no_italic\" data-lab-font_weight=\"\" data-lab-italic=\"\">Samme \u00e5r som Lillesand-kvinnen ankommer Norge, blir det kjent at den da 19 \u00e5r gamle Brendemo Hagen var blitt <a href=\"https:\/\/www.tv2.no\/nyheter\/utenriks\/narkotiltalt-norsk-kvinne-gravid-i-fengselet\/12649997\/\" target=\"_blank\" rel=\"nofollow noopener\">gravid i fengselet<\/a>.<\/p>\n<p class=\"no_italic m-no_italic\" data-lab-font_weight=\"\" data-lab-italic=\"\">Barnefaren\u00a0er en lokal bolivianer som hun ble kjent med gjennom en annen kvinne i fengselet. De m\u00f8ttes da han bes\u00f8kte fengselet som gjest.\u00a0<\/p>\n<p class=\"no_italic m-no_italic\" data-lab-font_weight=\"\" data-lab-italic=\"\">H\u00f8sten 2010 <a href=\"https:\/\/www.tv2.no\/nyheter\/utenriks\/fodte-sonn-i-boliviansk-fengsel\/12808742\/\" target=\"_blank\" rel=\"nofollow noopener\">f\u00f8der hun en s\u00f8nn i fengselet<\/a>. Dette skjer med en jordmor til stede \u2013 finansiert av det nevnte magasinet Alfa, if\u00f8lge <a href=\"https:\/\/www.nrk.no\/kultur\/betalte-jordmor-for-bolivia-domt-1.7316206\" rel=\"nofollow noopener\" target=\"_blank\">NRK<\/a>.\u00a0<\/p>\n<p>        <img class=\"image__img lazyload\" itemprop=\"image\" title=\"Foto: Nano Cartagena \/ AP \/ NTB\" alt=\"BOLIVIA-SAKEN: Madeleine Rodriguez og Stina Brendemo Hagen. Foto: Nano Cartagena \/ AP \/ NTB\" width=\"675\" height=\"439\" bad-src=\"https:\/\/www.europesays.com\/no\/wp-content\/uploads\/2026\/01\/18421790.webp.jpeg\" fetchpriority=\"auto\" \/><\/p>\n<p>      BOLIVIA-SAKEN: Madeleine Rodriguez og Stina Brendemo Hagen.<br \/>\n         Foto: Nano Cartagena \/ AP \/ NTB<\/p>\n<p class=\"no_italic m-no_italic\" data-lab-font_weight=\"\" data-lab-italic=\"\">Rodriguez ble som nevnt varetektsfengslet med sin to \u00e5r gamle datter da kvinnene ble p\u00e5grepet i mai 2008.\u00a0Kort tid etter hjalp Utenriksdepartementet (UD) barnet hjem til Norge.<\/p>\n<p>Flukten fra Bolivia\u00a0<\/p>\n<p>31. juli 2011 blir Brendemo Hagen <a href=\"https:\/\/www.nrk.no\/norge\/madelaine-rodriguez-ma-trolig-vente-flere-ar-pa-endelig-dom-1.12536088\" target=\"_blank\" rel=\"nofollow noopener\">l\u00f8slatt fra fengselet mot kausjon<\/a>, med meldeplikt og krav om \u00e5 oppholde seg i byen.\u00a0<\/p>\n<p>Vilk\u00e5rene blir imidlertid ikke overholdt, og markerer starten p\u00e5 den mye omtalte flukten fra Bolivia.<\/p>\n<p>Med hjelp fra R\u00f8nningen og Forsang i magasinet Alfa, ble det lagt en plan for hvordan hun skulle komme seg hjem til Norge.<\/p>\n<p>If\u00f8lge <a href=\"https:\/\/www.dagbladet.no\/kjendis\/17-ar-seinere-fortsatt-fanget-i-bolivia\/83985545\" target=\"_blank\" rel=\"nofollow noopener\">Dagbladet<\/a> var det milliard\u00e6r Kjetil Holta som l\u00e5nte magasinet fire millioner kroner, for at R\u00f8nningen og Forsang kunne gjennomf\u00f8re flukten.<\/p>\n<p>R\u00f8nningen skal ha opplyst til avisen at han selv betalte 730.000 kroner i utgifter. Magasinet Alfa lagde reportasje p\u00e5 flukten fra Bolivia.<\/p>\n<p><a href=\"https:\/\/www.vg.no\/nyheter\/i\/1KBKW\/journalist-var-med-paa-stina-brendemo-hagens-togflukt\" target=\"_blank\" rel=\"nofollow noopener\">Forsang var med p\u00e5 deler av selve flukten,\u00a0<\/a>og ble senere gudfar til Brendemo Hagens s\u00f8nn, som f\u00e5r navnet Jonas.<\/p>\n<p>        <img class=\"image__img lazyload\" itemprop=\"image\" title=\"Foto: Charlie Sperring \/ TV 2\" alt=\"FRA SERIEN: Ella \u00d8verbye som \u00abIda\u00bb under flukten i dramaserien. Foto: Charlie Sperring \/ TV 2\" width=\"978\" height=\"551\" bad-src=\"https:\/\/www.europesays.com\/no\/wp-content\/uploads\/2026\/01\/18422161.webp.jpeg\" fetchpriority=\"auto\" \/><\/p>\n<p>      FRA SERIEN: Ella \u00d8verbye som \u00abIda\u00bb under flukten i dramaserien.<br \/>\n         Foto: Charlie Sperring \/ TV 2<\/p>\n<p>Med bistand fra tidligere elitesoldater, skal hun ha <a href=\"https:\/\/www.nrk.no\/norge\/brendemo-hagen-er-heime-i-noreg-1.7847399\" target=\"_blank\" rel=\"nofollow noopener\">tatt seg til La Paz i Bolivia,<\/a> f\u00f8r hun <a href=\"https:\/\/www.vg.no\/nyheter\/i\/GpMaJ\/bolivia-stina-flyktet-paa-moped-i-jungelen\" target=\"_blank\" rel=\"nofollow noopener\">fl\u00f8y over Andesfjellene<\/a> til en grenseby.<\/p>\n<p>Videre skal hun og hennes ett \u00e5r gamle s\u00f8nn ha blitt fraktet gjennom jungelen med moped og b\u00e5t, f\u00f8r de til slutt n\u00e5dde Bras\u00edlia, hvor den norske ambassaden ligger.<\/p>\n<p>Flukten fikk imidlertid en br\u00e5 slutt da Brendemo Hagen ikke fikk utstedt n\u00f8dpass, noe som kompliserte flukten ytterligere.\u00a0<\/p>\n<p>Hun m\u00e5tte derfra ta seg til Norge uten gyldige reisedokumenter.\u00a0<\/p>\n<p>I oktober 2011 <a href=\"https:\/\/www.tv2.no\/nyheter\/innenriks\/ny1-bolivia-brendemo-brendemo-hagen-tilbake-i-norge\/13194966\/\" target=\"_blank\" rel=\"nofollow noopener\">ankom hun Norge<\/a> med ferge fra Kiel i Tyskland, etter en lang reise gjennom Europa. <\/p>\n<p>Brendemo Hagen kunne n\u00e5 leve som en fri kvinne, ettersom norske myndigheter valgte \u00e5 ikke straffeforf\u00f8lge henne.<\/p>\n<p>Dette gj\u00f8r de i dag\u00a0<\/p>\n<p>De tre kvinnene som var involvert i Bolivia-saken, lever i dag sv\u00e6rt ulike liv.<\/p>\n<p>    <a class=\"article__link\" data-ga-active-label=\"\" data-ga-active-label-animation=\"\" href=\"https:\/\/www.tv2.no\/nyheter\/bolivia-madeleine-til-tv-2-jeg-synes-faktisk-den-har-blitt-jaevlig-bra\/18421560\/\" rel=\"nofollow noopener\" target=\"_blank\"><\/p>\n<p>    <img class=\"image__img lazyload\" itemprop=\"image\" title=\"\" alt=\"\" width=\"978\" height=\"411\" bad-src=\"https:\/\/www.europesays.com\/no\/wp-content\/uploads\/2026\/01\/18421670.webp.jpeg\" fetchpriority=\"auto\" \/><\/p>\n<p>\n            Bolivia-Madeleine til TV 2: \u2013 Jeg synes faktisk den har blitt j\u00e6vlig bra\n        <\/p>\n<p>    <\/a><\/p>\n<p>Rodriguez oppholder seg fortsatt i Bolivia \u2013 uten mulighet til \u00e5 vende hjem til Norge.<\/p>\n<p>Etter \u00e5tte \u00e5r i varetekt ble hun<a href=\"https:\/\/www.tv2.no\/nyheter\/utenriks\/bolivia-madelaine-29-er-satt-fri\/8419893\/\" target=\"_blank\" rel=\"nofollow noopener\"> l\u00f8slatt mot kausjon i 2016<\/a>, men dommen er fremdeles ikke rettskraftig. Hun m\u00e5 derfor oppholde seg i Cochabamba uten \u00e5 kunne forlate verken byen eller landet.\u00a0<\/p>\n<p>I l\u00f8pet av tiden i S\u00f8r-Amerika har hun f\u00e5tt\u00a0tre barn, if\u00f8lge <a href=\"https:\/\/www.vg.no\/nyheter\/i\/y53KAE\/flukten-fra-bolivia-madelaine-rodriguez-om-tv-serien\" target=\"_blank\" rel=\"nofollow noopener\">VG<\/a>.\u00a0<\/p>\n<p>Datteren som ble hentet hjem av UD er n\u00e5 19 \u00e5r gammel og lever i Norge.<\/p>\n<p>Hva som vil skje videre, er uklart.<\/p>\n<p>B\u00e5de Brendemo Hagen og Lillesand-kvinnen lever tilbaketrukne liv i Norge, borte fra offentlighetens s\u00f8kelys.\u00a0<\/p>\n<p> Det er viktig \u00e5 f\u00e5 frem at det finnes tre ulike historier til denne saken. Hva som egentlig utspilte seg i forkant av denne skjebnesvangre dagen i mai 2008, er det f\u00e5 som faktisk vet. <\/p>\n<p>Rodriguez uttalte til <a href=\"https:\/\/www.tv2.no\/nyheter\/bolivia-madeleine-til-tv-2-jeg-synes-faktisk-den-har-blitt-jaevlig-bra\/18421560\/\" target=\"_blank\" rel=\"nofollow noopener\">TV 2<\/a> at hun syns serien har truffet p\u00e5 hvordan ting faktisk var. Carl Bore, som representerer Lillesand-kvinnen, har imidlertid en annen oppfatning.\u00a0<\/p>\n<p>Hans klient reagerer sterkt p\u00e5 hvordan hun blir fremstilt i serien.\u00a0<\/p>\n","protected":false},"excerpt":{"rendered":"Noe som har vekket stor oppmerksomhet denne romjulen, er den nye dramaserien p\u00e5 TV 2 \u2013 \u00abFlukten fra&hellip;\n","protected":false},"author":2,"featured_media":126658,"comment_status":"","ping_status":"","sticky":false,"template":"","format":"standard","meta":{"footnotes":""},"categories":[10],"tags":[20,21,24,25,15,22,23,13,30,28,29,14,16,26,27],"class_list":{"0":"post-126657","1":"post","2":"type-post","3":"status-publish","4":"format-standard","5":"has-post-thumbnail","7":"category-norge","8":"tag-breaking-news","9":"tag-breakingnews","10":"tag-featured-news","11":"tag-featurednews","12":"tag-headlines","13":"tag-latest-news","14":"tag-latestnews","15":"tag-news","16":"tag-no","17":"tag-norge","18":"tag-norway","19":"tag-nyheter","20":"tag-overskrifter","21":"tag-top-stories","22":"tag-topstories"},"share_on_mastodon":{"url":"https:\/\/pubeurope.com\/@no\/115822504329915658","error":""},"_links":{"self":[{"href":"https:\/\/www.europesays.com\/no\/wp-json\/wp\/v2\/posts\/126657","targetHints":{"allow":["GET"]}}],"collection":[{"href":"https:\/\/www.europesays.com\/no\/wp-json\/wp\/v2\/posts"}],"about":[{"href":"https:\/\/www.europesays.com\/no\/wp-json\/wp\/v2\/types\/post"}],"author":[{"embeddable":true,"href":"https:\/\/www.europesays.com\/no\/wp-json\/wp\/v2\/users\/2"}],"replies":[{"embeddable":true,"href":"https:\/\/www.europesays.com\/no\/wp-json\/wp\/v2\/comments?post=126657"}],"version-history":[{"count":0,"href":"https:\/\/www.europesays.com\/no\/wp-json\/wp\/v2\/posts\/126657\/revisions"}],"wp:featuredmedia":[{"embeddable":true,"href":"https:\/\/www.europesays.com\/no\/wp-json\/wp\/v2\/media\/126658"}],"wp:attachment":[{"href":"https:\/\/www.europesays.com\/no\/wp-json\/wp\/v2\/media?parent=126657"}],"wp:term":[{"taxonomy":"category","embeddable":true,"href":"https:\/\/www.europesays.com\/no\/wp-json\/wp\/v2\/categories?post=126657"},{"taxonomy":"post_tag","embeddable":true,"href":"https:\/\/www.europesays.com\/no\/wp-json\/wp\/v2\/tags?post=126657"}],"curies":[{"name":"wp","href":"https:\/\/api.w.org\/{rel}","templated":true}]}}