{"id":126659,"date":"2026-01-01T23:58:18","date_gmt":"2026-01-01T23:58:18","guid":{"rendered":"https:\/\/www.europesays.com\/no\/126659\/"},"modified":"2026-01-01T23:58:18","modified_gmt":"2026-01-01T23:58:18","slug":"mesternes-mester-nrk-mesternes-mester-huset-koster-nesten-300-000-kroner","status":"publish","type":"post","link":"https:\/\/www.europesays.com\/no\/126659\/","title":{"rendered":"Mesternes Mester, NRK | \u00abMesternes mester\u00bb-huset: Koster nesten 300.000 kroner"},"content":{"rendered":"\n<p>COSTA BRAVA, SPANIA (Nettavisen): Denne helgen er \u00abMesternes mester\u00bb tilbake med en ny sesong p\u00e5 NRK.<\/p>\n<p>For f\u00f8rste gang p\u00e5 fem \u00e5r <a rel=\"Follow nofollow noopener\" href=\"https:\/\/www.nettavisen.no\/kjendis\/disse-deltar-i-den-nye-sesongen-av-mesternes-mester-pa-nrk\/s\/5-95-2579475\" target=\"_blank\">foreg\u00e5r innspillingen utenlands igjen<\/a>. Stedet er Spania, n\u00e6rmeste bestemt Costa Brava-omr\u00e5det p\u00e5 kysten utenfor storbyen Barcelona p\u00e5 det spanske fastlandet.<\/p>\n<p><b>Les ogs\u00e5: <a rel=\"Follow nofollow noopener\" href=\"https:\/\/www.nettavisen.no\/kjendis\/disse-deltar-i-den-nye-sesongen-av-mesternes-mester-pa-nrk\/s\/5-95-2579475\" target=\"_blank\">Stor \u00abMesternes\u00bb-endring: Dropper Norge<\/a><\/b><\/p>\n<p>De ti deltakerne har bodd sv\u00e6rt staselig i villaen Can Lledo utenfor byen Girona. Huset ligger langt oppe i i \u00e5ssiden med utsikt over fjellene.<\/p>\n<p>\u2013 Beliggenheten var utslagsgivende for valget. Huset ligger i h\u00f8yden, isolert med stor hage, basseng, tennisbane og flere uteomr\u00e5der som egner seg til filming, sier produsent i Nordisk Banijay, Thor Arne Ulveraker, til Nettavisen.<\/p>\n<p>Prislapppen sjokkerer<\/p>\n<p>Villaen p\u00e5 hele 400 kvadratmeter har seks soverom fordelt p\u00e5 fire etasjer. Hvert soverom har eget bad, og det finnes ogs\u00e5 et eget spillrom med fasiliteter som biljard og bordtennis.<\/p>\n<p>Huset er allerede brukt flere ganger i den svenske versjonen av \u00abMesternes mester, som sendes p\u00e5 SVT, blant annet i sesongen som gikk p\u00e5 TV i 2025.<\/p>\n<p>   <img decoding=\"async\" width=\"5712\" height=\"4284\" fetchpriority=\"low\"  loading=\"lazy\"  src=\"https:\/\/www.europesays.com\/no\/wp-content\/uploads\/2026\/01\/img_6053.jpg\" alt=\"\" class=\"brick-c-cFOWSL\" style=\"--brick-image-ratio: 5712 \/ 4284;\"\/><\/p>\n<p>      P\u00c5 SVENSK TV: \u00c5rets hus har ogs\u00e5 v\u00e6rt brukt i den svenske versjonen.<br \/>\n      Foto: Marcus Brenden (Nettavisen)\n    <\/p>\n<p>   <img decoding=\"async\" width=\"5712\" height=\"4284\" fetchpriority=\"low\"  loading=\"lazy\"  src=\"https:\/\/www.europesays.com\/no\/wp-content\/uploads\/2026\/01\/img_6063.jpg\" alt=\"\" class=\"brick-c-cFOWSL\" style=\"--brick-image-ratio: 5712 \/ 4284;\"\/><\/p>\n<p>      UTSIKT: Bassenget ble flittig brukt av deltakerne.<br \/>\n      Foto: Marcus Brenden (Nettavisen)\n    <\/p>\n<p>   <img decoding=\"async\" width=\"5712\" height=\"4284\" fetchpriority=\"low\"  loading=\"lazy\"  src=\"https:\/\/www.europesays.com\/no\/wp-content\/uploads\/2026\/01\/img_6208.jpg\" alt=\"\" class=\"brick-c-cFOWSL\" style=\"--brick-image-ratio: 5712 \/ 4284;\"\/><\/p>\n<p>      DET BER\u00d8MTE BORDET: Her har deltakerne tilbrakt mange timer.<br \/>\n      Foto: Marcus Brenden (Nettavisen)\n    <\/p>\n<p>Huset eies av et britisk ektepar som bruker det til utleie. Men det er langt fra gratis \u00e5 bo i den gamle steinvillaen, som opprinnelig har v\u00e6rt en bondeg\u00e5rd.<\/p>\n<p>Et raskt s\u00f8k p\u00e5 nett viser at det koster 7000 britiske pund, rundt 95.000 norske kroner, \u00e5 leie villaen i \u00e9n uke i september, samme m\u00e5ned som innspillingen fant sted. Det gir en d\u00f8gnpris p\u00e5 13.500 kroner.<\/p>\n<p>Innspillingen varte i tre uker, noe som gir en totalt prislapp p\u00e5 n\u00e6rmere 300.000.<\/p>\n<p>   <img decoding=\"async\" width=\"5712\" height=\"4284\" fetchpriority=\"low\"  loading=\"lazy\"  src=\"https:\/\/www.europesays.com\/no\/wp-content\/uploads\/2026\/01\/img_6067.jpg\" alt=\"\" class=\"brick-c-cFOWSL\" style=\"--brick-image-ratio: 5712 \/ 4284;\"\/><\/p>\n<p>      SOFAKROK: Huset har flere sitte- og sofagrupper.<br \/>\n      Foto: Marcus Brenden (Nettavisen)\n    <\/p>\n<p>Produksjonsselskapet Nordisk Banijay, som har produsert \u00abMesternes mester\u00bb, \u00f8nsker imidlertid ikke \u00e5 svare p\u00e5 hvor mye de har betalt for \u00e5 leie huset i innspillingsperioden. De uttaler til Nettavisen at \u00abhuset var innenfor budsjettet\u00bb.<\/p>\n<p>Produsent Thor Arne Ulveraker er str\u00e5lende forn\u00f8yd med innspillingen i huset.<\/p>\n<p>\u2013 Det har v\u00e6rt helt perfekt i \u00e5r. Ingen nabohus for tett p\u00e5 gjorde at deltakerne fikk ro og slappet godt av mellom slagene. Ferief\u00f8lelsen som vi \u00f8nsket \u00e5 gi, kom fra aller f\u00f8rste dag, sier han.<\/p>\n<p>   <img decoding=\"async\" width=\"720\" height=\"540\" fetchpriority=\"low\"  loading=\"lazy\"  src=\"https:\/\/www.europesays.com\/no\/wp-content\/uploads\/2026\/01\/img_6057_720.jpg\" alt=\"\" class=\"brick-c-cFOWSL\" style=\"--brick-image-ratio: 720 \/ 540;\"\/><\/p>\n<p>      KJ\u00d8KKEN: Nettavisen bes\u00f8kte huset under innspillingen i Spania i h\u00f8st.<br \/>\n      Foto: Marcus Brenden (Nettavisen)\n    <\/p>\n<p>   <img decoding=\"async\" width=\"720\" height=\"540\" fetchpriority=\"low\"  loading=\"lazy\"  src=\"https:\/\/www.europesays.com\/no\/wp-content\/uploads\/2026\/01\/img_6074_720.jpg\" alt=\"\" class=\"brick-c-cFOWSL\" style=\"--brick-image-ratio: 720 \/ 540;\"\/><\/p>\n<p>      SPILLROM: Med biljard og bordtennis.<br \/>\n      Foto: Marcus Brenden (Nettavisen)\n    <\/p>\n<p>  \u2013 Elsker gammel, spansk stil<\/p>\n<p>\u00c5rets deltakere i \u00abMesternes mester\u00bb er Mushaga Bakenga, Edvald Boasson-Hagen, Isabell Herlovsen, Ayla \u00c5gren, Emil Lybekk, Isabelle Pedersen, Jarl Magnus Riiber, Marte Olsbu R\u00f8iseland, Kristin St\u00f8rmer Steira og Daniel-Andr\u00e9 Tande.<\/p>\n<p>Nettavisen bes\u00f8kte huset under innspillingen i Spania i h\u00f8st, og da kunne deltakerne avsl\u00f8re at de stortrivdes i huset.<\/p>\n<p><b>Les ogs\u00e5: <a rel=\"Follow nofollow noopener\" href=\"https:\/\/www.nettavisen.no\/kjendis\/skal-vi-danse-dommer-cengiz-al-blir-far-for-tredje-gang-nekter-a-gjore-dette\/s\/5-95-2792919\" target=\"_blank\">Far for tredje gang: Nekter \u00e5 gj\u00f8re dette<\/a><\/b><\/p>\n<p>\u2013 Jeg synes det har v\u00e6rt helt nydelig. Jeg har koset meg gl\u00f8gg i huset. Men jeg skulle gjerne hatt litt mer tid der, for det var lange dager, sier tidligere skihopper Daniel-Andr\u00e9 Tande (31) til Nettavisen.<\/p>\n<p>Ogs\u00e5 d\u00f8dser Emil Lybekk (32) likte seg:<\/p>\n<p>\u2013 Jeg elsker gammel, spansk stil, s\u00e5 det var dr\u00f8mmehuset. Men det kunne v\u00e6rt litt n\u00e6rmere stranda, sier han lurt.<\/p>\n","protected":false},"excerpt":{"rendered":"COSTA BRAVA, SPANIA (Nettavisen): Denne helgen er \u00abMesternes mester\u00bb tilbake med en ny sesong p\u00e5 NRK. For f\u00f8rste&hellip;\n","protected":false},"author":2,"featured_media":126660,"comment_status":"","ping_status":"","sticky":false,"template":"","format":"standard","meta":{"footnotes":""},"categories":[10],"tags":[20,21,24,25,15,22,23,13,30,28,29,14,16,26,27],"class_list":{"0":"post-126659","1":"post","2":"type-post","3":"status-publish","4":"format-standard","5":"has-post-thumbnail","7":"category-norge","8":"tag-breaking-news","9":"tag-breakingnews","10":"tag-featured-news","11":"tag-featurednews","12":"tag-headlines","13":"tag-latest-news","14":"tag-latestnews","15":"tag-news","16":"tag-no","17":"tag-norge","18":"tag-norway","19":"tag-nyheter","20":"tag-overskrifter","21":"tag-top-stories","22":"tag-topstories"},"share_on_mastodon":{"url":"https:\/\/pubeurope.com\/@no\/115822559445967764","error":""},"_links":{"self":[{"href":"https:\/\/www.europesays.com\/no\/wp-json\/wp\/v2\/posts\/126659","targetHints":{"allow":["GET"]}}],"collection":[{"href":"https:\/\/www.europesays.com\/no\/wp-json\/wp\/v2\/posts"}],"about":[{"href":"https:\/\/www.europesays.com\/no\/wp-json\/wp\/v2\/types\/post"}],"author":[{"embeddable":true,"href":"https:\/\/www.europesays.com\/no\/wp-json\/wp\/v2\/users\/2"}],"replies":[{"embeddable":true,"href":"https:\/\/www.europesays.com\/no\/wp-json\/wp\/v2\/comments?post=126659"}],"version-history":[{"count":0,"href":"https:\/\/www.europesays.com\/no\/wp-json\/wp\/v2\/posts\/126659\/revisions"}],"wp:featuredmedia":[{"embeddable":true,"href":"https:\/\/www.europesays.com\/no\/wp-json\/wp\/v2\/media\/126660"}],"wp:attachment":[{"href":"https:\/\/www.europesays.com\/no\/wp-json\/wp\/v2\/media?parent=126659"}],"wp:term":[{"taxonomy":"category","embeddable":true,"href":"https:\/\/www.europesays.com\/no\/wp-json\/wp\/v2\/categories?post=126659"},{"taxonomy":"post_tag","embeddable":true,"href":"https:\/\/www.europesays.com\/no\/wp-json\/wp\/v2\/tags?post=126659"}],"curies":[{"name":"wp","href":"https:\/\/api.w.org\/{rel}","templated":true}]}}