{"id":126661,"date":"2026-01-02T00:18:09","date_gmt":"2026-01-02T00:18:09","guid":{"rendered":"https:\/\/www.europesays.com\/no\/126661\/"},"modified":"2026-01-02T00:18:09","modified_gmt":"2026-01-02T00:18:09","slug":"familiens-bonn-etter-drapet","status":"publish","type":"post","link":"https:\/\/www.europesays.com\/no\/126661\/","title":{"rendered":"Familiens b\u00f8nn etter drapet"},"content":{"rendered":"\n<p class=\"_lead_o9xde_2 _lead_xtcu6_50 layout-component text-serif-m layout-normal text-serif-l layout-component layout-wide layout-padded _wide_17hqh_1 layout-padded\">Familien til den drepte kvinnen i R\u00f6nninge i Sverige ber om at bilder og personopplysninger ikke spres.<\/p>\n<p><img alt=\"Det brutale drapet i R\u00f6nninge har rystet Sverige. Foto: Nils Petter Nilsson\/TT\" class=\"_image_qp4xg_65 layout-component layout-wide\" data-fullscreen- data-track-element-type=\"Article image fullscreen\" data-track-name=\"ImageFullscreen\" fetchpriority=\"high\" decoding=\"sync\" loading=\"eager\" height=\"5464\" itemprop=\"image\"  src=\"https:\/\/www.europesays.com\/no\/wp-content\/uploads\/2026\/01\/aeb6656d-821d-4696-9d99-cb207fdda621.png\"  style=\"object-position:0% 0%\" width=\"8192\"\/>Det brutale drapet i R\u00f6nninge har rystet Sverige. Foto: Nils Petter Nilsson\/TT<\/p>\n<ul aria-hidden=\"true\" class=\"_images_ntbth_112\">\n<li><a class=\"_link_ntbth_117\" href=\"https:\/\/www.vg.no\/forfatter\/mona-langset\" style=\"z-index:1\" title=\"Mona Langset\" rel=\"nofollow noopener\" target=\"_blank\"><img alt=\"Bilde av Mona Langset\" class=\"_image_ntbth_93\" fetchpriority=\"low\" loading=\"lazy\" decoding=\"async\" itemprop=\"image\"  src=\"https:\/\/www.europesays.com\/no\/wp-content\/uploads\/2026\/01\/a592f7b8-d654-4432-9d92-e2e2e0017167.jpeg\"  width=\"480\"\/><\/a><\/li>\n<\/ul>\n<p> Oppdatert fredag 2. januar kl. 00:49    <\/p>\n<ul class=\"_list_o9xde_3 _list_64s2r_85 _unordered_o9xde_106 text-sans-m\">\n<li class=\"_item_o9xde_30\">Familien til den drepte kvinnen i R\u00f6nninge ber mediene og publikum om \u00e5 respektere deres privatliv.<\/li>\n<li class=\"_item_o9xde_30\">En innsamlingsaksjon har samlet inn over \u00e9n million kroner til familen.<\/li>\n<li class=\"_item_o9xde_30\">En 26-\u00e5ring er p\u00e5grepet og mistenkt for drapet.<\/li>\n<\/ul>\n<p>Vis mer <\/p>\n<p class=\"_paragraph_o9xde_4 _paragraph_xtcu6_10 layout-component text-serif-m layout-normal text-serif-m layout-padded\">Etter det brutale drapet p\u00e5 en 25 \u00e5r gammel kvinne i R\u00f6nninge i romjulen, kommer familien n\u00e5 med en klar beskjed til medier og allmennhet.<\/p>\n<p class=\"_paragraph_o9xde_4 _paragraph_xtcu6_10 layout-component text-serif-m layout-normal text-serif-m layout-padded\">\u2013 Vi ber media og publikum om \u00e5 vise forst\u00e5else og respektere v\u00e5rt personvern ved \u00e5 avst\u00e5 fra \u00e5 publisere eller distribuere bilder, navn eller annen personlig informasjon om datteren v\u00e5r og andre familiemedlemmer, skriver TT. <\/p>\n<p class=\"_paragraph_o9xde_4 _paragraph_xtcu6_10 layout-component text-serif-m layout-normal text-serif-m layout-padded\">Den unge kvinnen ble kidnappet i R\u00f6nninge i Salem natt til andre juledag, og funnet d\u00f8d to dager senere. En 26-\u00e5rig svenske er p\u00e5grepet for drapet.<\/p>\n<p class=\"_paragraph_o9xde_4 _paragraph_xtcu6_10 layout-component text-serif-m layout-normal text-serif-m layout-padded\">\u2013 St\u00f8tten betyr mye for oss, sier familien gjennom en talsperson til det svenske nyhetsbyr\u00e5et TT.<\/p>\n<p class=\"_paragraph_o9xde_4 _paragraph_xtcu6_10 layout-component text-serif-m layout-normal text-serif-m layout-padded\">Samtidig takker de for all varme, omtanke og de fine initiativene som s\u00e5 mange har vist.<\/p>\n<p class=\"_paragraph_o9xde_4 _paragraph_xtcu6_10 layout-component text-serif-m layout-normal text-serif-m layout-padded\">Men familien understreker at de n\u00e5 trenger tid og eget rom, og at de derfor ikke kommer til \u00e5 kommentere hendelsen eller eventuelle nye opplysninger.<\/p>\n<p> Millioninnsamling til familien<\/p>\n<p class=\"_paragraph_o9xde_4 _paragraph_xtcu6_10 layout-component text-serif-m layout-normal text-serif-m layout-padded\">Engasjementet rundt saken har v\u00e6rt enormt. En innsamlingsaksjon har samlet inn over \u00e9n million kroner til den drepte kvinnens familie, skriver <a href=\"https:\/\/www.aftonbladet.se\/nojesbladet\/a\/8pmWBW\/en-miljon-kronor-insamlat-till-mordade-kvinnan-i-ronninge?utm_source=sdrn%3Avg%3Aarticle%3AGxGqBx\" class=\"_link_o9xde_39\" rel=\"nofollow noopener\" target=\"_blank\">Aftonbladet.<\/a><\/p>\n<p class=\"_paragraph_o9xde_4 _paragraph_xtcu6_10 layout-component text-serif-m layout-normal text-serif-m layout-padded\">Katia Mosally, som tok initiativ til innsamlingen, beskriver engasjementet som \u00aben strime av lys i m\u00f8rket\u00bb.<\/p>\n<p><img alt=\"Minnestedet ved R\u00f6nninge torg i Salem er full av blomster til minne om en lokal kvinne som ble funnet drept 28. desember.   Foto: Anders Wiklund\/TT \/ TT Nyhetsbyr\u00e5n \/ NTB\" class=\"_image_qp4xg_65 layout-component layout-normal\" data-fullscreen- data-track-element-type=\"Article image fullscreen\" data-track-name=\"ImageFullscreen\" decoding=\"async\" loading=\"lazy\" height=\"5504\" itemprop=\"image\"  src=\"https:\/\/www.europesays.com\/no\/wp-content\/uploads\/2026\/01\/5ee1a931-ca6c-4861-8da6-af401266edeb.png\"  style=\"object-position:0% 0%\" width=\"8256\"\/>Minnestedet ved R\u00f6nninge torg i Salem er full av blomster til minne om en lokal kvinne som ble funnet drept 28. desember.   Foto: Anders Wiklund\/TT \/ TT Nyhetsbyr\u00e5n \/ NTB<\/p>\n<p class=\"_paragraph_o9xde_4 _paragraph_xtcu6_10 layout-component text-serif-m layout-normal text-serif-m layout-padded\">\u2013 Man blir s\u00e5 ber\u00f8rt av hennes urettferdige skjebne. En ung, vanlig jente som gikk av toget. Dette burde ikke skje, sier hun til Aftonbladet.<\/p>\n<p class=\"_paragraph_o9xde_4 _paragraph_xtcu6_10 layout-component text-serif-m layout-normal text-serif-m layout-padded\">P\u00e5 bare f\u00e5 timer ga 10.000 mennesker penger for \u00e5 sikre at den avd\u00f8de kvinnen f\u00e5r en fin begravelse.<\/p>\n<p> Forsvant fra togstasjonen<\/p>\n<p class=\"_paragraph_o9xde_4 _paragraph_xtcu6_10 layout-component text-serif-m layout-normal text-serif-m layout-padded\">Det var natt til andre juledag at den 25 \u00e5r gamle kvinnen ble meldt savnet da hun ikke kom hjem i Salem kommune, s\u00f8rvest for Stockholm. <a href=\"https:\/\/www.vg.no\/nyheter\/i\/OkpmvO\/forsvinningssak-ryster-sverige-kvinne-25-funnet-doed\" data-track-element-type=\"Link\" data-track-id=\"link:OkpmvO\" class=\"_link_o9xde_39\" rel=\"nofollow noopener\" target=\"_blank\">Hun forsvant etter \u00e5 ha g\u00e5tt av toget p\u00e5 R\u00f6nninge stasjon.<\/a><\/p>\n<p><img alt=\"Det var denne togstasjonen kvinnen forsvant fra.   Foto: Nils Petter Nilsson\/TT \/ TT Nyhetsbyr\u00e5n \/ NTB\" class=\"_image_qp4xg_65 layout-component layout-normal\" data-fullscreen- data-track-element-type=\"Article image fullscreen\" data-track-name=\"ImageFullscreen\" decoding=\"async\" loading=\"lazy\" height=\"4000\" itemprop=\"image\"  src=\"https:\/\/www.europesays.com\/no\/wp-content\/uploads\/2026\/01\/f6f61546-8697-405a-9ec7-33b9f3910b90.jpeg\"  style=\"object-position:0% 0%\" width=\"6000\"\/>Det var denne togstasjonen kvinnen forsvant fra.   Foto: Nils Petter Nilsson\/TT \/ TT Nyhetsbyr\u00e5n \/ NTB<\/p>\n<p class=\"_paragraph_o9xde_4 _paragraph_xtcu6_10 layout-component text-serif-m layout-normal text-serif-m layout-padded\">Ett d\u00f8gn senere bekreftet politiet at kvinnen var funnet d\u00f8d.<\/p>\n<p class=\"_paragraph_o9xde_4 _paragraph_xtcu6_10 layout-component text-serif-m layout-normal text-serif-m layout-padded\">P\u00e5r\u00f8rende som lette etter henne fant 25-\u00e5ringens hodetelefoner litt over 500 meter fra stasjonen. Like ved fant de ogs\u00e5 strips, en hammer og bremsespor.<\/p>\n<p> Tidligere d\u00f8mt for kidnappingsfors\u00f8k<\/p>\n<p class=\"_paragraph_o9xde_4 _paragraph_xtcu6_10 layout-component text-serif-m layout-normal text-serif-m layout-padded\">En 26 \u00e5r gammel mann er p\u00e5grepet og mistenkt for drapet. <a href=\"https:\/\/www.vg.no\/nyheter\/i\/L4Aq7J\/drapsmistenkt-mann-i-salem-i-sverige-tidligere-doemt-for-kidnappingsforsoek-45-aaring-loeslatt\" data-track-element-type=\"Link\" data-track-id=\"link:L4Aq7J\" class=\"_link_o9xde_39\" rel=\"nofollow noopener\" target=\"_blank\">Vedkommende er tidligere d\u00f8mt for kidnappingsfors\u00f8k.<\/a><\/p>\n<p class=\"_paragraph_o9xde_4 _paragraph_xtcu6_10 layout-component text-serif-m layout-normal text-serif-m layout-padded\">If\u00f8lge <a href=\"https:\/\/www.expressen.se\/nyheter\/sverige\/mordet-pa-25-arig-kvinna-i-ronninge-fyra-punkter\/\" class=\"_link_o9xde_39\" rel=\"nofollow noopener\" target=\"_blank\">Expressen<\/a> fors\u00f8kte han \u00e5 kidnappe en 10 \u00e5r gammel jente for syv \u00e5r siden. Jenta greide \u00e5 r\u00f8mme.<\/p>\n<p class=\"_paragraph_o9xde_4 _paragraph_xtcu6_10 layout-component text-serif-m layout-normal text-serif-m layout-padded\">Personen har ogs\u00e5 v\u00e6rt i besittelse av overgrepsmateriale av barn, og skal ha s\u00f8kt p\u00e5 \u00abhvordan gj\u00f8re noen bevisstl\u00f8s\u00bb, \u00abhvordan voldta\u00bb og \u00abdate rape drug\u00bb i forkant av den gamle kidnappingssaken. Han ble d\u00f8mt til to \u00e5r og fire m\u00e5neders fengsel.<\/p>\n<p class=\"_paragraph_o9xde_4 _paragraph_xtcu6_10 layout-component text-serif-m layout-normal text-serif-m layout-padded\">I dag jobber den mistenkte som sj\u00e5f\u00f8r for en matgrossist som kj\u00f8rer ut r\u00e5varer i Stockholm. If\u00f8lge <a href=\"https:\/\/www.aftonbladet.se\/nyheter\/a\/Okp1aw\/sag-vilma-andersson-leverera-mat-till-kafe-efter-mordet\" class=\"_link_o9xde_39\" rel=\"nofollow noopener\" target=\"_blank\">Aftonbladet<\/a> ble han sett levere mat til et kaf\u00e9 p\u00e5 S\u00f6dermalm l\u00f8rdag morgen, bare timer f\u00f8r han ble p\u00e5grepet.<\/p>\n<p><img alt=\"Foto: Nils Petter Nilsson\/TT \/ TT Nyhetsbyr\u00e5n \/ NTB\" class=\"_image_qp4xg_65 layout-component layout-normal\" data-fullscreen- data-track-element-type=\"Article image fullscreen\" data-track-name=\"ImageFullscreen\" decoding=\"async\" loading=\"lazy\" height=\"5464\" itemprop=\"image\"  src=\"https:\/\/www.europesays.com\/no\/wp-content\/uploads\/2026\/01\/53188e55-e8c8-42d3-9f13-3ca579f5a2f7.png\"  style=\"object-position:0% 0%\" width=\"8192\"\/>Foto: Nils Petter Nilsson\/TT \/ TT Nyhetsbyr\u00e5n \/ NTB<\/p>\n<p class=\"_paragraph_o9xde_4 _paragraph_xtcu6_10 layout-component text-serif-m layout-normal text-serif-m layout-padded\">26-\u00e5ringen ble p\u00e5grepet l\u00f8rdag kveld i et skogsomr\u00e5de. Flere svenske medier har skrevet at han ble tatt p\u00e5 fersk gjerning mens han var i ferd med \u00e5 grave ned kvinnens kroppsdeler.<\/p>\n<p class=\"_paragraph_o9xde_4 _paragraph_xtcu6_10 layout-component text-serif-m layout-normal text-serif-m layout-padded\">Han er mistenkt for drap og grov vold. Da han ble satt i varetekt tirsdag, erkjente han grov vold, men nektet for drapet, if\u00f8lge Expressen. <\/p>\n<p class=\"_paragraph_o9xde_4 _paragraph_xtcu6_10 layout-component text-serif-m layout-normal text-serif-m layout-padded\">Politiet mener alt tyder p\u00e5 at den mistenkte valgte sitt offer tilfeldig og at han og kvinnen ikke kjente hverandre.<\/p>\n","protected":false},"excerpt":{"rendered":"Familien til den drepte kvinnen i R\u00f6nninge i Sverige ber om at bilder og personopplysninger ikke spres. Det&hellip;\n","protected":false},"author":2,"featured_media":126662,"comment_status":"","ping_status":"","sticky":false,"template":"","format":"standard","meta":{"footnotes":""},"categories":[12],"tags":[20,21,24,25,15,22,23,13,30,28,29,14,16,26,27,42,46,43,44,45],"class_list":{"0":"post-126661","1":"post","2":"type-post","3":"status-publish","4":"format-standard","5":"has-post-thumbnail","7":"category-verden","8":"tag-breaking-news","9":"tag-breakingnews","10":"tag-featured-news","11":"tag-featurednews","12":"tag-headlines","13":"tag-latest-news","14":"tag-latestnews","15":"tag-news","16":"tag-no","17":"tag-norge","18":"tag-norway","19":"tag-nyheter","20":"tag-overskrifter","21":"tag-top-stories","22":"tag-topstories","23":"tag-verden","24":"tag-vgai","25":"tag-world","26":"tag-world-news","27":"tag-worldnews"},"share_on_mastodon":{"url":"https:\/\/pubeurope.com\/@no\/115822638124774488","error":""},"_links":{"self":[{"href":"https:\/\/www.europesays.com\/no\/wp-json\/wp\/v2\/posts\/126661","targetHints":{"allow":["GET"]}}],"collection":[{"href":"https:\/\/www.europesays.com\/no\/wp-json\/wp\/v2\/posts"}],"about":[{"href":"https:\/\/www.europesays.com\/no\/wp-json\/wp\/v2\/types\/post"}],"author":[{"embeddable":true,"href":"https:\/\/www.europesays.com\/no\/wp-json\/wp\/v2\/users\/2"}],"replies":[{"embeddable":true,"href":"https:\/\/www.europesays.com\/no\/wp-json\/wp\/v2\/comments?post=126661"}],"version-history":[{"count":0,"href":"https:\/\/www.europesays.com\/no\/wp-json\/wp\/v2\/posts\/126661\/revisions"}],"wp:featuredmedia":[{"embeddable":true,"href":"https:\/\/www.europesays.com\/no\/wp-json\/wp\/v2\/media\/126662"}],"wp:attachment":[{"href":"https:\/\/www.europesays.com\/no\/wp-json\/wp\/v2\/media?parent=126661"}],"wp:term":[{"taxonomy":"category","embeddable":true,"href":"https:\/\/www.europesays.com\/no\/wp-json\/wp\/v2\/categories?post=126661"},{"taxonomy":"post_tag","embeddable":true,"href":"https:\/\/www.europesays.com\/no\/wp-json\/wp\/v2\/tags?post=126661"}],"curies":[{"name":"wp","href":"https:\/\/api.w.org\/{rel}","templated":true}]}}