{"id":126669,"date":"2026-01-02T01:16:16","date_gmt":"2026-01-02T01:16:16","guid":{"rendered":"https:\/\/www.europesays.com\/no\/126669\/"},"modified":"2026-01-02T01:16:16","modified_gmt":"2026-01-02T01:16:16","slug":"klar-beskjed-til-trump","status":"publish","type":"post","link":"https:\/\/www.europesays.com\/no\/126669\/","title":{"rendered":"Klar beskjed til Trump"},"content":{"rendered":"<p class=\"kicker \" style=\"\">Gr\u00f8nland:<\/p>\n<p>  &#8211; Det har p\u00e5virket oss alle, sier Gr\u00f8nlands regjeringssjef om presset fra USA i \u00e5rets nytt\u00e5rstale.<\/p>\n<p>\n    KLART BUDSKAP: &#8211; Landet v\u00e5rt ikke kan kj\u00f8pes, sier Gr\u00f8nlands regjeringssjef i \u00e5rets nytt\u00e5rstale. Foto: FREDERICK FLORIN \/ AFP \/ NTB\n  <\/p>\n<p>Gr\u00f8nlands regjeringssjef\u00a0Jens-Frederik Nielsen nevnte ikke Donald Trump ved navn i sine nytt\u00e5rstale, men det var likevel ikke vanskelig \u00e5 forst\u00e5 at at budskapet til tider var rettet mot den amerikanske presidenten.<\/p>\n<p>&#8211; Mangelen p\u00e5 respekt og nedlatenheten som er blitt vist overfor landet v\u00e5rt, har p\u00e5virket oss alle, sa Nielsen, som er leder for Naalakkersuisut, Gr\u00f8nlands regjering, i nytt\u00e5rstalen.<\/p>\n<p>        GR\u00d8NLAND: Da USAs visepresident JD Vance ble intervjuet p\u00e5 Fox News 3. februar, fortalte han hva president Donald Trumps planer er for Gr\u00f8nland. Video: Fox News<\/p>\n<p>I talen trakk han fram amerikansk interesse for Gr\u00f8nland og snakket om mangel p\u00e5 respekt. Han viste blant annet til demonstrasjonen mot USA og Trump som ble holdt i Nuuk 15. mars.<\/p>\n<p>Han forteller hvordan demonstrasjonen endte med \u00e5 bli en av de st\u00f8rste i landets historie.<\/p>\n<p>&#8211; Budskapet er at landet v\u00e5rt ikke kan kj\u00f8pes eller er til salgs, sa Nielsen i talen.<\/p>\n<p>&#8211; Hendelsene de siste dagene har dessverre gjort at vi har m\u00e5ttet gjenta dette budskapet, la han til.<\/p>\n<p>President Donald Trump gjentok rett f\u00f8r jul at USA \u00abtrenger Gr\u00f8nland\u00bb av hensyn til USAs nasjonale sikkerhet. B\u00e5de Danmark og Gr\u00f8nland avviser kravet.<\/p>\n<p>        <img loading=\"lazy\" decoding=\"async\" src=\"https:\/\/www.europesays.com\/no\/wp-content\/uploads\/2026\/01\/84044540.webp.webp\" width=\"980\" height=\"559\" title=\"VIL HA GR\u00d8NLAND: USAs president Donald Trump. Foto: Anna Rose Layden \/ Reuters \/ NTB\" alt=\"\" class=\"\" style=\"--aspect-ratio-image: 1.75; \"\/><\/p>\n<p>\n        VIL HA GR\u00d8NLAND: USAs president Donald Trump. Foto: Anna Rose Layden \/ Reuters \/ NTB\n    <\/p>\n<p>Men Nielsen nevnte alts\u00e5 ikke Trump ved navn. Det tror\u00a0Masaana Egede, sjefredakt\u00f8ren i den gr\u00f8nlandske avisa Sermitsiaq, ikke var tilfeldig.\u00a0<\/p>\n<p>&#8211; Man fors\u00f8ker \u00e5 unng\u00e5 \u00e5 hisse det ytterligere opp. Det tror jeg er en del av taktikken. Samtidig pr\u00f8ver man ogs\u00e5 \u00e5 g\u00e5 litt mer direkte til saken. Vi vet jo godt hvem det blir snakket om, selv om det er litt indirekte, sier Masaana Egede til danske TV 2.<\/p>\n<p>    <a itemprop=\"url\" href=\"https:\/\/www.dagbladet.no\/nyheter\/vi-ma-ha-gronland\/84022079\" rel=\"nofollow noopener\" target=\"_blank\"><\/p>\n<p>        <img loading=\"lazy\" decoding=\"async\" src=\"https:\/\/www.europesays.com\/no\/wp-content\/uploads\/2026\/01\/84022084.webp.webp\" width=\"980\" height=\"441\" title=\"- Vi m\u00e5 ha Gr\u00f8nland\" alt=\"\" class=\"lazyload\" style=\"--aspect-ratio-image: 2.22; \"\/><\/p>\n<p>        &#8211; Vi m\u00e5 ha Gr\u00f8nland<\/p>\n<p>    <\/a><\/p>\n<p>Heller ikke Danmarks statsminister Mette Frederiksen nevnte president Trump ved navn i sin nytt\u00e5rstale, men var klar i omtalen omkring USAs press mot Gr\u00f8nland<\/p>\n<p>&#8211; I det siste \u00e5ret har vi m\u00e5ttet h\u00f8re mye. Trusler. Press. Nedlatende retorikk. Fra v\u00e5r n\u00e6rmeste allierte gjennom en menneskealder. Om \u00e5 ville overta et annet land, et annet folk. Som om det var noe man kunne kj\u00f8pe og eie. Det h\u00f8rer ingen steder hjemme, talte Fredriksen i sin tale.\u00a0<\/p>\n<p>    <a itemprop=\"url\" href=\"https:\/\/www.dagbladet.no\/nyheter\/redaktor-mange-er-nervose\/82490789\" rel=\"nofollow noopener\" target=\"_blank\"><\/p>\n<p>        <img loading=\"lazy\" decoding=\"async\" src=\"https:\/\/www.europesays.com\/no\/wp-content\/uploads\/2026\/01\/82491557.webp.webp\" width=\"980\" height=\"441\" title=\"Redakt\u00f8r: - Mange er nerv\u00f8se\" alt=\"\" class=\"lazyload\" style=\"--aspect-ratio-image: 2.22; \"\/><\/p>\n<p>        Redakt\u00f8r: &#8211; Mange er nerv\u00f8se<\/p>\n<p>    <\/a><\/p>\n<p>Hun beskriver det som en konflikt om Kongeriket.<\/p>\n<p>&#8211; Vi tar v\u00e5rt ansvar i verden. Det er ikke vi som s\u00f8ker konflikt. Men la ingen v\u00e6re i tvil: Uansett hva som skjer, st\u00e5r vi fast p\u00e5 hva som er rett og galt, fortsatte Frederiksen.<\/p>\n","protected":false},"excerpt":{"rendered":"Gr\u00f8nland: &#8211; Det har p\u00e5virket oss alle, sier Gr\u00f8nlands regjeringssjef om presset fra USA i \u00e5rets nytt\u00e5rstale. KLART&hellip;\n","protected":false},"author":2,"featured_media":126670,"comment_status":"","ping_status":"","sticky":false,"template":"","format":"standard","meta":{"footnotes":""},"categories":[12],"tags":[20,21,1524,24,25,2112,15,22,23,13,30,28,29,14,16,26,27,50,412,42,43,44,45],"class_list":{"0":"post-126669","1":"post","2":"type-post","3":"status-publish","4":"format-standard","5":"has-post-thumbnail","7":"category-verden","8":"tag-breaking-news","9":"tag-breakingnews","10":"tag-danmark","11":"tag-featured-news","12":"tag-featurednews","13":"tag-gronland","14":"tag-headlines","15":"tag-latest-news","16":"tag-latestnews","17":"tag-news","18":"tag-no","19":"tag-norge","20":"tag-norway","21":"tag-nyheter","22":"tag-overskrifter","23":"tag-top-stories","24":"tag-topstories","25":"tag-usa","26":"tag-utenriks","27":"tag-verden","28":"tag-world","29":"tag-world-news","30":"tag-worldnews"},"share_on_mastodon":{"url":"https:\/\/pubeurope.com\/@no\/115822866121609812","error":""},"_links":{"self":[{"href":"https:\/\/www.europesays.com\/no\/wp-json\/wp\/v2\/posts\/126669","targetHints":{"allow":["GET"]}}],"collection":[{"href":"https:\/\/www.europesays.com\/no\/wp-json\/wp\/v2\/posts"}],"about":[{"href":"https:\/\/www.europesays.com\/no\/wp-json\/wp\/v2\/types\/post"}],"author":[{"embeddable":true,"href":"https:\/\/www.europesays.com\/no\/wp-json\/wp\/v2\/users\/2"}],"replies":[{"embeddable":true,"href":"https:\/\/www.europesays.com\/no\/wp-json\/wp\/v2\/comments?post=126669"}],"version-history":[{"count":0,"href":"https:\/\/www.europesays.com\/no\/wp-json\/wp\/v2\/posts\/126669\/revisions"}],"wp:featuredmedia":[{"embeddable":true,"href":"https:\/\/www.europesays.com\/no\/wp-json\/wp\/v2\/media\/126670"}],"wp:attachment":[{"href":"https:\/\/www.europesays.com\/no\/wp-json\/wp\/v2\/media?parent=126669"}],"wp:term":[{"taxonomy":"category","embeddable":true,"href":"https:\/\/www.europesays.com\/no\/wp-json\/wp\/v2\/categories?post=126669"},{"taxonomy":"post_tag","embeddable":true,"href":"https:\/\/www.europesays.com\/no\/wp-json\/wp\/v2\/tags?post=126669"}],"curies":[{"name":"wp","href":"https:\/\/api.w.org\/{rel}","templated":true}]}}