{"id":126672,"date":"2026-01-02T02:13:17","date_gmt":"2026-01-02T02:13:17","guid":{"rendered":"https:\/\/www.europesays.com\/no\/126672\/"},"modified":"2026-01-02T02:13:17","modified_gmt":"2026-01-02T02:13:17","slug":"ungarn-mister-milliard-stotte-fra-eu","status":"publish","type":"post","link":"https:\/\/www.europesays.com\/no\/126672\/","title":{"rendered":"Ungarn mister milliard-st\u00f8tte fra EU"},"content":{"rendered":"<p>  Ungarn har ikke gjennomf\u00f8rt rettsreformene som EU krever og mister dermed milliardst\u00f8tte fra Brussel.<\/p>\n<p>\n    Ungarns statsminister Viktor Orban nekter \u00e5 etterkomme EUs krav om reformer, og landet mister dermed milliardst\u00f8tte fra Brussel. Foto: AP \/ NTB\n  <\/p>\n<p>EU p\u00e5la Ungarn \u00e5 gjennomf\u00f8re reformene i l\u00f8pet av 2025, blant annet en endring av lover for bekjempelse av korrupsjon og hindring av interessekonflikter. Dette har statsminister VIktor Orbans regjering ikke gjort.<\/p>\n<p>If\u00f8lge EU-kommisjonen mister Ungarn n\u00e5 i f\u00f8rste omgang rundt 12 milliarder kroner i st\u00f8tte.<\/p>\n<p>Ungarn skulle etter planen ha f\u00e5tt overf\u00f8rt de \u00f8remerkede midlene i 2023, men EU har frosset dem.<\/p>\n<p>Dersom landet unnlater \u00e5 gjennomf\u00f8re de p\u00e5lagte reformene, vil EU holde tilbake ytterligere milliarder.<\/p>\n","protected":false},"excerpt":{"rendered":"Ungarn har ikke gjennomf\u00f8rt rettsreformene som EU krever og mister dermed milliardst\u00f8tte fra Brussel. Ungarns statsminister Viktor Orban&hellip;\n","protected":false},"author":2,"featured_media":126673,"comment_status":"","ping_status":"","sticky":false,"template":"","format":"standard","meta":{"footnotes":""},"categories":[12],"tags":[20,21,279,24,25,15,22,23,13,30,28,29,14,16,26,27,2393,42,2708,43,44,45],"class_list":{"0":"post-126672","1":"post","2":"type-post","3":"status-publish","4":"format-standard","5":"has-post-thumbnail","7":"category-verden","8":"tag-breaking-news","9":"tag-breakingnews","10":"tag-eu","11":"tag-featured-news","12":"tag-featurednews","13":"tag-headlines","14":"tag-latest-news","15":"tag-latestnews","16":"tag-news","17":"tag-no","18":"tag-norge","19":"tag-norway","20":"tag-nyheter","21":"tag-overskrifter","22":"tag-top-stories","23":"tag-topstories","24":"tag-ungarn","25":"tag-verden","26":"tag-viktor-orban","27":"tag-world","28":"tag-world-news","29":"tag-worldnews"},"share_on_mastodon":{"url":"https:\/\/pubeurope.com\/@no\/115823090216292984","error":""},"_links":{"self":[{"href":"https:\/\/www.europesays.com\/no\/wp-json\/wp\/v2\/posts\/126672","targetHints":{"allow":["GET"]}}],"collection":[{"href":"https:\/\/www.europesays.com\/no\/wp-json\/wp\/v2\/posts"}],"about":[{"href":"https:\/\/www.europesays.com\/no\/wp-json\/wp\/v2\/types\/post"}],"author":[{"embeddable":true,"href":"https:\/\/www.europesays.com\/no\/wp-json\/wp\/v2\/users\/2"}],"replies":[{"embeddable":true,"href":"https:\/\/www.europesays.com\/no\/wp-json\/wp\/v2\/comments?post=126672"}],"version-history":[{"count":0,"href":"https:\/\/www.europesays.com\/no\/wp-json\/wp\/v2\/posts\/126672\/revisions"}],"wp:featuredmedia":[{"embeddable":true,"href":"https:\/\/www.europesays.com\/no\/wp-json\/wp\/v2\/media\/126673"}],"wp:attachment":[{"href":"https:\/\/www.europesays.com\/no\/wp-json\/wp\/v2\/media?parent=126672"}],"wp:term":[{"taxonomy":"category","embeddable":true,"href":"https:\/\/www.europesays.com\/no\/wp-json\/wp\/v2\/categories?post=126672"},{"taxonomy":"post_tag","embeddable":true,"href":"https:\/\/www.europesays.com\/no\/wp-json\/wp\/v2\/tags?post=126672"}],"curies":[{"name":"wp","href":"https:\/\/api.w.org\/{rel}","templated":true}]}}