{"id":126674,"date":"2026-01-02T02:20:43","date_gmt":"2026-01-02T02:20:43","guid":{"rendered":"https:\/\/www.europesays.com\/no\/126674\/"},"modified":"2026-01-02T02:20:43","modified_gmt":"2026-01-02T02:20:43","slug":"folk-vil-ende-i-handjern","status":"publish","type":"post","link":"https:\/\/www.europesays.com\/no\/126674\/","title":{"rendered":"\u2013 Folk vil ende i h\u00e5ndjern"},"content":{"rendered":"<p><strong>Det hvite hus varsler harde tiltak og mulige arrestasjoner etter det som omtales som en omfattende svindelsak knyttet til offentlige st\u00f8tteordninger i delstaten Minnesota.<\/strong><\/p>\n<p>Det sier president Donald Trumps pressesekret\u00e6r Karoline Leavitt i et intervju med <a href=\"https:\/\/youtu.be\/PrrZ0iWHiOU\" rel=\"nofollow noopener\" target=\"_blank\">Fox News<\/a>.<\/p>\n<p>\u2013 Folk vil ende i h\u00e5ndjern som f\u00f8lge av svindelen som guvern\u00f8r Tim Walz har tillatt \u00e5 p\u00e5g\u00e5 i mange \u00e5r, sa Leavitt p\u00e5 Fox &amp; Friends.<\/p>\n<p>Uttalelsen kommer etter at det amerikanske helse- og sosialdepartementet har <a href=\"https:\/\/inyheter.no\/31\/12\/2025\/grov-barnehagesvindel-vi-har-skrudd-igjen-pengekranen\/\" rel=\"nofollow noopener\" target=\"_blank\">besluttet \u00e5 stanse \u00e5rlige barnehagetilskudd<\/a> p\u00e5 rundt 185 millioner dollar til Minnesota, mens etterforskningen p\u00e5g\u00e5r.<\/p>\n<p>Leavitt retter kraftig kritikk mot Minnesotas demokratiske guvern\u00f8r Tim Walz, som har beskyldt Trump-administrasjonen for \u00e5 politisere saken.<\/p>\n<p>\u2013 Guvern\u00f8r Walz er fullstendig inkompetent. Det har han alltid v\u00e6rt, sa Leavitt if\u00f8lge transkripsjonen av intervjuet, og la til at Trump-administrasjonen har jobbet med saken siden f\u00f8rste dag i embetet.<\/p>\n<p>If\u00f8lge Leavitt p\u00e5g\u00e5r det n\u00e5 omfattende etterforskning p\u00e5 f\u00f8deralt niv\u00e5. Justisdepartementet skal ha iverksatt ransakelser og sendt ut stevninger, mens Department of Homeland Security gjennomf\u00f8rer d\u00f8r-til-d\u00f8r-unders\u00f8kelser ved det som omtales som mulige svindelsteder.<\/p>\n<p>Hun opplyser ogs\u00e5 at myndighetene vurderer \u00e5 frata statsborgerskap fra personer som er d\u00f8mt for svindel.<\/p>\n<p>\u2013 Absolutt. Dette er noe b\u00e5de Department of Homeland Security og utenriksdepartementet ser p\u00e5 n\u00e5, sa Leavitt da hun ble spurt om statsborgerskap kan trekkes tilbake.<\/p>\n<p>Leavitt hevdet videre at n\u00e6rmere 100 personer allerede er siktet i saken, og at flere bygg og virksomheter som ble omtalt i medieavsl\u00f8ringer n\u00e5 er under etterforskning.<\/p>\n<p>Samtidig varsler Trump-administrasjonen at Minnesota bare er starten.<\/p>\n<p>\u2013 Vi vet at det har v\u00e6rt massiv svindel i bl\u00e5 delstater over hele landet. California, New York \u2013 disse delstatene vil ogs\u00e5 bli gransket, sa Leavitt.<\/p>\n<p>If\u00f8lge pressesekret\u00e6ren er kampen mot svindel, sl\u00f8sing og misbruk av offentlige midler en sentral del av Trumps politiske prosjekt.<\/p>\n<p>\u2013 Alle som har lurt amerikanske skattebetalere, vil bli stilt til ansvar s\u00e5 lenge denne presidenten sitter, sa Leavitt.<\/p>\n","protected":false},"excerpt":{"rendered":"Det hvite hus varsler harde tiltak og mulige arrestasjoner etter det som omtales som en omfattende svindelsak knyttet&hellip;\n","protected":false},"author":2,"featured_media":126675,"comment_status":"","ping_status":"","sticky":false,"template":"","format":"standard","meta":{"footnotes":""},"categories":[12],"tags":[20,21,24,25,15,22,23,2119,13,30,28,29,14,16,1441,26,27,766,50,12069,42,43,44,45],"class_list":{"0":"post-126674","1":"post","2":"type-post","3":"status-publish","4":"format-standard","5":"has-post-thumbnail","7":"category-verden","8":"tag-breaking-news","9":"tag-breakingnews","10":"tag-featured-news","11":"tag-featurednews","12":"tag-headlines","13":"tag-latest-news","14":"tag-latestnews","15":"tag-minnesota","16":"tag-news","17":"tag-no","18":"tag-norge","19":"tag-norway","20":"tag-nyheter","21":"tag-overskrifter","22":"tag-svindel","23":"tag-top-stories","24":"tag-topstories","25":"tag-trump","26":"tag-usa","27":"tag-velferdsgoder","28":"tag-verden","29":"tag-world","30":"tag-world-news","31":"tag-worldnews"},"share_on_mastodon":{"url":"https:\/\/pubeurope.com\/@no\/115823117843186527","error":""},"_links":{"self":[{"href":"https:\/\/www.europesays.com\/no\/wp-json\/wp\/v2\/posts\/126674","targetHints":{"allow":["GET"]}}],"collection":[{"href":"https:\/\/www.europesays.com\/no\/wp-json\/wp\/v2\/posts"}],"about":[{"href":"https:\/\/www.europesays.com\/no\/wp-json\/wp\/v2\/types\/post"}],"author":[{"embeddable":true,"href":"https:\/\/www.europesays.com\/no\/wp-json\/wp\/v2\/users\/2"}],"replies":[{"embeddable":true,"href":"https:\/\/www.europesays.com\/no\/wp-json\/wp\/v2\/comments?post=126674"}],"version-history":[{"count":0,"href":"https:\/\/www.europesays.com\/no\/wp-json\/wp\/v2\/posts\/126674\/revisions"}],"wp:featuredmedia":[{"embeddable":true,"href":"https:\/\/www.europesays.com\/no\/wp-json\/wp\/v2\/media\/126675"}],"wp:attachment":[{"href":"https:\/\/www.europesays.com\/no\/wp-json\/wp\/v2\/media?parent=126674"}],"wp:term":[{"taxonomy":"category","embeddable":true,"href":"https:\/\/www.europesays.com\/no\/wp-json\/wp\/v2\/categories?post=126674"},{"taxonomy":"post_tag","embeddable":true,"href":"https:\/\/www.europesays.com\/no\/wp-json\/wp\/v2\/tags?post=126674"}],"curies":[{"name":"wp","href":"https:\/\/api.w.org\/{rel}","templated":true}]}}