{"id":126676,"date":"2026-01-02T02:24:10","date_gmt":"2026-01-02T02:24:10","guid":{"rendered":"https:\/\/www.europesays.com\/no\/126676\/"},"modified":"2026-01-02T02:24:10","modified_gmt":"2026-01-02T02:24:10","slug":"jojo-siwa-forvirrer-fansen-med-navnebytte","status":"publish","type":"post","link":"https:\/\/www.europesays.com\/no\/126676\/","title":{"rendered":"JoJo Siwa forvirrer fansen med navnebytte"},"content":{"rendered":"\n<p class=\"_lead_o9xde_2 _lead_xtcu6_50 layout-component text-serif-m layout-normal text-serif-l layout-component layout-wide layout-padded _wide_17hqh_1 layout-padded\"> JoJo Siwa (22) har gjort en forandring som vekker oppsikt.<\/p>\n<p><img alt=\"JoJo Siwa p\u00e5 Gala of the Stars i Beverly Hills i oktober 2025. Foto: Chris Pizzello \/ AP \/ NTB\" class=\"_image_qp4xg_65 layout-component layout-wide\" data-fullscreen- data-track-element-type=\"Article image fullscreen\" data-track-name=\"ImageFullscreen\" fetchpriority=\"high\" decoding=\"sync\" loading=\"eager\" height=\"3448\" itemprop=\"image\"  src=\"https:\/\/www.europesays.com\/no\/wp-content\/uploads\/2026\/01\/6d358016-0827-4691-b835-6dadda1d07f8.png\"  style=\"object-position:0% 0%\" width=\"4920\"\/>JoJo Siwa p\u00e5 Gala of the Stars i Beverly Hills i oktober 2025. Foto: Chris Pizzello \/ AP \/ NTB<\/p>\n<ul aria-hidden=\"true\" class=\"_images_ntbth_112\">\n<li><a class=\"_link_ntbth_117\" href=\"https:\/\/www.vg.no\/forfatter\/catherine-gonsholt-ighanian\" style=\"z-index:1\" title=\"Catherine Gonsholt Ighanian\" rel=\"nofollow noopener\" target=\"_blank\"><img alt=\"Bilde av Catherine Gonsholt Ighanian\" class=\"_image_ntbth_93\" fetchpriority=\"low\" loading=\"lazy\" decoding=\"async\" itemprop=\"image\"  src=\"https:\/\/www.europesays.com\/no\/wp-content\/uploads\/2026\/01\/1767320650_134_72dca32d-ee6f-474c-a50e-72a9bb49f38a.jpeg\"  width=\"480\"\/><\/a><\/li>\n<\/ul>\n<p> Oppdatert fredag 2. januar kl. 02:47    <\/p>\n<ul class=\"_list_o9xde_3 _list_64s2r_85 _unordered_o9xde_106 text-sans-m\">\n<li class=\"_item_o9xde_30\">JoJo Siwa har byttet navn til Joelle Siwa p\u00e5 TikTok, noe som vekker stor oppmerksomhet blant fans.<\/li>\n<li class=\"_item_o9xde_30\">Hun har 46 millioner f\u00f8lgere og mange reagerer p\u00e5 endringen.<\/li>\n<\/ul>\n<p>Vis mer <\/p>\n<p class=\"_paragraph_o9xde_4 _paragraph_xtcu6_10 layout-component text-serif-m layout-normal text-serif-m layout-padded\">Den amerikanske sangeren og YouTube-stjernen har svimlende 46 millioner f\u00f8lgere p\u00e5 TikTok, s\u00e5 det er ikke mye som g\u00e5r fansen hus forbi.<\/p>\n<p class=\"_paragraph_o9xde_4 _paragraph_xtcu6_10 layout-component text-serif-m layout-normal text-serif-m layout-padded\">Den tidligere barnestjernen har siden 2023 kalt seg <a href=\"https:\/\/www.vg.no\/tag\/jojo-siwa?utm_source=vg-article&amp;utm_medium=auto-tagger&amp;utm_campaign=0pnljJ\" class=\"_link_o9xde_39\" rel=\"nofollow noopener\" target=\"_blank\">JoJo Siwa<\/a>. Det har ogs\u00e5 v\u00e6rt hennes artistnavn. <\/p>\n<p class=\"_paragraph_o9xde_4 _paragraph_xtcu6_10 layout-component text-serif-m layout-normal text-serif-m layout-padded\">P\u00e5 nytt\u00e5rsaften byttet hun imidlertid navn p\u00e5 <a href=\"https:\/\/www.tiktok.com\/@itsjojosiwa\/video\/7590087844039773495?lang=en\" class=\"_link_o9xde_39\" rel=\"nofollow noopener\" target=\"_blank\">TikTok<\/a>, der hun n\u00e5 heter Joelle Siwa. I kommentarfeltet har hundrevis tatt til orde, og mange undrer seg over det nye navnet. <\/p>\n<p class=\"_paragraph_o9xde_4 _paragraph_xtcu6_10 layout-component text-serif-m layout-normal text-serif-m layout-padded\">Og synspunktene er delte.<\/p>\n<p class=\"_paragraph_o9xde_4 _paragraph_xtcu6_10 layout-component text-serif-m layout-normal text-serif-m layout-padded\">\u00abHvem i helvete er Joelle Siwa?\u00bb, sp\u00f8r flere.<\/p>\n<p class=\"_paragraph_o9xde_4 _paragraph_xtcu6_10 layout-component text-serif-m layout-normal text-serif-m layout-padded\">\u00abAt hun skifter navn fra JoJo til Joelle, m\u00e5 v\u00e6re det st\u00f8rste trekket noensinne\u00bb, skriver en f\u00f8lger og sp\u00e5r at 2026 vil bli et vilt \u00e5r for stjernen.<\/p>\n<p class=\"_paragraph_o9xde_4 _paragraph_xtcu6_10 layout-component text-serif-m layout-normal text-serif-m layout-padded\">\u00abJeg kommer aldri til \u00e5 klare \u00e5 slutte \u00e5 kalle henne JoJo\u00bb, skriver en annen.<\/p>\n<p class=\"_paragraph_o9xde_4 _paragraph_xtcu6_10 layout-component text-serif-m layout-normal text-serif-m layout-padded\">\u00abS\u00e5 du bytter merkevare? Lurt\u00bb, lyder en kommentar.<\/p>\n<p class=\"_paragraph_o9xde_4 _paragraph_xtcu6_10 layout-component text-serif-m layout-normal text-serif-m layout-padded\">\u00abUmm &#8230; Joelle Siwa? Jeg har g\u00e5tt glipp av noen kapitler\u00bb, skriver en bruker.<\/p>\n<p class=\"_paragraph_o9xde_4 _paragraph_xtcu6_10 layout-component text-serif-m layout-normal text-serif-m layout-padded\">\u00abJoelle f\u00f8les s\u00e5 ekte\u00bb, skriver en annen.<\/p>\n<p class=\"_paragraph_o9xde_4 _paragraph_xtcu6_10 layout-component text-serif-m layout-normal text-serif-m layout-padded\">Og kanskje er ikke det s\u00e5 rart, for sannheten er \u2013 som enkelte fans p\u00e5peker \u2013 at Siwa opprinnelig heter Joelle Joanie Siwa.<\/p>\n<p>Nyforelsket<\/p>\n<p class=\"_paragraph_o9xde_4 _paragraph_xtcu6_10 layout-component text-serif-m layout-normal text-serif-m layout-padded\">Siwa selv utbroderer ikke navnebyttet. Men under en video p\u00e5 nytt\u00e5rsaften av seg selv og til tonene fra sin egen l\u00e5t \u00abBoomerang\u00bb, skriver 22-\u00e5ringen: <\/p>\n<p class=\"_paragraph_o9xde_4 _paragraph_xtcu6_10 layout-component text-serif-m layout-normal text-serif-m layout-padded\">\u00abFor et \u00e5r det skal bli.\u00bb<\/p>\n<p class=\"_paragraph_o9xde_4 _paragraph_xtcu6_10 layout-component text-serif-m layout-normal text-serif-m layout-padded\">22-\u00e5ringen sp\u00f8r ogs\u00e5: \u00abMine planer for 2026?\u00bb og mimer egne l\u00e5tstrofer til svar:<\/p>\n<p class=\"_paragraph_o9xde_4 _paragraph_xtcu6_10 layout-component text-serif-m layout-normal text-serif-m layout-padded\">\u00abI don&#8217;t really care &#8217;bout what they say. I&#8217;ma come back like a boomerang.\u00bb<\/p>\n<p><img alt=\"KJ\u00c6RESTER: JoJo Siwa og Chris Hughes, her i Beverly Hills i oktober 2025.  Foto: Chris Pizzello \/ AP \/ NTB\" class=\"_image_qp4xg_65 layout-component layout-normal\" data-fullscreen- data-track-element-type=\"Article image fullscreen\" data-track-name=\"ImageFullscreen\" decoding=\"async\" loading=\"lazy\" height=\"2636\" itemprop=\"image\"  src=\"https:\/\/www.europesays.com\/no\/wp-content\/uploads\/2026\/01\/6f09a23d-9804-423c-8ca9-2eabdff5ee04.jpeg\"  style=\"object-position:0% 0%\" width=\"3331\"\/>KJ\u00c6RESTER: JoJo Siwa og Chris Hughes, her i Beverly Hills i oktober 2025.  Foto: Chris Pizzello \/ AP \/ NTB<\/p>\n<p class=\"_paragraph_o9xde_4 _paragraph_xtcu6_10 layout-component text-serif-m layout-normal text-serif-m layout-padded\">Siwa har gjennomg\u00e5tt store forandringer i livet etter at hun i fjor var med i det britiske realityshowet \u00abBig Brother\u00bb.<\/p>\n<p class=\"_paragraph_o9xde_4 _paragraph_xtcu6_10 layout-component text-serif-m layout-normal text-serif-m layout-padded\">Der forelsket hun seg i \u00abLove Island\u00bb-kjendis Chris Hughes (33) \u2013 noe som f\u00f8rte til at hun br\u00f8t med sin australske kj\u00e6reste, <a href=\"https:\/\/www.vg.no\/rampelys\/i\/4BAA0R\/jojo-siwa-bryter-stillheten-etter-bruddet\" data-track-element-type=\"Link\" data-track-id=\"link:4BAA0R\" class=\"_link_o9xde_39\" rel=\"nofollow noopener\" target=\"_blank\">skuespiller Kath Ebbs (27)<\/a>.<\/p>\n<p class=\"_paragraph_o9xde_4 _paragraph_xtcu6_10 layout-component text-serif-m layout-normal text-serif-m layout-padded\">Siwa, som tidligere har identifisert seg som lesbisk, uttalte i fjor at \u00abqueer\u00bb\u00abqueer\u00bbet engelsk samlebegrep for personer som ikke er heterofile eller ciskj\u00f8nnede (dvs. identifiserer seg med kj\u00f8nnet de ble tildelt ved f\u00f8dselen) n\u00e5 best beskriver hvem hun er.<\/p>\n<p class=\"_paragraph_o9xde_4 _paragraph_xtcu6_10 layout-component text-serif-m layout-normal text-serif-m layout-padded\">I dag er Siwa og Hughes et par, og de pendler mellom hennes hjemland og hans.<\/p>\n<p class=\"_paragraph_o9xde_4 _paragraph_xtcu6_10 layout-component text-serif-m layout-normal text-serif-m layout-padded\">\u2013 Jeg er absolutt hodestups forelsket, <a href=\"https:\/\/www.vg.no\/rampelys\/i\/B0Pk37\/jojo-siwa-bekrefter-forhold-med-chris-huges\" data-track-element-type=\"Link\" data-track-id=\"link:B0Pk37\" class=\"_link_o9xde_39\" rel=\"nofollow noopener\" target=\"_blank\">innr\u00f8mmet Siwa<\/a> til The Guardian i sommer.<\/p>\n<p class=\"_paragraph_o9xde_4 _paragraph_xtcu6_10 layout-component text-serif-m layout-normal text-serif-m layout-padded\">Siwa har ogs\u00e5 forandret utseende og image det siste halve \u00e5ret. I kommentarfeltet under hennes nyeste videoer peker mange p\u00e5 at hun n\u00e5 ser mer voksen ut enn f\u00f8r.<\/p>\n<p class=\"_paragraph_o9xde_4 _paragraph_xtcu6_10 layout-component text-serif-m layout-normal text-serif-m layout-padded\">Siwa ble f\u00f8rst kjent som barnestjerne i realityserien \u00abDance Moms\u00bb og har senere bygget en karriere som artist, Youtuber og realitykjendis.<\/p>\n<p class=\"_paragraph_o9xde_4 _paragraph_xtcu6_10 layout-component text-serif-m layout-normal text-serif-m layout-padded\"><strong class=\"_strong_o9xde_25\">Men dette er alts\u00e5 et tilbakelagt kapittel \u2013 se VGTV:<\/strong><\/p>\n<p>Les ogs\u00e5<br \/>\n    <script async src=\"\/\/www.tiktok.com\/embed.js\"><\/script><\/p>\n","protected":false},"excerpt":{"rendered":"JoJo Siwa (22) har gjort en forandring som vekker oppsikt. JoJo Siwa p\u00e5 Gala of the Stars i&hellip;\n","protected":false},"author":2,"featured_media":126677,"comment_status":"","ping_status":"","sticky":false,"template":"","format":"standard","meta":{"footnotes":""},"categories":[58],"tags":[71,829,14877,30,28,29,2046,72],"class_list":{"0":"post-126676","1":"post","2":"type-post","3":"status-publish","4":"format-standard","5":"has-post-thumbnail","7":"category-underholdning","8":"tag-entertainment","9":"tag-influencer","10":"tag-jojo-siwa","11":"tag-no","12":"tag-norge","13":"tag-norway","14":"tag-tiktok","15":"tag-underholdning"},"share_on_mastodon":{"url":"https:\/\/pubeurope.com\/@no\/115823133531951974","error":""},"_links":{"self":[{"href":"https:\/\/www.europesays.com\/no\/wp-json\/wp\/v2\/posts\/126676","targetHints":{"allow":["GET"]}}],"collection":[{"href":"https:\/\/www.europesays.com\/no\/wp-json\/wp\/v2\/posts"}],"about":[{"href":"https:\/\/www.europesays.com\/no\/wp-json\/wp\/v2\/types\/post"}],"author":[{"embeddable":true,"href":"https:\/\/www.europesays.com\/no\/wp-json\/wp\/v2\/users\/2"}],"replies":[{"embeddable":true,"href":"https:\/\/www.europesays.com\/no\/wp-json\/wp\/v2\/comments?post=126676"}],"version-history":[{"count":0,"href":"https:\/\/www.europesays.com\/no\/wp-json\/wp\/v2\/posts\/126676\/revisions"}],"wp:featuredmedia":[{"embeddable":true,"href":"https:\/\/www.europesays.com\/no\/wp-json\/wp\/v2\/media\/126677"}],"wp:attachment":[{"href":"https:\/\/www.europesays.com\/no\/wp-json\/wp\/v2\/media?parent=126676"}],"wp:term":[{"taxonomy":"category","embeddable":true,"href":"https:\/\/www.europesays.com\/no\/wp-json\/wp\/v2\/categories?post=126676"},{"taxonomy":"post_tag","embeddable":true,"href":"https:\/\/www.europesays.com\/no\/wp-json\/wp\/v2\/tags?post=126676"}],"curies":[{"name":"wp","href":"https:\/\/api.w.org\/{rel}","templated":true}]}}