{"id":126682,"date":"2026-01-02T02:46:13","date_gmt":"2026-01-02T02:46:13","guid":{"rendered":"https:\/\/www.europesays.com\/no\/126682\/"},"modified":"2026-01-02T02:46:13","modified_gmt":"2026-01-02T02:46:13","slug":"foltes-riktig-a-satse-pa-hobbyen-min","status":"publish","type":"post","link":"https:\/\/www.europesays.com\/no\/126682\/","title":{"rendered":"&#8211; F\u00f8ltes riktig \u00e5 satse p\u00e5 hobbyen min"},"content":{"rendered":"<p class=\"kicker \" style=\"\">Interi\u00f8r:<\/p>\n<p>  Iben og mannen hennes har skapt et hjem fullt av<br \/>\nsjel \u2013 et sted der fransk loppeglede, kunst og<br \/>\npersonlige detaljer m\u00f8tes i en harmonisk miks.<\/p>\n<p>\n    Iben Sch\u00f8tt<br \/>\nelsker h\u00e5ndverk<br \/>\nsom b\u00e6rer<br \/>\nspor av tid og<br \/>\nbruk \u2013 ting som<br \/>\nforteller en<br \/>\nhistorie. FOTO: Tia Borgsmidt\n  <\/p>\n<p>    Her bor<\/p>\n<p>Iben Sch\u00f8tt, eier av La Villa<br \/>\nBrocante og @Yndlingsjakken,<br \/>\nsammen med mannen Jesper. Du<br \/>\nkan f\u00f8lge henne p\u00e5 Instagram p\u00e5<br \/>\n@la_villa_brocante og<br \/>\n@yndlingsjakken.<br \/>\nHuset er et s\u00e5kalt byhus som er<br \/>\n120 kvadratmeter stort og ligger<br \/>\ni\u00a0Kolding i Danmark.<\/p>\n<p>      Vis mer<br \/>\n      Vis mindre<\/p>\n<p>Hjemme hos Iben og Jesper merker man straks kj\u00e6rligheten til gjenbruk og franske funn.<\/p>\n<p>\u2013 Da guttene v\u00e5re var sm\u00e5, reiste vi alltid til Frankrike. Der var det noe \u00e5 gj\u00f8re for alle \u2013 og jeg kunne snike meg av g\u00e5rde til et eller annet marked og kose meg, forteller Iben.<\/p>\n<p>        <img loading=\"lazy\" decoding=\"async\" src=\"https:\/\/www.europesays.com\/no\/wp-content\/uploads\/2026\/01\/83832821.webp.webp\" width=\"686\" height=\"1043\" title=\"I andre etasje ligger en lun og personlig&#10;stue. Den r\u00f8de sofaen ble laget til&#10;Jespers besteforeldre p\u00e5 1950-tallet, og&#10;da paret arvet den, fikk den nytt trekk i en&#10;dyp r\u00f8dfarge. Sofabordet er hentet hjem&#10;fra Alsace, og p\u00e5 veggene henger litografier av den danske kunstneren Knud Odde. FOTO: Tia Borgsmidt\" alt=\"\" class=\"\" style=\"--aspect-ratio-image: 0.66; \"\/><\/p>\n<p>\n        I andre etasje ligger en lun og personlig<br \/>\nstue. Den r\u00f8de sofaen ble laget til<br \/>\nJespers besteforeldre p\u00e5 1950-tallet, og<br \/>\nda paret arvet den, fikk den nytt trekk i en<br \/>\ndyp r\u00f8dfarge. Sofabordet er hentet hjem<br \/>\nfra Alsace, og p\u00e5 veggene henger litografier av den danske kunstneren Knud Odde. FOTO: Tia Borgsmidt\n    <\/p>\n<p>        <img loading=\"lazy\" decoding=\"async\" src=\"https:\/\/www.europesays.com\/no\/wp-content\/uploads\/2026\/01\/83832810.webp.webp\" width=\"686\" height=\"968\" title=\"I spisestuen henger et stort&#10;maleri av Mie M\u00f8rkeberg, en gave&#10;fra Jesper. Bordet er dekket med&#10;h\u00f8stlige detaljer og fransk servise fra @la_villa_brocante. Som&#10;bordbrikker har Iben brukt gamle&#10;linservietter fra franske markeder.&#10;De gamle spisestuestolene har&#10;f\u00e5tt nytt liv med skinn og tekstil. FOTO: Tia Borgsmidt\" alt=\"\" class=\"\" style=\"--aspect-ratio-image: 0.71; \"\/><\/p>\n<p>\n        I spisestuen henger et stort<br \/>\nmaleri av Mie M\u00f8rkeberg, en gave<br \/>\nfra Jesper. Bordet er dekket med<br \/>\nh\u00f8stlige detaljer og fransk servise fra @la_villa_brocante. Som<br \/>\nbordbrikker har Iben brukt gamle<br \/>\nlinservietter fra franske markeder.<br \/>\nDe gamle spisestuestolene har<br \/>\nf\u00e5tt nytt liv med skinn og tekstil. FOTO: Tia Borgsmidt\n    <\/p>\n<p>        <img loading=\"lazy\" decoding=\"async\" src=\"https:\/\/www.europesays.com\/no\/wp-content\/uploads\/2026\/01\/83832804.webp.webp\" width=\"686\" height=\"1029\" title=\"Fargerikt servise&#10;og sm\u00e5 vintagefunn skaper liv&#10;og sjel i det lyse&#10;kj\u00f8kkenet. FOTO: Tia Borgsmidt\" alt=\"\" class=\"\" style=\"--aspect-ratio-image: 0.67; \"\/><\/p>\n<p>\n        Fargerikt servise<br \/>\nog sm\u00e5 vintagefunn skaper liv<br \/>\nog sjel i det lyse<br \/>\nkj\u00f8kkenet. FOTO: Tia Borgsmidt\n    <\/p>\n<p>        <img loading=\"lazy\" decoding=\"async\" src=\"https:\/\/www.europesays.com\/no\/wp-content\/uploads\/2026\/01\/83832813.webp.webp\" width=\"686\" height=\"1029\" title=\"H\u00f8stlige blader og&#10;fransk keramikk&#10;setter en personlig stemning p\u00e5&#10;bordet. FOTO: Tia Borgsmidt\" alt=\"\" class=\"\" style=\"--aspect-ratio-image: 0.67; \"\/><\/p>\n<p>\n        H\u00f8stlige blader og<br \/>\nfransk keramikk<br \/>\nsetter en personlig stemning p\u00e5<br \/>\nbordet. FOTO: Tia Borgsmidt\n    <\/p>\n<p>    <a itemprop=\"url\" href=\"https:\/\/www.kk.no\/bolig\/hvis-alt-blir-for-rotete-klarer-jeg-ikke-a-vaere-i-det\/83671356\" rel=\"nofollow noopener\" target=\"_blank\"><\/p>\n<p>        <img loading=\"lazy\" decoding=\"async\" src=\"https:\/\/www.europesays.com\/no\/wp-content\/uploads\/2026\/01\/83671414.webp.webp\" width=\"980\" height=\"441\" title=\"- Hvis alt blir for rotete, klarer jeg ikke \u00e5 v\u00e6re i det\" alt=\"\" class=\"lazyload\" style=\"--aspect-ratio-image: 2.22; \"\/><\/p>\n<p>        &#8211; Hvis alt blir for rotete, klarer jeg ikke \u00e5 v\u00e6re i det<\/p>\n<p>    <\/a><\/p>\n<p>I 2008 kj\u00f8pte hun et lite byhus i omr\u00e5det Aude ikke langt fra Toulouse i\u00a0S\u00f8r-Frankrike. Det ble starten p\u00e5 et nytt eventyr.<\/p>\n<p>\u2013 Jeg begynte \u00e5 ta med meg litt hjem og selge som hobby, men etter hvert utviklet hobbyen seg til \u00e5 bli en ny karriere. Jeg har alltid hatt sans for kj\u00f8p og salg, og jeg elsker \u00e5 finne ting med s\u00e6rpreg. Da jeg ble lei av jobben i det offentlige, f\u00f8ltes det helt riktig \u00e5 satse p\u00e5 hobbyen min, sier hun.<\/p>\n<p>        <img loading=\"lazy\" decoding=\"async\" src=\"https:\/\/www.europesays.com\/no\/wp-content\/uploads\/2026\/01\/83832812.webp.webp\" width=\"686\" height=\"1029\" title=\"Et lekent kunstverk og gule&#10;detaljer tilf\u00f8rer energi og&#10;humor til den lyse stuen.&#10;Stolen er fra 1960-tallet og&#10;er tegnet av den danske&#10;designeren Hans Olsen. FOTO: Tia Borgsmidt\" alt=\"\" class=\"\" style=\"--aspect-ratio-image: 0.67; \"\/><\/p>\n<p>\n        Et lekent kunstverk og gule<br \/>\ndetaljer tilf\u00f8rer energi og<br \/>\nhumor til den lyse stuen.<br \/>\nStolen er fra 1960-tallet og<br \/>\ner tegnet av den danske<br \/>\ndesigneren Hans Olsen. FOTO: Tia Borgsmidt\n    <\/p>\n<p>        <img loading=\"lazy\" decoding=\"async\" src=\"https:\/\/www.europesays.com\/no\/wp-content\/uploads\/2026\/01\/83832828.webp.webp\" width=\"686\" height=\"885\" title=\"De rustikke franske krukkene&#10;er blant Ibens favoritter \u2013 hver&#10;og en med sin egen historie. FOTO: Tia Borgsmidt\" alt=\"\" class=\"\" style=\"--aspect-ratio-image: 0.78; \"\/><\/p>\n<p>\n        De rustikke franske krukkene<br \/>\ner blant Ibens favoritter \u2013 hver<br \/>\nog en med sin egen historie. FOTO: Tia Borgsmidt\n    <\/p>\n<p>        <img loading=\"lazy\" decoding=\"async\" src=\"https:\/\/www.europesays.com\/no\/wp-content\/uploads\/2026\/01\/83832886.webp.webp\" width=\"686\" height=\"975\" title=\"De hvite caf\u00e9 au&#10;lait-sk\u00e5lene st\u00e5r&#10;vakkert mot den&#10;m\u00f8rke kunsten. FOTO: Tia Borgsmidt\" alt=\"\" class=\"\" style=\"--aspect-ratio-image: 0.70; \"\/><\/p>\n<p>\n        De hvite caf\u00e9 au<br \/>\nlait-sk\u00e5lene st\u00e5r<br \/>\nvakkert mot den<br \/>\nm\u00f8rke kunsten. FOTO: Tia Borgsmidt\n    <\/p>\n<p>I dag driver hun La Villa Brocante, hvor hun selger franske skatter via Instagram og markeder. De store, franske terrakottakrukkene og klassiske Caf\u00e9 au Lait-sk\u00e5lene i fajanse er blant favorittene \u2013 b\u00e5de hennes egne og kundenes.<\/p>\n<p>\u2013 De vakre fargene og m\u00f8nstrene passer s\u00e5 godt inn i\u00a0nordisk interi\u00f8r. I gamle dager fikk man sin egen Caf\u00e9 au Lait-sk\u00e5l og tok den med seg i graven, forteller hun, og legger til at de originale sk\u00e5lene er vanskelig \u00e5 finne i\u00a0dag.<\/p>\n<p>        <img loading=\"lazy\" decoding=\"async\" src=\"https:\/\/www.europesays.com\/no\/wp-content\/uploads\/2026\/01\/83832816.webp.webp\" width=\"686\" height=\"975\" title=\"Den dype terrakottaveggen og det&#10;stemningsfulle maleriet setter tonen&#10;i trappeoppgangen&#10;\u2013 personlig, varmt&#10;og litt fransk. FOTO: Tia Borgsmidt\" alt=\"\" class=\"\" style=\"--aspect-ratio-image: 0.70; \"\/><\/p>\n<p>\n        Den dype terrakottaveggen og det<br \/>\nstemningsfulle maleriet setter tonen<br \/>\ni trappeoppgangen<br \/>\n\u2013 personlig, varmt<br \/>\nog litt fransk. FOTO: Tia Borgsmidt\n    <\/p>\n<p>        <img loading=\"lazy\" decoding=\"async\" src=\"https:\/\/www.europesays.com\/no\/wp-content\/uploads\/2026\/01\/83832819.webp.webp\" width=\"686\" height=\"1036\" title=\"Over sengen p\u00e5 soverommet&#10;henger en tallerkenhylle som&#10;Iben bruker til b\u00f8ker og sm\u00e5&#10;favorittgjenstander. Putene&#10;har hun sydd selv \u2013 de er enkle og har et personlig preg. Tips! Bytt ut&#10;tallerkener med sm\u00e5&#10;kunsttrykk, postkort eller&#10;fotografier i en slik hylle. En&#10;enkel m\u00e5te \u00e5 skape et&#10;personlig uttrykk som&#10;kan endres etter&#10;sesong. FOTO: Tia Borgsmidt\" alt=\"\" class=\"\" style=\"--aspect-ratio-image: 0.66; \"\/><\/p>\n<p>\n        Over sengen p\u00e5 soverommet<br \/>\nhenger en tallerkenhylle som<br \/>\nIben bruker til b\u00f8ker og sm\u00e5<br \/>\nfavorittgjenstander. Putene<br \/>\nhar hun sydd selv \u2013 de er enkle og har et personlig preg. Tips! Bytt ut<br \/>\ntallerkener med sm\u00e5<br \/>\nkunsttrykk, postkort eller<br \/>\nfotografier i en slik hylle. En<br \/>\nenkel m\u00e5te \u00e5 skape et<br \/>\npersonlig uttrykk som<br \/>\nkan endres etter<br \/>\nsesong. FOTO: Tia Borgsmidt\n    <\/p>\n<p>        <img loading=\"lazy\" decoding=\"async\" src=\"https:\/\/www.europesays.com\/no\/wp-content\/uploads\/2026\/01\/83832822.webp.webp\" width=\"686\" height=\"1002\" title=\"Den klassiske bl\u00e5&#10;jakken ble opprinnelig&#10;sydd til franske b\u00f8nder&#10;og arbeidere p\u00e5 slutten&#10;av 1800-tallet. I dag f\u00e5r&#10;den nytt liv med Ibens&#10;broderier, solgt via&#10;@yndlingsjakken. FOTO: Tia Borgsmidt\" alt=\"\" class=\"\" style=\"--aspect-ratio-image: 0.68; \"\/><\/p>\n<p>\n        Den klassiske bl\u00e5<br \/>\njakken ble opprinnelig<br \/>\nsydd til franske b\u00f8nder<br \/>\nog arbeidere p\u00e5 slutten<br \/>\nav 1800-tallet. I dag f\u00e5r<br \/>\nden nytt liv med Ibens<br \/>\nbroderier, solgt via<br \/>\n@yndlingsjakken. FOTO: Tia Borgsmidt\n    <\/p>\n<p>    <a itemprop=\"url\" href=\"https:\/\/www.kk.no\/bolig\/interiortrenden-vi-elsker-na\/83723083\" rel=\"nofollow noopener\" target=\"_blank\"><\/p>\n<p>        <img loading=\"lazy\" decoding=\"async\" src=\"https:\/\/www.europesays.com\/no\/wp-content\/uploads\/2026\/01\/83723094.webp.webp\" width=\"980\" height=\"441\" title=\"Interi\u00f8rtrenden vi elsker n\u00e5\" alt=\"\" class=\"lazyload\" style=\"--aspect-ratio-image: 2.22; \"\/><\/p>\n<p>        Interi\u00f8rtrenden vi elsker n\u00e5<\/p>\n<p>    <\/a><\/p>\n<p>Flere ganger i \u00e5ret setter Iben seg i bilen og kj\u00f8rer s\u00f8rover til Frankrike for \u00e5 handle inn til butikken. Hun f\u00f8lger med p\u00e5 n\u00e5r det arrangeres s\u00e5kalte Vide-Greniers \u2013 private markeder der folk t\u00f8mmer loft og boder. Og hun bes\u00f8ker i tillegg lokale bruktforhandlere, som ofte legger til side noe spesielt til henne.<\/p>\n<p>\u2013 Ting kan v\u00e6re vakre selv om de har f\u00e5tt noen merker. Det er jo en del av historien. Jeg synes man alltid skal pr\u00f8ve \u00e5 reparere i stedet for \u00e5 kaste, sier hun.<\/p>\n<p>        <img loading=\"lazy\" decoding=\"async\" src=\"https:\/\/www.europesays.com\/no\/wp-content\/uploads\/2026\/01\/83832820.webp.webp\" width=\"686\" height=\"988\" title=\"En av soveromsveggene er&#10;malt i en dyp, frisk bl\u00e5farge.&#10;Kardiganen har Iben strikket&#10;selv, og de velurtrukne&#10;knappene er laget hos en&#10;m\u00f8beltapetserer \u2013 sm\u00e5&#10;detaljer som gj\u00f8r en forskjell. FOTO: Tia Borgsmidt\" alt=\"\" class=\"\" style=\"--aspect-ratio-image: 0.69; \"\/><\/p>\n<p>\n        En av soveromsveggene er<br \/>\nmalt i en dyp, frisk bl\u00e5farge.<br \/>\nKardiganen har Iben strikket<br \/>\nselv, og de velurtrukne<br \/>\nknappene er laget hos en<br \/>\nm\u00f8beltapetserer \u2013 sm\u00e5<br \/>\ndetaljer som gj\u00f8r en forskjell. FOTO: Tia Borgsmidt\n    <\/p>\n<p>        <img loading=\"lazy\" decoding=\"async\" src=\"https:\/\/www.europesays.com\/no\/wp-content\/uploads\/2026\/01\/83832823.webp.webp\" width=\"686\" height=\"1029\" title=\"Iben elsker \u00e5 brodere&#10;og skape sm\u00e5, personlige uttrykk p\u00e5 de bl\u00e5&#10;vintagejakkene. Hvert&#10;broderi blir et lite&#10;kunstverk i seg selv. FOTO: Tia Borgsmidt\" alt=\"\" class=\"\" style=\"--aspect-ratio-image: 0.67; \"\/><\/p>\n<p>\n        Iben elsker \u00e5 brodere<br \/>\nog skape sm\u00e5, personlige uttrykk p\u00e5 de bl\u00e5<br \/>\nvintagejakkene. Hvert<br \/>\nbroderi blir et lite<br \/>\nkunstverk i seg selv. FOTO: Tia Borgsmidt\n    <\/p>\n<p>I tillegg til interi\u00f8r driver Iben ogs\u00e5 prosjektet @yndlingsjakken, der hun gir gamle franske arbeidsjakker nytt liv med broderier. Hver jakke blir et lite kunstverk \u2013 og helt unik, s\u00e5 den passer til den som har bestilt den.<\/p>\n<p>    <a itemprop=\"url\" href=\"https:\/\/www.kk.no\/bolig\/gitte-sa-opp-lederjobben-for-a-leve-av-loppefunn\/83716017\" rel=\"nofollow noopener\" target=\"_blank\"><\/p>\n<p>        <img loading=\"lazy\" decoding=\"async\" src=\"https:\/\/www.europesays.com\/no\/wp-content\/uploads\/2026\/01\/83716080.webp.webp\" width=\"980\" height=\"441\" title=\"Gitte sa opp lederjobben for \u00e5 leve av loppefunn\" alt=\"\" class=\"lazyload\" style=\"--aspect-ratio-image: 2.22; \"\/><\/p>\n<p>        Gitte sa opp lederjobben for \u00e5 leve av loppefunn<\/p>\n<p>    <\/a><\/p>\n<p>F\u00e5 stilen<\/p>\n<p>        <img loading=\"lazy\" decoding=\"async\" src=\"https:\/\/www.europesays.com\/no\/wp-content\/uploads\/2026\/01\/83832911.webp.webp\" width=\"579\" height=\"539\" title=\"Maleri (kr 390,&#10;House Doctor).\" alt=\"\" class=\"\" style=\"--aspect-ratio-image: 1.07; \"\/><\/p>\n<p>\n        Maleri (kr 390,<br \/>\nHouse Doctor).\n    <\/p>\n<p>        <img loading=\"lazy\" decoding=\"async\" src=\"https:\/\/www.europesays.com\/no\/wp-content\/uploads\/2026\/01\/83832907.webp.webp\" width=\"579\" height=\"614\" title=\"Duk&#10;(kr 2350,&#10;Chamois).\" alt=\"\" class=\"\" style=\"--aspect-ratio-image: 0.94; \"\/><\/p>\n<p>\n        Duk<br \/>\n(kr 2350,<br \/>\nChamois).\n    <\/p>\n<p>        <img loading=\"lazy\" decoding=\"async\" src=\"https:\/\/www.europesays.com\/no\/wp-content\/uploads\/2026\/01\/83832908.webp.webp\" width=\"579\" height=\"684\" title=\"Speil (kr 1500,&#10;Hanah Home).\" alt=\"\" class=\"\" style=\"--aspect-ratio-image: 0.85; \"\/><\/p>\n<p>\n        Speil (kr 1500,<br \/>\nHanah Home).\n    <\/p>\n<p>        <img loading=\"lazy\" decoding=\"async\" src=\"https:\/\/www.europesays.com\/no\/wp-content\/uploads\/2026\/01\/83832904.webp.webp\" width=\"686\" height=\"1036\" title=\"Taklampe&#10;(kr 3200,&#10;Design&#10;For The&#10;People).\" alt=\"\" class=\"\" style=\"--aspect-ratio-image: 0.66; \"\/><\/p>\n<p>\n        Taklampe<br \/>\n(kr 3200,<br \/>\nDesign<br \/>\nFor The<br \/>\nPeople).\n    <\/p>\n<p>        <img loading=\"lazy\" decoding=\"async\" src=\"https:\/\/www.europesays.com\/no\/wp-content\/uploads\/2026\/01\/83832905.webp.webp\" width=\"686\" height=\"686\" title=\"Bord&#10;(kr 2500,&#10;Bloomingville).\" alt=\"\" class=\"\" style=\"--aspect-ratio-image: 1.00; \"\/><\/p>\n<p>\n        Bord<br \/>\n(kr 2500,<br \/>\nBloomingville).\n    <\/p>\n<p>        <img loading=\"lazy\" decoding=\"async\" src=\"https:\/\/www.europesays.com\/no\/wp-content\/uploads\/2026\/01\/83832906.webp.webp\" width=\"579\" height=\"690\" title=\"Skap i eik&#10;(kr 25 300,&#10;Ferm Living).\" alt=\"\" class=\"\" style=\"--aspect-ratio-image: 0.84; \"\/><\/p>\n<p>\n        Skap i eik<br \/>\n(kr 25 300,<br \/>\nFerm Living).\n    <\/p>\n<p>        <img loading=\"lazy\" decoding=\"async\" src=\"https:\/\/www.europesays.com\/no\/wp-content\/uploads\/2026\/01\/83832916.webp.webp\" width=\"579\" height=\"423\" title=\"Lenestol (kr 9900,&#10;Sofacompany).\" alt=\"\" class=\"\" style=\"--aspect-ratio-image: 1.37; \"\/><\/p>\n<p>\n        Lenestol (kr 9900,<br \/>\nSofacompany).\n    <\/p>\n<p>        <img loading=\"lazy\" decoding=\"async\" src=\"https:\/\/www.europesays.com\/no\/wp-content\/uploads\/2026\/01\/83832912.webp.webp\" width=\"579\" height=\"684\" title=\"Sett med&#10;to fat&#10;(kr 390,&#10;Jotex).\" alt=\"\" class=\"\" style=\"--aspect-ratio-image: 0.85; \"\/><\/p>\n<p>\n        Sett med<br \/>\nto fat<br \/>\n(kr 390,<br \/>\nJotex).\n    <\/p>\n<p>        <img loading=\"lazy\" decoding=\"async\" src=\"https:\/\/www.europesays.com\/no\/wp-content\/uploads\/2026\/01\/83832913.webp.webp\" width=\"686\" height=\"686\" title=\"Rutete teppe&#10;(kr 3495, Ikea).\" alt=\"\" class=\"\" style=\"--aspect-ratio-image: 1.00; \"\/><\/p>\n<p>\n        Rutete teppe<br \/>\n(kr 3495, Ikea).\n    <\/p>\n<p>        <img loading=\"lazy\" decoding=\"async\" src=\"https:\/\/www.europesays.com\/no\/wp-content\/uploads\/2026\/01\/83832915.webp.webp\" width=\"579\" height=\"394\" title=\"Salongbord&#10;(kr 2800,&#10;Nordform).\" alt=\"\" class=\"\" style=\"--aspect-ratio-image: 1.47; \"\/><\/p>\n<p>\n        Salongbord<br \/>\n(kr 2800,<br \/>\nNordform).\n    <\/p>\n<p>        <img loading=\"lazy\" decoding=\"async\" src=\"https:\/\/www.europesays.com\/no\/wp-content\/uploads\/2026\/01\/83832909.webp.webp\" width=\"579\" height=\"753\" title=\"Teppe (kr 450,&#10;H&amp;M Home).\" alt=\"\" class=\"\" style=\"--aspect-ratio-image: 0.77; \"\/><\/p>\n<p>\n        Teppe (kr 450,<br \/>\nH&amp;M Home).\n    <\/p>\n<p class=\"italic m-italic\" data-lab-italic=\"italic\">Av: Jeanette Hoff<\/p>\n","protected":false},"excerpt":{"rendered":"Interi\u00f8r: Iben og mannen hennes har skapt et hjem fullt av sjel \u2013 et sted der fransk loppeglede,&hellip;\n","protected":false},"author":2,"featured_media":126683,"comment_status":"","ping_status":"","sticky":false,"template":"","format":"standard","meta":{"footnotes":""},"categories":[58],"tags":[237,4698,71,4699,4700,30,28,29,72],"class_list":{"0":"post-126682","1":"post","2":"type-post","3":"status-publish","4":"format-standard","5":"has-post-thumbnail","7":"category-underholdning","8":"tag-bolig","9":"tag-dekor","10":"tag-entertainment","11":"tag-innredning","12":"tag-interior","13":"tag-no","14":"tag-norge","15":"tag-norway","16":"tag-underholdning"},"share_on_mastodon":{"url":"https:\/\/pubeurope.com\/@no\/115823220263304543","error":""},"_links":{"self":[{"href":"https:\/\/www.europesays.com\/no\/wp-json\/wp\/v2\/posts\/126682","targetHints":{"allow":["GET"]}}],"collection":[{"href":"https:\/\/www.europesays.com\/no\/wp-json\/wp\/v2\/posts"}],"about":[{"href":"https:\/\/www.europesays.com\/no\/wp-json\/wp\/v2\/types\/post"}],"author":[{"embeddable":true,"href":"https:\/\/www.europesays.com\/no\/wp-json\/wp\/v2\/users\/2"}],"replies":[{"embeddable":true,"href":"https:\/\/www.europesays.com\/no\/wp-json\/wp\/v2\/comments?post=126682"}],"version-history":[{"count":0,"href":"https:\/\/www.europesays.com\/no\/wp-json\/wp\/v2\/posts\/126682\/revisions"}],"wp:featuredmedia":[{"embeddable":true,"href":"https:\/\/www.europesays.com\/no\/wp-json\/wp\/v2\/media\/126683"}],"wp:attachment":[{"href":"https:\/\/www.europesays.com\/no\/wp-json\/wp\/v2\/media?parent=126682"}],"wp:term":[{"taxonomy":"category","embeddable":true,"href":"https:\/\/www.europesays.com\/no\/wp-json\/wp\/v2\/categories?post=126682"},{"taxonomy":"post_tag","embeddable":true,"href":"https:\/\/www.europesays.com\/no\/wp-json\/wp\/v2\/tags?post=126682"}],"curies":[{"name":"wp","href":"https:\/\/api.w.org\/{rel}","templated":true}]}}