{"id":126684,"date":"2026-01-02T02:56:10","date_gmt":"2026-01-02T02:56:10","guid":{"rendered":"https:\/\/www.europesays.com\/no\/126684\/"},"modified":"2026-01-02T02:56:10","modified_gmt":"2026-01-02T02:56:10","slug":"ukraina-vil-ikke-gi-etter","status":"publish","type":"post","link":"https:\/\/www.europesays.com\/no\/126684\/","title":{"rendered":"Ukraina vil ikke gi etter"},"content":{"rendered":"\n<ul class=\"_list_o9xde_3 _list_64s2r_85 _unordered_o9xde_106 text-sans-m\">\n<li class=\"_item_o9xde_30\">Zelenskyj vil avslutte krigen, men ikke p\u00e5 bekostning av Ukraina.<\/li>\n<li class=\"_item_o9xde_30\">Russlands anklager om ukrainsk droneangrep p\u00e5 Putins hjem avvises av Kyiv.<\/li>\n<li class=\"_item_o9xde_30\">EU og Zelenskyj kaller anklagene \u00abl\u00f8gner\u00bb og \u00abdistraksjoner\u00bb.<\/li>\n<li class=\"_item_o9xde_30\">Zelenskyj understreker viktigheten av sterke fredsavtaler.<\/li>\n<li class=\"_item_o9xde_30\">Putin lover st\u00f8tte til sine soldater og optimisme om seier.<\/li>\n<\/ul>\n<p>Vis mer <\/p>\n<p class=\"_paragraph_o9xde_4 _paragraph_xtcu6_10 layout-component text-serif-m layout-normal text-serif-m layout-padded\">\u2013 Vi vil ha slutt p\u00e5 krigen, ikke p\u00e5 Ukraina, sa presidenten. <\/p>\n<p class=\"_paragraph_o9xde_4 _paragraph_xtcu6_10 layout-component text-serif-m layout-normal text-serif-m layout-padded\">Han bekreftet at 90 prosent av en fredsavtale med Russland er klar, men at de vanskeligste ti prosentene gjenst\u00e5r.<\/p>\n<p class=\"_paragraph_o9xde_4 _paragraph_xtcu6_10 layout-component text-serif-m layout-normal text-serif-m layout-padded\">\u2013 Det er disse som vil avgj\u00f8re fredens skjebne, Ukrainas skjebne og Europas skjebne, sa  Zelenskyj i sin 20 minutter lange tale til nasjonen, if\u00f8lge<a href=\"https:\/\/www.bbc.com\/news\/articles\/cddg7100ym2o\" class=\"_link_o9xde_39\" rel=\"nofollow noopener\" target=\"_blank\"> BBC.<\/a><\/p>\n<p><img alt=\"Klart budskap fra Volodymyr Zelenskyj i hans nytt\u00e5rstale.  Foto: zelenskyy_official\/Instagram\" class=\"_image_qp4xg_65 layout-component layout-normal\" data-fullscreen- data-track-element-type=\"Article image fullscreen\" data-track-name=\"ImageFullscreen\" decoding=\"async\" loading=\"lazy\" height=\"799\" itemprop=\"image\"  src=\"https:\/\/www.europesays.com\/no\/wp-content\/uploads\/2026\/01\/b8335820-7f91-405d-94c3-4b7d4a8eedd3.png\"  style=\"object-position:0% 0%\" width=\"1056\"\/>Klart budskap fra Volodymyr Zelenskyj i hans nytt\u00e5rstale.  Foto: zelenskyy_official\/Instagram<\/p>\n<p class=\"_paragraph_o9xde_4 _paragraph_xtcu6_10 layout-component text-serif-m layout-normal text-serif-m layout-padded\">Uttalelsen kommer nesten fire \u00e5r etter Russlands fullskala invasjon av Ukraina.<\/p>\n<p class=\"_paragraph_o9xde_4 _paragraph_xtcu6_10 layout-component text-serif-m layout-normal text-serif-m layout-padded\">Samme dag som Zelenskyj holdt sin tale, kom Russland med alvorlige beskyldninger. Moskva <a href=\"https:\/\/www.vg.no\/nyheter\/i\/e780vl\/bestrider-at-putins-luksusbolig-var-under-angrep-bare-mulig-ved-et-mirakel\" data-track-element-type=\"Link\" data-track-id=\"link:e780vl\" class=\"_link_o9xde_39\" rel=\"nofollow noopener\" target=\"_blank\">hevder Ukraina har brukt droner for \u00e5 angripe president Vladimir Putins private luksusbolig<\/a> ved Valdai-sj\u00f8en nordvest i Russland.<\/p>\n<p><img alt=\"Det russiske forsvarsdepartementet offentliggjorde et kart som det hevder viste ruten til de ukrainske dronene.  Foto: Russian Defence Ministry\" class=\"_image_qp4xg_65 layout-component layout-normal\" data-fullscreen- data-track-element-type=\"Article image fullscreen\" data-track-name=\"ImageFullscreen\" decoding=\"async\" loading=\"lazy\" height=\"864\" itemprop=\"image\"  src=\"https:\/\/www.europesays.com\/no\/wp-content\/uploads\/2026\/01\/5eb2bc82-6405-4df8-bb54-7793f56e9bfa.jpeg\"  style=\"object-position:0% 0%\" width=\"1536\"\/>Det russiske forsvarsdepartementet offentliggjorde et kart som det hevder viste ruten til de ukrainske dronene.  Foto: Russian Defence Ministry<\/p>\n<p class=\"_paragraph_o9xde_4 _paragraph_xtcu6_10 layout-component text-serif-m layout-normal text-serif-m layout-padded\">Russland la frem det de sa var bevis: Et kart som angivelig viser at dronene ble skutt opp fra Sumy- og Tsjernihiv-regionene i Ukraina, og en video av en nedskutt drone som ligger i sn\u00f8dekt skog.<\/p>\n<p class=\"_paragraph_o9xde_4 _paragraph_xtcu6_10 layout-component text-serif-m layout-normal text-serif-m layout-padded\">En russisk soldat som st\u00e5r ved vraket hevder det er en ukrainsk Chaklun-drone.<\/p>\n<p><img alt=\"Det russiske forsvarsdepartementet hevder dette er en ukrainsk drone ved president Putins bolig.  Foto: Russian Defence Ministry \/ Reuters \/ NTB\" class=\"_image_qp4xg_65 layout-component layout-normal\" data-fullscreen- data-track-element-type=\"Article image fullscreen\" data-track-name=\"ImageFullscreen\" decoding=\"async\" loading=\"lazy\" height=\"2022\" itemprop=\"image\"  src=\"https:\/\/www.europesays.com\/no\/wp-content\/uploads\/2026\/01\/3628c28f-92e3-4285-a81c-8a18f74796dc.jpeg\"  style=\"object-position:0% 0%\" width=\"3600\"\/>Det russiske forsvarsdepartementet hevder dette er en ukrainsk drone ved president Putins bolig.  Foto: Russian Defence Ministry \/ Reuters \/ NTB<\/p>\n<p class=\"_paragraph_o9xde_4 _paragraph_xtcu6_10 layout-component text-serif-m layout-normal text-serif-m layout-padded\">BBC har ikke kunnet verifisere opptakene, og det er ikke mulig \u00e5 fastsl\u00e5 hvor videoen er tatt.<\/p>\n<p class=\"_paragraph_o9xde_4 _paragraph_xtcu6_10 layout-component text-serif-m layout-normal text-serif-m layout-padded\">Kyiv avviser anklagene kategorisk.<\/p>\n<p> \u2013 L\u00f8gner og distraksjoner<\/p>\n<p class=\"_paragraph_o9xde_4 _paragraph_xtcu6_10 layout-component text-serif-m layout-normal text-serif-m layout-padded\">Ukraina benekter p\u00e5 det sterkeste \u00e5 st\u00e5 bak det p\u00e5st\u00e5tte angrepet. <\/p>\n<p class=\"_paragraph_o9xde_4 _paragraph_xtcu6_10 layout-component text-serif-m layout-normal text-serif-m layout-padded\"><strong class=\"_strong_o9xde_25\">Zelenskyj kalte beskyldningene for \u00abtypiske russiske l\u00f8gner\u00bb.<\/strong><\/p>\n<p class=\"_paragraph_o9xde_4 _paragraph_xtcu6_10 layout-component text-serif-m layout-normal text-serif-m layout-padded\">Kreml sa at Russland vil vurdere sin posisjon i de p\u00e5g\u00e5ende fredsforhandlingene som f\u00f8lge av den p\u00e5st\u00e5tte hendelsen.<\/p>\n<p class=\"_paragraph_o9xde_4 _paragraph_xtcu6_10 layout-component text-serif-m layout-normal text-serif-m layout-padded\">EUs toppdiplomat Kaja Kallas beskrev de russiske p\u00e5standene som en \u00abbevisst distraksjon\u00bb og et fors\u00f8k p\u00e5 \u00e5 avspore fredsprosessen.<\/p>\n<p class=\"_paragraph_o9xde_4 _paragraph_xtcu6_10 layout-component text-serif-m layout-normal text-serif-m layout-padded\">USAs funn tyder p\u00e5 <a href=\"https:\/\/www.vg.no\/nyheter\/i\/vrQplp\/wsj-usa-mener-ukraina-ikke-utfoerte-et-maalrettet-angrep-mot-putins-bolig\" data-track-element-type=\"Link\" data-track-id=\"link:vrQplp\" class=\"_link_o9xde_39\" rel=\"nofollow noopener\" target=\"_blank\">at Ukraina ikke gjennomf\u00f8rte et angrep mot Putins bolig <\/a>i Novgorod-distriktet, i f\u00f8lge offisielle sikkerhetskilders uttalelser til Wall Street Journal.<\/p>\n<p class=\"_paragraph_o9xde_4 _paragraph_xtcu6_10 layout-component text-serif-m layout-normal text-serif-m layout-padded\">1. nytt\u00e5rsdag kom nye anklager mot ukraina. Da hevdet den russisk-utnevnte guvern\u00f8ren i Kherson-regionen, Vladimir Saldo, at tre ukrainske droner traff et hotell i byen Khroly og drepte minst 20 mennesker i en nytt\u00e5rsfeiring. Disse anklagene kommer ogs\u00e5 p\u00e5 et kritisk tidspunkt mens det p\u00e5g\u00e5r samtaler som har som m\u00e5l \u00e5 megle frem fred. <\/p>\n<p class=\"_paragraph_o9xde_4 _paragraph_xtcu6_10 layout-component text-serif-m layout-normal text-serif-m layout-padded\">Fra Kreml var Vladimirs Putins nytt\u00e5rstale langt kortere enn Zelenskyjs. <\/p>\n<p><img alt=\"Vladimir Putin holdt en kort nytt\u00e5rstale til det russiske folk p\u00e5 \u00e5rets siste dag.  Foto: MIKHAIL METZEL\/SPUTNIK\/Kreml POOL \/ POOL \/ EPA \/ NTB\" class=\"_image_qp4xg_65 layout-component layout-normal\" data-fullscreen- data-track-element-type=\"Article image fullscreen\" data-track-name=\"ImageFullscreen\" decoding=\"async\" loading=\"lazy\" height=\"5164\" itemprop=\"image\"  src=\"https:\/\/www.europesays.com\/no\/wp-content\/uploads\/2026\/01\/20e35e83-dc99-49df-a8fc-19719cefb92e.jpeg\"  style=\"object-position:0% 0%\" width=\"7559\"\/>Vladimir Putin holdt en kort nytt\u00e5rstale til det russiske folk p\u00e5 \u00e5rets siste dag.  Foto: MIKHAIL METZEL\/SPUTNIK\/Kreml POOL \/ POOL \/ EPA \/ NTB<\/p>\n<p class=\"_paragraph_o9xde_4 _paragraph_xtcu6_10 layout-component text-serif-m layout-normal text-serif-m layout-padded\">Da han omtalte krigen i Ukraina, som Moskva fortsatt beskriver som en \u00abspesiell milit\u00e6roperasjon\u00bb, sa Putin:<\/p>\n<p class=\"_paragraph_o9xde_4 _paragraph_xtcu6_10 layout-component text-serif-m layout-normal text-serif-m layout-padded\">\u2013 Vi streber etter \u00e5 bringe glede og varme gjennom v\u00e5r omsorg for de som trenger st\u00f8tte og selvf\u00f8lgelig; \u00e5 st\u00e5 ved siden av v\u00e5re helter \u2013 deltagerne i den spesielle milit\u00e6roperasjonen \u2013 b\u00e5de i ord og gjerning.<\/p>\n<p class=\"_paragraph_o9xde_4 _paragraph_xtcu6_10 layout-component text-serif-m layout-normal text-serif-m layout-padded\">\u00abVi tror p\u00e5 dere og v\u00e5r seier\u00bb, la Putin til.<\/p>\n<p> \u2013 Svake avtaler gir n\u00e6ring til krig<\/p>\n<p class=\"_paragraph_o9xde_4 _paragraph_xtcu6_10 layout-component text-serif-m layout-normal text-serif-m layout-padded\">I nytt\u00e5rstalen sin takket Zelenskyj ledere som har st\u00f8ttet Ukraina, men sa ogs\u00e5 at \u00abintensjoner m\u00e5 bli sikkerhetsgarantier, og derfor \u2013 bli ratifisert\u00bb.<\/p>\n<p class=\"_paragraph_o9xde_4 _paragraph_xtcu6_10 layout-component text-serif-m layout-normal text-serif-m layout-padded\">Etter samtaler mellom Zelenskyj og Donald Trump i Florida tidligere denne uken, sa den ukrainske presidenten at Washington har tilbudt sikkerhetsgarantier i 15 \u00e5r. Men at en tidsramme for implementeringen enn\u00e5 ikke er klar.<\/p>\n<p><img alt=\"Marsj for fred. Det Zelenskyj \u00f8nsker seg minst er en svak fredsavtale. Her fra m\u00f8tet med president Donald Trump p\u00e5 hans Mar-a-Lago i Florida den siste s\u00f8ndagen i 2025.  Foto: JIM WATSON \/ AFP \/ NTB\" class=\"_image_qp4xg_65 layout-component layout-normal\" data-fullscreen- data-track-element-type=\"Article image fullscreen\" data-track-name=\"ImageFullscreen\" decoding=\"async\" loading=\"lazy\" height=\"4464\" itemprop=\"image\"  src=\"https:\/\/www.europesays.com\/no\/wp-content\/uploads\/2026\/01\/ab3b220e-4f90-4e19-b7ad-27a079fcbb51.png\"  style=\"object-position:0% 0%\" width=\"6696\"\/>Marsj for fred. Det Zelenskyj \u00f8nsker seg minst er en svak fredsavtale. Her fra m\u00f8tet med president Donald Trump p\u00e5 hans Mar-a-Lago i Florida den siste s\u00f8ndagen i 2025.  Foto: JIM WATSON \/ AFP \/ NTB<\/p>\n<p class=\"_paragraph_o9xde_4 _paragraph_xtcu6_10 layout-component text-serif-m layout-normal text-serif-m layout-padded\">\u2013 Signaturer under svake avtaler gir bare n\u00e6ring til krig, sa Zelenskyj og la til: <\/p>\n<p class=\"_paragraph_o9xde_4 _paragraph_xtcu6_10 layout-component text-serif-m layout-normal text-serif-m layout-padded\"><strong class=\"_strong_o9xde_25\">\u2013 Enten stopper verden Russlands krig, ellers drar Russland verden inn i sin krig.<\/strong><\/p>\n<p class=\"_paragraph_o9xde_4 _paragraph_xtcu6_10 layout-component text-serif-m layout-normal text-serif-m layout-padded\">Zelenskyj har uttrykt \u00f8nske om at fredsforhandlinger skal gjenopptas og akselereres denne m\u00e5neden med involvering av b\u00e5de amerikanske og europeiske tjenestemenn.<\/p>\n<p class=\"_paragraph_o9xde_4 _paragraph_xtcu6_10 layout-component text-serif-m layout-normal text-serif-m layout-padded\">Frankrikes president Emmanuel Macron sa at europeiske stater og allierte som skal m\u00f8tes i Paris 6. januar \u00abvil gj\u00f8re konkrete forpliktelser for \u00e5 beskytte Ukraina og sikre en rettferdig og varig fred p\u00e5 v\u00e5rt europeiske kontinent\u00bb.<\/p>\n<p class=\"_paragraph_o9xde_4 _paragraph_xtcu6_10 layout-component text-serif-m layout-normal text-serif-m layout-padded\">P\u00e5 \u00e5rets siste dag holdt Trumps r\u00e5dgivere samtaler med Zelenskyj og nasjonale sikkerhetsr\u00e5dgivere fra Storbritannia, Frankrike og Tyskland om \u00e5 avslutte krigen i Ukraina.<\/p>\n<p> Alt vil v\u00e6re over<\/p>\n<p class=\"_paragraph_o9xde_4 _paragraph_xtcu6_10 layout-component text-serif-m layout-normal text-serif-m layout-padded\">Gjennom hele konflikten har Russland holdt fast ved sitt m\u00e5l om full kontroll over Donbas.<\/p>\n<p class=\"_paragraph_o9xde_4 _paragraph_xtcu6_10 layout-component text-serif-m layout-normal text-serif-m layout-padded\"><strong class=\"_strong_o9xde_25\">President Zelenskyj advarte om at en ukrainsk tilbaketrekning fra den \u00f8stlige Donbas-regionen betyr at \u00abalt vil v\u00e6re over\u00bb.<\/strong><\/p>\n<p class=\"_paragraph_o9xde_4 _paragraph_xtcu6_10 layout-component text-serif-m layout-normal text-serif-m layout-padded\">Dette er en referanse til Russlands maksimalistiske krav om \u00e5 sikre full kontroll over det industrielle omr\u00e5det i enhver fredsavtale.<\/p>\n<p class=\"_paragraph_o9xde_4 _paragraph_xtcu6_10 layout-component text-serif-m layout-normal text-serif-m layout-padded\">Moskva kontrollerer for tiden rundt 75 prosent av Donetsk-regionen og rundt 99 prosent av nabofylket Luhansk. De to regionene er samlet kjent som Donbas.<\/p>\n<p><img alt=\"Nytt \u00e5r. Krigen fortsetter. Ukrainske soldater ved frontlinjen i Kharkiv-regionen p\u00e5 \u00e5rets f\u00f8rste dag i 2026.  Foto: Yevhen Titov \/ AP \/ NTB\" class=\"_image_qp4xg_65 layout-component layout-normal\" data-fullscreen- data-track-element-type=\"Article image fullscreen\" data-track-name=\"ImageFullscreen\" decoding=\"async\" loading=\"lazy\" height=\"1333\" itemprop=\"image\"  src=\"https:\/\/www.europesays.com\/no\/wp-content\/uploads\/2026\/01\/2db9917c-64b7-4a86-abee-e9e6c6357322.jpeg\"  style=\"object-position:0% 0%\" width=\"2000\"\/>Nytt \u00e5r. Krigen fortsetter. Ukrainske soldater ved frontlinjen i Kharkiv-regionen p\u00e5 \u00e5rets f\u00f8rste dag i 2026.  Foto: Yevhen Titov \/ AP \/ NTB<\/p>\n<p class=\"_paragraph_o9xde_4 _paragraph_xtcu6_10 layout-component text-serif-m layout-normal text-serif-m layout-padded\">Mens diplomatene jobber febrilsk med \u00e5 finne en l\u00f8sning, fortsetter kampene p\u00e5 bakken. Russiske tap i Ukraina stiger raskere enn noen gang, if\u00f8lge BBC-rapporter som dokumenterer en kraftig \u00f8kning i soldaters d\u00f8dsannonser.<\/p>\n<p class=\"_paragraph_o9xde_4 _paragraph_xtcu6_10 layout-component text-serif-m layout-normal text-serif-m layout-padded\">Samtidig fortsetter Ukraina \u00e5 kjempe for \u00e5 beholde territorium og forsvare sine byer mot russiske angrep.<\/p>\n","protected":false},"excerpt":{"rendered":"Zelenskyj vil avslutte krigen, men ikke p\u00e5 bekostning av Ukraina. Russlands anklager om ukrainsk droneangrep p\u00e5 Putins hjem&hellip;\n","protected":false},"author":2,"featured_media":126685,"comment_status":"","ping_status":"","sticky":false,"template":"","format":"standard","meta":{"footnotes":""},"categories":[12],"tags":[20,21,24,25,15,474,22,23,13,30,28,29,14,16,188,26,27,489,42,186,488,43,44,45],"class_list":{"0":"post-126684","1":"post","2":"type-post","3":"status-publish","4":"format-standard","5":"has-post-thumbnail","7":"category-verden","8":"tag-breaking-news","9":"tag-breakingnews","10":"tag-featured-news","11":"tag-featurednews","12":"tag-headlines","13":"tag-krig","14":"tag-latest-news","15":"tag-latestnews","16":"tag-news","17":"tag-no","18":"tag-norge","19":"tag-norway","20":"tag-nyheter","21":"tag-overskrifter","22":"tag-russland","23":"tag-top-stories","24":"tag-topstories","25":"tag-ukraina","26":"tag-verden","27":"tag-vladimir-putin","28":"tag-volodymyr-zelenskyj","29":"tag-world","30":"tag-world-news","31":"tag-worldnews"},"share_on_mastodon":{"url":"https:\/\/pubeurope.com\/@no\/115823259376021678","error":""},"_links":{"self":[{"href":"https:\/\/www.europesays.com\/no\/wp-json\/wp\/v2\/posts\/126684","targetHints":{"allow":["GET"]}}],"collection":[{"href":"https:\/\/www.europesays.com\/no\/wp-json\/wp\/v2\/posts"}],"about":[{"href":"https:\/\/www.europesays.com\/no\/wp-json\/wp\/v2\/types\/post"}],"author":[{"embeddable":true,"href":"https:\/\/www.europesays.com\/no\/wp-json\/wp\/v2\/users\/2"}],"replies":[{"embeddable":true,"href":"https:\/\/www.europesays.com\/no\/wp-json\/wp\/v2\/comments?post=126684"}],"version-history":[{"count":0,"href":"https:\/\/www.europesays.com\/no\/wp-json\/wp\/v2\/posts\/126684\/revisions"}],"wp:featuredmedia":[{"embeddable":true,"href":"https:\/\/www.europesays.com\/no\/wp-json\/wp\/v2\/media\/126685"}],"wp:attachment":[{"href":"https:\/\/www.europesays.com\/no\/wp-json\/wp\/v2\/media?parent=126684"}],"wp:term":[{"taxonomy":"category","embeddable":true,"href":"https:\/\/www.europesays.com\/no\/wp-json\/wp\/v2\/categories?post=126684"},{"taxonomy":"post_tag","embeddable":true,"href":"https:\/\/www.europesays.com\/no\/wp-json\/wp\/v2\/tags?post=126684"}],"curies":[{"name":"wp","href":"https:\/\/api.w.org\/{rel}","templated":true}]}}