{"id":126692,"date":"2026-01-02T03:25:08","date_gmt":"2026-01-02T03:25:08","guid":{"rendered":"https:\/\/www.europesays.com\/no\/126692\/"},"modified":"2026-01-02T03:25:08","modified_gmt":"2026-01-02T03:25:08","slug":"gronland-kan-ikke-annekteres","status":"publish","type":"post","link":"https:\/\/www.europesays.com\/no\/126692\/","title":{"rendered":"\u2013 Gr\u00f8nland kan ikke annekteres"},"content":{"rendered":"\n<p class=\"_lead_o9xde_2 _lead_xtcu6_50 layout-component text-serif-m layout-normal text-serif-l layout-component layout-wide layout-padded _wide_17hqh_1 layout-padded\">\u2013 Gr\u00f8nland kan ikke annekteres, slo den gr\u00f8nlandske statsministeren fast i sin nytt\u00e5rstale torsdag.<\/p>\n<p><img alt=\"\u2013 Budskapet er at landet v\u00e5rt ikke kan kj\u00f8pes eller er til salgs, sa den gr\u00f8nlandske statsministeren Jens-Frederik Nielsen i nytt\u00e5rstalen. Bildet er fra en tale han holdt i EU-parlamentet i Strasbourg i fjor h\u00f8st.  Foto: Pascal Bastien AP \/ NTB\" class=\"_image_qp4xg_65 layout-component layout-wide\" data-fullscreen- data-track-element-type=\"Article image fullscreen\" data-track-name=\"ImageFullscreen\" fetchpriority=\"high\" decoding=\"sync\" loading=\"eager\" height=\"2902\" itemprop=\"image\"  src=\"https:\/\/www.europesays.com\/no\/wp-content\/uploads\/2026\/01\/b1004d17-d4e1-4d7f-9caa-7a303eb8409f.jpeg\"  style=\"object-position:0% 0%\" width=\"4353\"\/>\u2013 Budskapet er at landet v\u00e5rt ikke kan kj\u00f8pes eller er til salgs, sa den gr\u00f8nlandske statsministeren Jens-Frederik Nielsen i nytt\u00e5rstalen. Bildet er fra en tale han holdt i EU-parlamentet i Strasbourg i fjor h\u00f8st.  Foto: Pascal Bastien AP \/ NTB<\/p>\n<ul aria-hidden=\"true\" class=\"_images_ntbth_112\">\n<li><a class=\"_link_ntbth_117\" href=\"https:\/\/www.vg.no\/forfatter\/ntb\" style=\"z-index:1\" title=\"NTB\" rel=\"nofollow noopener\" target=\"_blank\"><img alt=\"Bilde av NTB\" class=\"_image_ntbth_93\" fetchpriority=\"low\" loading=\"lazy\" decoding=\"async\" itemprop=\"image\"  src=\"https:\/\/www.europesays.com\/no\/wp-content\/uploads\/2026\/01\/1767324308_541_c33980b0-5d07-4027-84a1-813f90a7c8d6.png\"  width=\"480\"\/><\/a><\/li>\n<\/ul>\n<p> Oppdatert fredag 2. januar kl. 00:40     <\/p>\n<p class=\"_paragraph_o9xde_4 _paragraph_xtcu6_10 layout-component text-serif-m layout-normal text-serif-m layout-padded\">\u2013 Mangelen p\u00e5 respekt og nedlatenheten som er blitt vist overfor landet v\u00e5rt, har p\u00e5virket oss alle, sa Jens-Frederik Nielsen, som er leder for Naalakkersuisut, <a href=\"https:\/\/www.vg.no\/tag\/groenland?utm_source=vg-article&amp;utm_medium=auto-tagger&amp;utm_campaign=8pmo0G\" class=\"_link_o9xde_39\" rel=\"nofollow noopener\" target=\"_blank\">Gr\u00f8nlands<\/a> regjering, i nytt\u00e5rstalen.<\/p>\n<p class=\"_paragraph_o9xde_4 _paragraph_xtcu6_10 layout-component text-serif-m layout-normal text-serif-m layout-padded\">I talen trakk han fram amerikansk interesse for Gr\u00f8nland og snakket om mangel p\u00e5 respekt. Han viste blant annet til demonstrasjonen mot USA og Trump som ble holdt i Nuuk 15. mars.<\/p>\n<p class=\"_paragraph_o9xde_4 _paragraph_xtcu6_10 layout-component text-serif-m layout-normal text-serif-m layout-padded\">Han forteller hvordan demonstrasjonen endte med \u00e5 bli en av de st\u00f8rste i landets historie.<\/p>\n<p class=\"_paragraph_o9xde_4 _paragraph_xtcu6_10 layout-component text-serif-m layout-normal text-serif-m layout-padded\">\u2013 Budskapet er at landet v\u00e5rt ikke kan kj\u00f8pes eller er til salgs, sa Jens-Frederik Nielsen i talen.<\/p>\n<p class=\"_paragraph_o9xde_4 _paragraph_xtcu6_10 layout-component text-serif-m layout-normal text-serif-m layout-padded\">\u2013 Hendelsene de siste dagene har dessverre gjort at vi har m\u00e5ttet gjenta dette budskapet, la han til.<\/p>\n<p class=\"_paragraph_o9xde_4 _paragraph_xtcu6_10 layout-component text-serif-m layout-normal text-serif-m layout-padded\">President Donald Trump gjentok rett f\u00f8r jul at USA \u00abtrenger Gr\u00f8nland\u00bb av hensyn til USAs nasjonale sikkerhet. B\u00e5de Danmark og Gr\u00f8nland avviser kravet.<\/p>\n<p class=\"_paragraph_o9xde_4 _paragraph_xtcu6_10 layout-component text-serif-m layout-normal text-serif-m layout-padded\">Den gr\u00f8nlandske regjeringen kalles Naalakkersuisut og kan oversettes til \u00abdem som bestemmer\u00bb.<\/p>\n","protected":false},"excerpt":{"rendered":"\u2013 Gr\u00f8nland kan ikke annekteres, slo den gr\u00f8nlandske statsministeren fast i sin nytt\u00e5rstale torsdag. \u2013 Budskapet er at&hellip;\n","protected":false},"author":2,"featured_media":126693,"comment_status":"","ping_status":"","sticky":false,"template":"","format":"standard","meta":{"footnotes":""},"categories":[12],"tags":[20,21,24,25,2112,15,22,23,13,30,28,29,14,16,26,27,50,42,43,44,45],"class_list":{"0":"post-126692","1":"post","2":"type-post","3":"status-publish","4":"format-standard","5":"has-post-thumbnail","7":"category-verden","8":"tag-breaking-news","9":"tag-breakingnews","10":"tag-featured-news","11":"tag-featurednews","12":"tag-gronland","13":"tag-headlines","14":"tag-latest-news","15":"tag-latestnews","16":"tag-news","17":"tag-no","18":"tag-norge","19":"tag-norway","20":"tag-nyheter","21":"tag-overskrifter","22":"tag-top-stories","23":"tag-topstories","24":"tag-usa","25":"tag-verden","26":"tag-world","27":"tag-world-news","28":"tag-worldnews"},"share_on_mastodon":{"url":"https:\/\/pubeurope.com\/@no\/115823373369132937","error":""},"_links":{"self":[{"href":"https:\/\/www.europesays.com\/no\/wp-json\/wp\/v2\/posts\/126692","targetHints":{"allow":["GET"]}}],"collection":[{"href":"https:\/\/www.europesays.com\/no\/wp-json\/wp\/v2\/posts"}],"about":[{"href":"https:\/\/www.europesays.com\/no\/wp-json\/wp\/v2\/types\/post"}],"author":[{"embeddable":true,"href":"https:\/\/www.europesays.com\/no\/wp-json\/wp\/v2\/users\/2"}],"replies":[{"embeddable":true,"href":"https:\/\/www.europesays.com\/no\/wp-json\/wp\/v2\/comments?post=126692"}],"version-history":[{"count":0,"href":"https:\/\/www.europesays.com\/no\/wp-json\/wp\/v2\/posts\/126692\/revisions"}],"wp:featuredmedia":[{"embeddable":true,"href":"https:\/\/www.europesays.com\/no\/wp-json\/wp\/v2\/media\/126693"}],"wp:attachment":[{"href":"https:\/\/www.europesays.com\/no\/wp-json\/wp\/v2\/media?parent=126692"}],"wp:term":[{"taxonomy":"category","embeddable":true,"href":"https:\/\/www.europesays.com\/no\/wp-json\/wp\/v2\/categories?post=126692"},{"taxonomy":"post_tag","embeddable":true,"href":"https:\/\/www.europesays.com\/no\/wp-json\/wp\/v2\/tags?post=126692"}],"curies":[{"name":"wp","href":"https:\/\/api.w.org\/{rel}","templated":true}]}}