{"id":126695,"date":"2026-01-02T03:38:09","date_gmt":"2026-01-02T03:38:09","guid":{"rendered":"https:\/\/www.europesays.com\/no\/126695\/"},"modified":"2026-01-02T03:38:09","modified_gmt":"2026-01-02T03:38:09","slug":"star-i-fare-for-a-rakne-adressa-no","status":"publish","type":"post","link":"https:\/\/www.europesays.com\/no\/126695\/","title":{"rendered":"St\u00e5r i fare for \u00e5 rakne &#8211; adressa.no"},"content":{"rendered":"<ol>\n<li><a href=\"https:\/\/news.google.com\/rss\/articles\/CBMidEFVX3lxTE9JTjQ3UlU1TEEyaHo5QTZhM1BiOFhQYjk1N2hDdWhmRE4yMF9RNUdweDQ4dE12MGhlcEhwVU5MSTZ6ZS02VjNYemM2MXhtanNpdF8yeGNNdkhVbGFpRDBCNmNCQ2RTT3N6Y1FEWVN1Skh0TUJh?oc=5\" target=\"_blank\" rel=\"nofollow noopener\">St\u00e5r i fare for \u00e5 rakne<\/a>&nbsp;&nbsp;adressa.no<\/li>\n<li><a href=\"https:\/\/news.google.com\/rss\/articles\/CBMimgFBVV95cUxPWG5NMFF0XzhkZUVjZTM5MlZIMFJzUXZyZERGeGhPUEQ4RmdqaXF4U2dVNUtXeThteDRXVFVfOWJJUktOMEQxTnB1TFE3VXpnTk9wUzVxUEFnaFRsVEZPd2dVekxRd3ZMZzdfLTYtVUgtbmxFazNDRXpwMUdJZzJlU3psM25Wd19uODJCMTBLU1JlWnZNTE1hYlRR?oc=5\" target=\"_blank\" rel=\"nofollow noopener\">Steiler av bildene etter suveren Kl\u00e6bo-seier: \u2013 Helt merkelig<\/a>&nbsp;&nbsp;TV2.no<\/li>\n<li><a href=\"https:\/\/news.google.com\/rss\/articles\/CBMib0FVX3lxTE8yZEVkWEotOXNpRld4YmRkWjhYY1A3T2xCckk4XzcxX1J5ZUZjZjI5aXBQc2JEWHBlQmpvRHBnN2loYnV2MFhjb1RNZFVucjZlbHlrcnNWQUNpbVcwZEgzVGI3aUI1S2pJSm9zU1Z4WQ?oc=5\" target=\"_blank\" rel=\"nofollow noopener\">&#8211; Hva er Kl\u00e6bo laget av?<\/a>&nbsp;&nbsp;Dagbladet<\/li>\n<li><a href=\"https:\/\/news.google.com\/rss\/articles\/CBMihwFBVV95cUxQdFV1WEVBMDI2eWV4bWNDNzJoQ2V1T0hYRnBTRVEzYXk3bWdzbzdjMVQ5amo2a01ZNTRULWNsZmcxdERuaV9WYzhnWllqajhib2J5UHdqWm55c0NDN1hXTEFKM2ROSDJFTGZmR2ZzejVNbk5KUmJVVmRzdTNkbXNQOHFIdGlXOU0?oc=5\" target=\"_blank\" rel=\"nofollow noopener\">Langrenn, Johannes h\u00f8sflot Kl\u00e6bo | Kl\u00e6bo \u00f8kte ledelsen i Tour de Ski<\/a>&nbsp;&nbsp;Nettavisen<\/li>\n<li><a href=\"https:\/\/news.google.com\/rss\/articles\/CBMimwFBVV95cUxQcDNoQV9nemRPbl8wSTJmZ0kwUDQzVUNYR1J1NEVrdEkzZkVDZGtsbFRtampxcFd0MXVHemJqVzJwSDVvaGNvRmxwNGxJTy1MT3V0Nk1zQmc5WXhUWTlyMmZrNi1QY1pDc1BxaXA3eG9ZVnVrYXVIMGV6WndXQ2xzVXR6WVJVMGoycnU0LXM0eGpVZEk4QURrNFF4QQ?oc=5\" target=\"_blank\" rel=\"nofollow noopener\">Maktdemonstrasjon av Kl\u00e6bo \u2013 Valnes raknet fullstendig<\/a>&nbsp;&nbsp;Aftenposten<\/li>\n<\/ol>\n","protected":false},"excerpt":{"rendered":"St\u00e5r i fare for \u00e5 rakne&nbsp;&nbsp;adressa.no Steiler av bildene etter suveren Kl\u00e6bo-seier: \u2013 Helt merkelig&nbsp;&nbsp;TV2.no &#8211; Hva er&hellip;\n","protected":false},"author":2,"featured_media":126696,"comment_status":"","ping_status":"","sticky":false,"template":"","format":"standard","meta":{"footnotes":""},"categories":[5],"tags":[8812,20,21,3647,24,25,15,19,711,14223,794,398,22,23,17,18,13,30,28,29,14,16,26,27,12662],"class_list":{"0":"post-126695","1":"post","2":"type-post","3":"status-publish","4":"format-standard","5":"has-post-thumbnail","7":"category-overskrifter","8":"tag-birger-lofaldli","9":"tag-breaking-news","10":"tag-breakingnews","11":"tag-emil-iversen","12":"tag-featured-news","13":"tag-featurednews","14":"tag-headlines","15":"tag-hovedoppslag","16":"tag-johannes-hosflot-klaebo","17":"tag-kare-hosflot","18":"tag-kristine-stavas-skistad","19":"tag-langrenn","20":"tag-latest-news","21":"tag-latestnews","22":"tag-main-news","23":"tag-mainnews","24":"tag-news","25":"tag-no","26":"tag-norge","27":"tag-norway","28":"tag-nyheter","29":"tag-overskrifter","30":"tag-top-stories","31":"tag-topstories","32":"tag-tour-de-ski"},"share_on_mastodon":{"url":"https:\/\/pubeurope.com\/@no\/115823424507469938","error":""},"_links":{"self":[{"href":"https:\/\/www.europesays.com\/no\/wp-json\/wp\/v2\/posts\/126695","targetHints":{"allow":["GET"]}}],"collection":[{"href":"https:\/\/www.europesays.com\/no\/wp-json\/wp\/v2\/posts"}],"about":[{"href":"https:\/\/www.europesays.com\/no\/wp-json\/wp\/v2\/types\/post"}],"author":[{"embeddable":true,"href":"https:\/\/www.europesays.com\/no\/wp-json\/wp\/v2\/users\/2"}],"replies":[{"embeddable":true,"href":"https:\/\/www.europesays.com\/no\/wp-json\/wp\/v2\/comments?post=126695"}],"version-history":[{"count":0,"href":"https:\/\/www.europesays.com\/no\/wp-json\/wp\/v2\/posts\/126695\/revisions"}],"wp:featuredmedia":[{"embeddable":true,"href":"https:\/\/www.europesays.com\/no\/wp-json\/wp\/v2\/media\/126696"}],"wp:attachment":[{"href":"https:\/\/www.europesays.com\/no\/wp-json\/wp\/v2\/media?parent=126695"}],"wp:term":[{"taxonomy":"category","embeddable":true,"href":"https:\/\/www.europesays.com\/no\/wp-json\/wp\/v2\/categories?post=126695"},{"taxonomy":"post_tag","embeddable":true,"href":"https:\/\/www.europesays.com\/no\/wp-json\/wp\/v2\/tags?post=126695"}],"curies":[{"name":"wp","href":"https:\/\/api.w.org\/{rel}","templated":true}]}}