{"id":126697,"date":"2026-01-02T03:43:10","date_gmt":"2026-01-02T03:43:10","guid":{"rendered":"https:\/\/www.europesays.com\/no\/126697\/"},"modified":"2026-01-02T03:43:10","modified_gmt":"2026-01-02T03:43:10","slug":"velkommen-tilbake-til-livet","status":"publish","type":"post","link":"https:\/\/www.europesays.com\/no\/126697\/","title":{"rendered":"&#8211; Velkommen tilbake til livet"},"content":{"rendered":"<p class=\"kicker \" style=\"\">Skal ha lurt russerne:<\/p>\n<p>  Den kontroversielle militslederen Denis Kapustin ble meldt drept i et russisk droneangrep. N\u00e5 hevder ukrainsk etterretning at d\u00f8dsfallet var iscenesatt for \u00e5 hindre et attentat fra Moskva.<\/p>\n<p>\n    LEVER: Denis Kapustin. Foto: Viacheslav Ratynskyi\/Reuters\/NTB\n  <\/p>\n<p> Han er russiskf\u00f8dt, men har kjempet for Ukraina og har blitt et uttalt m\u00e5l for russiske myndigheter. <\/p>\n<p>27. desember ble\u00a0Denis Kapustin erkl\u00e6rt d\u00f8d etter et russisk droneangrep i den s\u00f8r\u00f8stlige Zaporizjzja-regionen.\u00a0<\/p>\n<p>Bare dager seinere kunne, Kyrylo Budanov, lederen for Ukrainas milit\u00e6re etterretningstjeneste (HUR), imidlertid fortelle at det hele var en n\u00f8ye planlagt bl\u00f8ff fra ukrainerne, skriver flere medier deriblant britiske <a href=\"https:\/\/www.theguardian.com\/world\/2026\/jan\/02\/ukraine-war-briefing-kyivs-gur-faked-russian-ordered-killing-and-bagged-500k-kremlin-reward\" rel=\"nofollow noopener\" target=\"_blank\">The Guardian<\/a> og <a href=\"https:\/\/kyivindependent.com\/ukraines-hur-faked-death-of-top-anti-putin-russian-commander-claimed-kremlin-bounty-money\/\" rel=\"nofollow noopener\" target=\"_blank\">Kyiv Independent<\/a>.\u00a0<\/p>\n<p>&#8211; Velkommen tilbake til livet, sa Budanov til Kapustin i en video publisert p\u00e5 Telegram f\u00f8rste nytt\u00e5rsdag.\u00a0<\/p>\n<p>        <img loading=\"lazy\" decoding=\"async\" src=\"https:\/\/www.europesays.com\/no\/wp-content\/uploads\/2026\/01\/1767325389_251_84046832.webp.webp\" width=\"980\" height=\"559\" title=\"DELTE VIDEO: HUR-sjef Kyrylo Budanov (nederst) sammen med Kapustin (t.v.) i en video de har delt p\u00e5 Telegram. Skjermdump: Telegram \/ HUR\" alt=\"\" class=\"\" style=\"--aspect-ratio-image: 1.75; \"\/><\/p>\n<p>\n        DELTE VIDEO: HUR-sjef Kyrylo Budanov (nederst) sammen med Kapustin (t.v.) i en video de har delt p\u00e5 Telegram. Skjermdump: Telegram \/ HUR\n    <\/p>\n<p>Ukraina skal ha v\u00e6rt med \u00e5 iscenesette d\u00f8dsfallet til Kapustin for \u00e5 hindre at han ble drept p\u00e5 ordre fra Moskva og for \u00e5 lokke fram de involverte i komplottet, opplyste ukrainsk milit\u00e6r etterretning torsdag, if\u00f8lge The Guardian.<\/p>\n<p>HUR opplyser ogs\u00e5 at en dus\u00f8ren som Moskva utlovet for Kapustins d\u00f8d, er sikret, og at pengene n\u00e5 vil bli brukt til \u00e5 st\u00f8tte Ukrainas krigsinnsats.<\/p>\n<p>Opplysningene fra Kyiv har ikke latt seg verifisere uavhengig.<\/p>\n<p> Kapustin er imidlertid en kontroversiell skikkelse. Han var med \u00e5 stifte Russisk frivillighetskorps (RVC), en gruppe best\u00e5ende av russere som har kjempet i og for Ukraina mot Russland. <\/p>\n<p>    <a itemprop=\"url\" href=\"https:\/\/www.dagbladet.no\/nyheter\/angriper-russland-hyller-breivik\/79347959\" rel=\"nofollow noopener\" target=\"_blank\"><\/p>\n<p>        <img loading=\"lazy\" decoding=\"async\" src=\"https:\/\/www.europesays.com\/no\/wp-content\/uploads\/2026\/01\/1767325390_842_79348494.webp.webp\" width=\"980\" height=\"441\" title=\"Angriper Russland: Hyller Breivik\" alt=\"\" class=\"lazyload\" style=\"--aspect-ratio-image: 2.22; \"\/><\/p>\n<p>        Angriper Russland: Hyller Breivik<\/p>\n<p>    <\/a><\/p>\n<p> Kapustin blir beskrevet som en ytterligg\u00e5ende russisk h\u00f8yrenasjonalist og er stemplet som terrorist av Russland.\u00a0Tyske myndigheter og humanit\u00e6re organisasjoner, deriblant Anti-Defamation League, har identifisert Kapustin som nynazist, skrev <a href=\"https:\/\/www.nytimes.com\/2023\/05\/26\/world\/europe\/the-leader-of-a-russian-group-involved-in-a-border-incursion-is-described-by-watchdogs-as-a-neo-nazi.html?smid=url-share\" rel=\"nofollow noopener\" target=\"_blank\">New York Times<\/a> tilbake i 2023.<\/p>\n<p>I et intervju i 2023 erkjente Kapustin at han er h\u00f8yreorientert, men avviste betegnelsen \u00abnynazist\u00bb, og sa at \u00abdu vil aldri finne meg med h\u00e5nden hevet i en Hitler-hilsen\u00bb, if\u00f8lge <a href=\"https:\/\/kyivindependent.com\/top-anti-putin-russian-commander-killed-in-ukraine\/\" rel=\"nofollow noopener\" target=\"_blank\">Kyiv Independent<\/a>.<\/p>\n<p>Kapustin er f\u00f8dt i Moskva, men flyttet til Tyskland med familien i 2001,\u00a0<a href=\"https:\/\/meduza.io\/en\/feature\/2023\/03\/03\/fear-your-partisans\" rel=\"nofollow noopener\" target=\"_blank\">if\u00f8lge Meduza<\/a>, en uavhengig russisk nettavis som n\u00e5 er i eksil.<\/p>\n<p>        Russlands forsvarsdepartement har publisert videoopptak som de kaller bevis for at at Ukraina pr\u00f8vde \u00e5 angripe en av Vladimir Putins residenser. Video: Det russiske forsvarsdepartementet. <\/p>\n<p>I Tyskland fikk Kapustin permanent oppholdstillatelse, og han skal ha blitt en del av et voldelig hooligan-milj\u00f8. Han har selv beskrevet seg som en \u00abskinhead\u00bb, if\u00f8lge Meduza.<\/p>\n<p>Etter noen \u00e5r vendte Kapustin hjem til Russland, og skal ha blitt en del av et ytre h\u00f8yre-milj\u00f8 i Russland. P\u00e5 grunn av hans tyske oppholdstillatelse kunne han ogs\u00e5 reise fritt i Europa, og knyttet kontakter til med tyske og italienske nynazister, skriver nettavisa videre.<\/p>\n<p>I 2017 kalte den tyske ekstremismeforskeren Robert Claus russiske Kapustin \u00aben n\u00f8kkelperson blant de h\u00f8yreekstreme i Europa\u00bb og \u00aben av de farligste nynazistene p\u00e5 kontinentet\u00bb,\u00a0<a href=\"https:\/\/www.vice.com\/de\/article\/evpq7j\/neonazis-und-illegale-kampfe-wie-sich-deutsche-und-russische-hooligans-vernetzen\" rel=\"nofollow noopener\" target=\"_blank\">skriver tyske Vice<\/a>.<\/p>\n<p>\u00a0<\/p>\n","protected":false},"excerpt":{"rendered":"Skal ha lurt russerne: Den kontroversielle militslederen Denis Kapustin ble meldt drept i et russisk droneangrep. N\u00e5 hevder&hellip;\n","protected":false},"author":2,"featured_media":126698,"comment_status":"","ping_status":"","sticky":false,"template":"","format":"standard","meta":{"footnotes":""},"categories":[12],"tags":[20,21,24,25,15,179,22,23,13,30,28,29,14,16,188,26,27,412,42,43,44,45],"class_list":{"0":"post-126697","1":"post","2":"type-post","3":"status-publish","4":"format-standard","5":"has-post-thumbnail","7":"category-verden","8":"tag-breaking-news","9":"tag-breakingnews","10":"tag-featured-news","11":"tag-featurednews","12":"tag-headlines","13":"tag-krigen-i-ukraina","14":"tag-latest-news","15":"tag-latestnews","16":"tag-news","17":"tag-no","18":"tag-norge","19":"tag-norway","20":"tag-nyheter","21":"tag-overskrifter","22":"tag-russland","23":"tag-top-stories","24":"tag-topstories","25":"tag-utenriks","26":"tag-verden","27":"tag-world","28":"tag-world-news","29":"tag-worldnews"},"share_on_mastodon":{"url":"https:\/\/pubeurope.com\/@no\/115823444183566643","error":""},"_links":{"self":[{"href":"https:\/\/www.europesays.com\/no\/wp-json\/wp\/v2\/posts\/126697","targetHints":{"allow":["GET"]}}],"collection":[{"href":"https:\/\/www.europesays.com\/no\/wp-json\/wp\/v2\/posts"}],"about":[{"href":"https:\/\/www.europesays.com\/no\/wp-json\/wp\/v2\/types\/post"}],"author":[{"embeddable":true,"href":"https:\/\/www.europesays.com\/no\/wp-json\/wp\/v2\/users\/2"}],"replies":[{"embeddable":true,"href":"https:\/\/www.europesays.com\/no\/wp-json\/wp\/v2\/comments?post=126697"}],"version-history":[{"count":0,"href":"https:\/\/www.europesays.com\/no\/wp-json\/wp\/v2\/posts\/126697\/revisions"}],"wp:featuredmedia":[{"embeddable":true,"href":"https:\/\/www.europesays.com\/no\/wp-json\/wp\/v2\/media\/126698"}],"wp:attachment":[{"href":"https:\/\/www.europesays.com\/no\/wp-json\/wp\/v2\/media?parent=126697"}],"wp:term":[{"taxonomy":"category","embeddable":true,"href":"https:\/\/www.europesays.com\/no\/wp-json\/wp\/v2\/categories?post=126697"},{"taxonomy":"post_tag","embeddable":true,"href":"https:\/\/www.europesays.com\/no\/wp-json\/wp\/v2\/tags?post=126697"}],"curies":[{"name":"wp","href":"https:\/\/api.w.org\/{rel}","templated":true}]}}