{"id":126703,"date":"2026-01-02T04:33:08","date_gmt":"2026-01-02T04:33:08","guid":{"rendered":"https:\/\/www.europesays.com\/no\/126703\/"},"modified":"2026-01-02T04:33:08","modified_gmt":"2026-01-02T04:33:08","slug":"hendelser-porsgrunn-oppdaget-folk-ute-pa-tynn-is-nodetatene-har-rykket-ut","status":"publish","type":"post","link":"https:\/\/www.europesays.com\/no\/126703\/","title":{"rendered":"Hendelser, Porsgrunn | Oppdaget folk ute p\u00e5 tynn is \u2013 n\u00f8detatene har rykket ut"},"content":{"rendered":"\n<p>Klokken 23.22, torsdag kveld, rykket n\u00f8detatene ut til Eidangerfjorden i Porsgrunn, etter melding om folk som var ute p\u00e5 isen p\u00e5 stedet. <\/p>\n<p>Operasjonsleder Eskil Hagen Olsen hos S\u00f8r-\u00d8st politidistrikt opplyser at isen p\u00e5 stedet skal v\u00e6re tynn og usikker da den akkurat har lagt seg.<\/p>\n<p>I en oppdatert melding kort tid etter melder operasjonslederen at personene var blitt lokalisert og tatt kontakt med. De har gjort m\u00e5linger og isen var trygg der de befant seg.<\/p>\n<p>Politiet avsluttet p\u00e5 stedet.<\/p>\n","protected":false},"excerpt":{"rendered":"Klokken 23.22, torsdag kveld, rykket n\u00f8detatene ut til Eidangerfjorden i Porsgrunn, etter melding om folk som var ute&hellip;\n","protected":false},"author":2,"featured_media":1273,"comment_status":"","ping_status":"","sticky":false,"template":"","format":"standard","meta":{"footnotes":""},"categories":[10],"tags":[36,20,21,24,25,15,168,22,23,13,30,28,29,14,16,254,1370,1510,26,27],"class_list":{"0":"post-126703","1":"post","2":"type-post","3":"status-publish","4":"format-standard","5":"has-post-thumbnail","7":"category-norge","8":"tag-art","9":"tag-breaking-news","10":"tag-breakingnews","11":"tag-featured-news","12":"tag-featurednews","13":"tag-headlines","14":"tag-hendelser","15":"tag-latest-news","16":"tag-latestnews","17":"tag-news","18":"tag-no","19":"tag-norge","20":"tag-norway","21":"tag-nyheter","22":"tag-overskrifter","23":"tag-politi","24":"tag-porsgrunn","25":"tag-story","26":"tag-top-stories","27":"tag-topstories"},"share_on_mastodon":{"url":"https:\/\/pubeurope.com\/@no\/115823640804342719","error":""},"_links":{"self":[{"href":"https:\/\/www.europesays.com\/no\/wp-json\/wp\/v2\/posts\/126703","targetHints":{"allow":["GET"]}}],"collection":[{"href":"https:\/\/www.europesays.com\/no\/wp-json\/wp\/v2\/posts"}],"about":[{"href":"https:\/\/www.europesays.com\/no\/wp-json\/wp\/v2\/types\/post"}],"author":[{"embeddable":true,"href":"https:\/\/www.europesays.com\/no\/wp-json\/wp\/v2\/users\/2"}],"replies":[{"embeddable":true,"href":"https:\/\/www.europesays.com\/no\/wp-json\/wp\/v2\/comments?post=126703"}],"version-history":[{"count":0,"href":"https:\/\/www.europesays.com\/no\/wp-json\/wp\/v2\/posts\/126703\/revisions"}],"wp:featuredmedia":[{"embeddable":true,"href":"https:\/\/www.europesays.com\/no\/wp-json\/wp\/v2\/media\/1273"}],"wp:attachment":[{"href":"https:\/\/www.europesays.com\/no\/wp-json\/wp\/v2\/media?parent=126703"}],"wp:term":[{"taxonomy":"category","embeddable":true,"href":"https:\/\/www.europesays.com\/no\/wp-json\/wp\/v2\/categories?post=126703"},{"taxonomy":"post_tag","embeddable":true,"href":"https:\/\/www.europesays.com\/no\/wp-json\/wp\/v2\/tags?post=126703"}],"curies":[{"name":"wp","href":"https:\/\/api.w.org\/{rel}","templated":true}]}}