{"id":126704,"date":"2026-01-02T04:34:08","date_gmt":"2026-01-02T04:34:08","guid":{"rendered":"https:\/\/www.europesays.com\/no\/126704\/"},"modified":"2026-01-02T04:34:08","modified_gmt":"2026-01-02T04:34:08","slug":"jeg-ser-bare-stjerner","status":"publish","type":"post","link":"https:\/\/www.europesays.com\/no\/126704\/","title":{"rendered":"\u2013 Jeg ser bare stjerner"},"content":{"rendered":"\n<p class=\"_lead_o9xde_2 _lead_xtcu6_50 layout-component text-serif-m layout-normal text-serif-l layout-component layout-wide layout-padded _wide_17hqh_1 layout-padded\">Harald \u00d8stberg Amundsen sliter med lungene og pusten i Tour de Ski.<\/p>\n<p><img alt=\"Amundsen var utslitt etter 20 km i Toblach.  Foto: Terje Pedersen \/ NTB\" class=\"_image_qp4xg_65 layout-component layout-wide\" data-fullscreen- data-track-element-type=\"Article image fullscreen\" data-track-name=\"ImageFullscreen\" fetchpriority=\"high\" decoding=\"sync\" loading=\"eager\" height=\"4000\" itemprop=\"image\"  src=\"https:\/\/www.europesays.com\/no\/wp-content\/uploads\/2026\/01\/49c70092-1b3b-49fd-8e33-81a08f43c81c.png\"  style=\"object-position:0% 0%\" width=\"6000\"\/>Amundsen var utslitt etter 20 km i Toblach.  Foto: Terje Pedersen \/ NTBToblach, Italia Oppdatert fredag 2. januar kl. 04:44    <\/p>\n<ul class=\"_list_o9xde_3 _list_64s2r_85 _unordered_o9xde_106 text-sans-m\">\n<li class=\"_item_o9xde_30\">Harald \u00d8stberg Amundsen sliter med lungene og pusten i Tour de Ski. <\/li>\n<li class=\"_item_o9xde_30\">Til tross for utfordringene ligger han p\u00e5 niende plass i Tour de Ski etter fire etapper og er i rute til en pallplass totalt. <\/li>\n<li class=\"_item_o9xde_30\">Amundsen h\u00e5per p\u00e5 bedre resultater i lavlandet i Val di Fiemme f\u00f8r tourens avslutning.<\/li>\n<\/ul>\n<p>Vis mer <\/p>\n<p class=\"_paragraph_o9xde_4 _paragraph_xtcu6_10 layout-component text-serif-m layout-normal text-serif-m layout-padded\">\u2013 Formen er nok litt under pari, og jeg har slitt med lungene og pusten etter siste verdenscuphelg i Davos f\u00f8r jul, sier Amundsen til VG.<\/p>\n<p class=\"_paragraph_o9xde_4 _paragraph_xtcu6_10 layout-component text-serif-m layout-normal text-serif-m layout-padded\">Asker-l\u00f8peren er fortsatt med og kjemper om pallplass i Tour de Ski etter fire av seks etapper. Han er nummer ni, omtrent et minutt bak Johannes H\u00f8sflot Kl\u00e6bo i likhet med syv andre l\u00f8pere.<\/p>\n<p>Menn, 20 km jaktstart klassisk:<\/p>\n<p class=\"_paragraph_o9xde_4 _paragraph_xtcu6_10 _paragraph_16v91_10 layout-component text-serif-m layout-normal text-sans-m layout-padded\"><strong class=\"_strong_o9xde_25\">1) Johannes H\u00f8sflot Kl\u00e6bo, Norge, 2) Mattis Stenshagen, Norge, 0.51,1 min. bak, 3) Edvin Anger, Sverige, 0.59,8, 4) Federico Pellegrino, Italia, 0.59,8, 5) Emil Iversen, Norge, 1.00,2, 6) Gus Schumacher, USA, 1.00,2, 7) Lars Heggen, Norge, 1.00,3, 8) Benjamin Moser, \u00d8sterrike, 1.00,8, 9) Harald \u00d8stberg Amundsen, Norge, 1.03,1, 10) Iivo Niskanen, Finland, 1.53,6.<\/strong><\/p>\n<p class=\"_paragraph_o9xde_4 _paragraph_xtcu6_10 _paragraph_16v91_10 layout-component text-serif-m layout-normal text-sans-m layout-padded\">Resultatene er ogs\u00e5 Tour de Ski sammenlagt.<\/p>\n<p>Vis mer<\/p>\n<p class=\"_paragraph_o9xde_4 _paragraph_xtcu6_10 layout-component text-serif-m layout-normal text-serif-m layout-padded\">Men 9. plass, 17. plass, 7. plass og 7. plass i Tour de Ski utgj\u00f8r en klar nedadg\u00e5ende trend.<\/p>\n<p class=\"_paragraph_o9xde_4 _paragraph_xtcu6_10 layout-component text-serif-m layout-normal text-serif-m layout-padded\">F\u00f8r jul var plasseringene slik i de ulike verdenscuprennene: 2, 5, 2, 11, 1, 5 og 12.<\/p>\n<p class=\"_paragraph_o9xde_4 _paragraph_xtcu6_10 layout-component text-serif-m layout-normal text-serif-m layout-padded\">Under 20 km jaktstart i klassisk f\u00f8rste nytt\u00e5rsdag, klarte han ikke \u00e5 bruke muligheten til \u00e5 ta innp\u00e5 Kl\u00e6bo. Han hadde mer enn nok med \u00e5 bli med utfordrergruppen til m\u00e5l.<\/p>\n<p class=\"_paragraph_o9xde_4 _paragraph_xtcu6_10 layout-component text-serif-m layout-normal text-serif-m layout-padded\">\u2013 Det var j\u00e6vlig hardt. Jeg pr\u00f8ver \u00e5 bidra litt i starten, men jeg forst\u00e5r at form og kropp er litt bak det den var f\u00f8r jul. Da biter det bare mer og mer, sier Amundsen og utdyper:<\/p>\n<p class=\"_paragraph_o9xde_4 _paragraph_xtcu6_10 layout-component text-serif-m layout-normal text-serif-m layout-padded\">\u2013 Jeg ser bare stjerner p\u00e5 slutten og f\u00f8ler jeg blir kvalt, men jeg berger akkurat inn.<\/p>\n<p class=\"_paragraph_o9xde_4 _paragraph_xtcu6_10 layout-component text-serif-m layout-normal text-serif-m layout-padded\">Amundsen fortalte ogs\u00e5 at han s\u00e5 stjerner de to siste kilometerne av 10-kilometeren tidligere i Tour de Ski da han ble nummer syv. <\/p>\n<p class=\"_paragraph_o9xde_4 _paragraph_xtcu6_10 layout-component text-serif-m layout-normal text-serif-m layout-padded\">Han ser lyspunkt f\u00f8r Tour de Ski avsluttes i Val di Fiemme. Den kommende OL-stadion ligger i lavlandet og det blir trolig litt mildere v\u00e6r enn det har v\u00e6rt i Toblach (1250 meter over havet) og Davos (1600 meter over havet), der Amundsen har oppholdt seg siste tiden. <\/p>\n<p class=\"_paragraph_o9xde_4 _paragraph_xtcu6_10 layout-component text-serif-m layout-normal text-serif-m layout-padded\">\u2013 Jeg kjemper fremdeles om topp to i touren. Det er for s\u00e5 vidt bra, men det er ikke den spruten jeg hadde f\u00f8r jul \u2013 det er synd, sier Amundsen.<\/p>\n<p class=\"_paragraph_o9xde_4 _paragraph_xtcu6_10 layout-component text-serif-m layout-normal text-serif-m layout-padded\">Amundsen, Kl\u00e6bo, Iversen og Stenshagen feiret jul i Sveits:<\/p>\n<p class=\"_paragraph_o9xde_4 _paragraph_xtcu6_10 layout-component text-serif-m layout-normal text-serif-m layout-padded\">Litt av motivasjonen til Amundsen for \u00e5 g\u00e5 Tour de Ski var \u00e5 overbevise i klassisk stil med tanke p\u00e5 uttaket til femmila i OL.<\/p>\n<p class=\"_paragraph_o9xde_4 _paragraph_xtcu6_10 layout-component text-serif-m layout-normal text-serif-m layout-padded\">\u2013 Det er under pari. Akkurat det er litt kjedelig, sier Amundsen om s\u00f8knadene fra Tour de Ski. <\/p>\n<p class=\"_paragraph_o9xde_4 _paragraph_xtcu6_10 layout-component text-serif-m layout-normal text-serif-m layout-padded\">P\u00e5 10 kilometer og 20 km med skibytte virker Amundsen selvskreven p\u00e5 OL-laget. Han er ogs\u00e5 en kandidat til sprint, lagsprint og stafett. <\/p>\n","protected":false},"excerpt":{"rendered":"Harald \u00d8stberg Amundsen sliter med lungene og pusten i Tour de Ski. Amundsen var utslitt etter 20 km&hellip;\n","protected":false},"author":2,"featured_media":126705,"comment_status":"","ping_status":"","sticky":false,"template":"","format":"standard","meta":{"footnotes":""},"categories":[5],"tags":[20,21,24,25,712,15,19,398,22,23,17,18,13,30,28,29,14,16,26,27,399],"class_list":{"0":"post-126704","1":"post","2":"type-post","3":"status-publish","4":"format-standard","5":"has-post-thumbnail","7":"category-overskrifter","8":"tag-breaking-news","9":"tag-breakingnews","10":"tag-featured-news","11":"tag-featurednews","12":"tag-harald-ostberg-amundsen","13":"tag-headlines","14":"tag-hovedoppslag","15":"tag-langrenn","16":"tag-latest-news","17":"tag-latestnews","18":"tag-main-news","19":"tag-mainnews","20":"tag-news","21":"tag-no","22":"tag-norge","23":"tag-norway","24":"tag-nyheter","25":"tag-overskrifter","26":"tag-top-stories","27":"tag-topstories","28":"tag-vintersport"},"share_on_mastodon":{"url":"https:\/\/pubeurope.com\/@no\/115823644768907912","error":""},"_links":{"self":[{"href":"https:\/\/www.europesays.com\/no\/wp-json\/wp\/v2\/posts\/126704","targetHints":{"allow":["GET"]}}],"collection":[{"href":"https:\/\/www.europesays.com\/no\/wp-json\/wp\/v2\/posts"}],"about":[{"href":"https:\/\/www.europesays.com\/no\/wp-json\/wp\/v2\/types\/post"}],"author":[{"embeddable":true,"href":"https:\/\/www.europesays.com\/no\/wp-json\/wp\/v2\/users\/2"}],"replies":[{"embeddable":true,"href":"https:\/\/www.europesays.com\/no\/wp-json\/wp\/v2\/comments?post=126704"}],"version-history":[{"count":0,"href":"https:\/\/www.europesays.com\/no\/wp-json\/wp\/v2\/posts\/126704\/revisions"}],"wp:featuredmedia":[{"embeddable":true,"href":"https:\/\/www.europesays.com\/no\/wp-json\/wp\/v2\/media\/126705"}],"wp:attachment":[{"href":"https:\/\/www.europesays.com\/no\/wp-json\/wp\/v2\/media?parent=126704"}],"wp:term":[{"taxonomy":"category","embeddable":true,"href":"https:\/\/www.europesays.com\/no\/wp-json\/wp\/v2\/categories?post=126704"},{"taxonomy":"post_tag","embeddable":true,"href":"https:\/\/www.europesays.com\/no\/wp-json\/wp\/v2\/tags?post=126704"}],"curies":[{"name":"wp","href":"https:\/\/api.w.org\/{rel}","templated":true}]}}