{"id":126712,"date":"2026-01-02T04:47:14","date_gmt":"2026-01-02T04:47:14","guid":{"rendered":"https:\/\/www.europesays.com\/no\/126712\/"},"modified":"2026-01-02T04:47:14","modified_gmt":"2026-01-02T04:47:14","slug":"hunder-hund-leteaksjoner-etter-savnede-hunder-over-hele-landet","status":"publish","type":"post","link":"https:\/\/www.europesays.com\/no\/126712\/","title":{"rendered":"Hunder, Hund | Leteaksjoner etter savnede hunder over hele landet"},"content":{"rendered":"\n<p>I Facebook-gruppa \u00abR\u00f8mlingen\u00bb har mange personer rundt om i landet laget innlegg hvor de ber om hjelp til \u00e5 finne hundene sine, skriver <a href=\"https:\/\/www.nrk.no\/norge\/flere-titalls-hunder-stakk-av-pa-nyttarsaften_-i-facebook-gruppe-prover-folk-a-hjelpe-til-1.17711175\" rel=\"nofollow noopener\" target=\"_blank\">NRK.<\/a><\/p>\n<p>Administratoren i gruppa, Hanne-Lill Kj\u00f8lner, sier til NRK at det til sammen er publisert 55 innlegg som utelukkende handler om hunder som forsvant p\u00e5 fjor\u00e5rets siste dag.<\/p>\n<p>Torsdag kveld hadde 25 av hundene kommet til rette, mens resten fremdeles er savnet.<\/p>\n<p><b>Les ogs\u00e5: <a href=\"https:\/\/www.nettavisen.no\/nyheter\/har-vart-borte-i-snart-ett-dogn-helt-sykt-hvor-mange-som-onsker-a-bidra\/s\/5-95-2804153\" rel=\"Follow nofollow noopener\" target=\"_blank\">Har v\u00e6rt borte i snart ett d\u00f8gn: \u2013 Helt sykt hvor mange som \u00f8nsker \u00e5 bidra<\/a><\/b><\/p>\n<p>\u2013 R\u00f8rende engasjement<\/p>\n<p>I Larvik leter Nina Roe og familien etter den 1,5 \u00e5r gamle cockapoo-valpen Fie, som etter \u00e5 ha blitt skremt av raketter, r\u00f8mte ut en d\u00f8r som ikke var lukket skikkelig igjen. <\/p>\n<p>Roe brukte store deler av \u00e5rets f\u00f8rste natt p\u00e5 \u00e5 lete etter sin kj\u00e6re hund \u2013 forel\u00f8pig uten hell. Mange har meldt seg for \u00e5 bist\u00e5 i letingen.<\/p>\n<p>\u2013 Det har v\u00e6rt et s\u00e5 r\u00f8rende engasjement. S\u00e5 mange har hjulpet meg, g\u00e5tt rundt med hundene sine og lett etter Fie, sier hun til NRK.<\/p>\n<p>\u2013 Helt sykt<\/p>\n<p> P\u00e5 Kjeller i Lillestr\u00f8m forsvant den ett \u00e5r gamle hunden Walter da han ble skremt av rakettene, skriver <a href=\"https:\/\/www.rb.no\/har-vart-borte-i-snart-ett-dogn-helt-sykt-hvor-mange-som-onsker-a-bidra\/s\/5-43-2645141\" rel=\"nofollow noopener\" target=\"_blank\">Romerikes Blad.<\/a> Hunden spratt ut av eierens hender da han ble redd.<\/p>\n<p>\u2013 N\u00e5 har vi to sporingshunder som leter, s\u00e5 tror jeg det hjelper at vi organiserer s\u00f8ket, sier eier Vanessa Johansen til avisen torsdag.<\/p>\n<p>Rundt klokken 6.30 f\u00f8rste nytt\u00e5rsdag ble hunden observert p\u00e5 et kamera i tettstedet Leirsund som ligger like nord\u00f8st for Kjeller.<\/p>\n<p>Leteaksjonen etter hunden har f\u00e5tt mye oppmerksomhet i sosiale medier, og mange har meldt seg for \u00e5 bist\u00e5 i s\u00f8ket.<\/p>\n<p>\u2013 Det er helt sykt hvor mange som \u00f8nsker \u00e5 bidra. Jeg hadde ikke forestilt meg det. Jeg tenkte jeg bare skulle pr\u00f8ve, men i dag har jeg sett folk som leter mange steder, sier eieren.<\/p>\n<p>(\u00a9NTB)<\/p>\n","protected":false},"excerpt":{"rendered":"I Facebook-gruppa \u00abR\u00f8mlingen\u00bb har mange personer rundt om i landet laget innlegg hvor de ber om hjelp til&hellip;\n","protected":false},"author":2,"featured_media":126484,"comment_status":"","ping_status":"","sticky":false,"template":"","format":"standard","meta":{"footnotes":""},"categories":[10],"tags":[20,21,24,25,15,22,23,13,30,28,29,14,16,26,27],"class_list":{"0":"post-126712","1":"post","2":"type-post","3":"status-publish","4":"format-standard","5":"has-post-thumbnail","7":"category-norge","8":"tag-breaking-news","9":"tag-breakingnews","10":"tag-featured-news","11":"tag-featurednews","12":"tag-headlines","13":"tag-latest-news","14":"tag-latestnews","15":"tag-news","16":"tag-no","17":"tag-norge","18":"tag-norway","19":"tag-nyheter","20":"tag-overskrifter","21":"tag-top-stories","22":"tag-topstories"},"share_on_mastodon":{"url":"https:\/\/pubeurope.com\/@no\/115823695790233942","error":""},"_links":{"self":[{"href":"https:\/\/www.europesays.com\/no\/wp-json\/wp\/v2\/posts\/126712","targetHints":{"allow":["GET"]}}],"collection":[{"href":"https:\/\/www.europesays.com\/no\/wp-json\/wp\/v2\/posts"}],"about":[{"href":"https:\/\/www.europesays.com\/no\/wp-json\/wp\/v2\/types\/post"}],"author":[{"embeddable":true,"href":"https:\/\/www.europesays.com\/no\/wp-json\/wp\/v2\/users\/2"}],"replies":[{"embeddable":true,"href":"https:\/\/www.europesays.com\/no\/wp-json\/wp\/v2\/comments?post=126712"}],"version-history":[{"count":0,"href":"https:\/\/www.europesays.com\/no\/wp-json\/wp\/v2\/posts\/126712\/revisions"}],"wp:featuredmedia":[{"embeddable":true,"href":"https:\/\/www.europesays.com\/no\/wp-json\/wp\/v2\/media\/126484"}],"wp:attachment":[{"href":"https:\/\/www.europesays.com\/no\/wp-json\/wp\/v2\/media?parent=126712"}],"wp:term":[{"taxonomy":"category","embeddable":true,"href":"https:\/\/www.europesays.com\/no\/wp-json\/wp\/v2\/categories?post=126712"},{"taxonomy":"post_tag","embeddable":true,"href":"https:\/\/www.europesays.com\/no\/wp-json\/wp\/v2\/tags?post=126712"}],"curies":[{"name":"wp","href":"https:\/\/api.w.org\/{rel}","templated":true}]}}