{"id":126719,"date":"2026-01-02T05:08:17","date_gmt":"2026-01-02T05:08:17","guid":{"rendered":"https:\/\/www.europesays.com\/no\/126719\/"},"modified":"2026-01-02T05:08:17","modified_gmt":"2026-01-02T05:08:17","slug":"jentene-fra-isfjorden-sendte-brev-til-store-og-fikk-svar-i-nyttarstalen-andalsnes-avis-no","status":"publish","type":"post","link":"https:\/\/www.europesays.com\/no\/126719\/","title":{"rendered":"Jentene fra Isfjorden sendte brev til St\u00f8re og fikk svar i nytt\u00e5rstalen &#8211; andalsnes-avis.no"},"content":{"rendered":"<ol>\n<li><a href=\"https:\/\/news.google.com\/rss\/articles\/CBMivAFBVV95cUxNQUplTU1yeEg3dTRaRUl2a0ZyekRrWjE5WjVlZDJNRUdPdXVKSldVVWNwRjVmRjRMTDJqaFRsSmpfQ1JUUy1KZkJlTXo4SVZHZ1ZmMG5DR29YLUlIZGZWNVdTNUdBQ19vRkhkSHp2T21nbzNqaDJrTk9MZTRoT0VNR01KX1RMb0o1ZF9nMklRd193NVhFekFnZlIydmRERFFoeUs3b1JrdmJNX0l5MkFBZFdMRFdZSWpjSy1KVA?oc=5\" target=\"_blank\" rel=\"nofollow noopener\">Jentene fra Isfjorden sendte brev til St\u00f8re og fikk svar i nytt\u00e5rstalen<\/a>&nbsp;&nbsp;andalsnes-avis.no<\/li>\n<li><a href=\"https:\/\/news.google.com\/rss\/articles\/CBMikAFBVV95cUxNNjVzX3FNV015eW1XaTRUYkpzdWFNMHhCdFRtOFo4TWh1clRfN1kwdWNnSzZqaEhiR3M5YVVqamQ2aXRSaFAzcy1xVWhrTXhKb2lCQXdoX2tpYWl0UWNKSVNQVmxBbFRSdkVMRm4yV3QwajRiWVRDREg3MkNheW1FSTAwR0xrNlJJeThveGx4SGc?oc=5\" target=\"_blank\" rel=\"nofollow noopener\">\u00abSkj\u00f8nte hvor n\u00e6re det var\u00bb<\/a>&nbsp;&nbsp;VG<\/li>\n<li><a href=\"https:\/\/news.google.com\/rss\/articles\/CBMipgFBVV95cUxOMFV4Vkd3OTh2S0pWZjhFZWlQUEtiWXhQaFF0Rzl5VVhKaFc0Z2x2bUk5amNiYlpCS1FJLWtocXZmWnQwS1BpYnR3ZjE0dkJQSGFncVF3akx1QnBvTzIyZS1kdjJWVlFvY0RLWWtyWjk5ZXItWlJlbmFvbVA2TzBxVHBsalk3TXp0cXpKOEc2QzZSSUtpVC11aVZRd2NvbDdVZVZOQ0RR?oc=5\" target=\"_blank\" rel=\"nofollow noopener\">St\u00f8re i nytt\u00e5rstala: \u2013 No tar me H\u00f8gblokka tilbake<\/a>&nbsp;&nbsp;NRK<\/li>\n<li><a href=\"https:\/\/news.google.com\/rss\/articles\/CBMihgFBVV95cUxNQXVNMGxKYXlKemRYazJqWFJCci1VVnEyWDlWRE1LbHRweFVCM25OSzYzQ0tWR3BQdmNRUUc4YU9kb2xPQ0lpd3hJc0c0MlpONlhBaFJzeDByWl85ZGNsaDZSLTA5bkV5eHFhdExta2xKTEx0NkVSdGZOcjZYMG5lM3NQRVdPZw?oc=5\" target=\"_blank\" rel=\"nofollow noopener\">Dramatisk nytt\u00e5rstale: \u2013 Krig kan ramme Norge<\/a>&nbsp;&nbsp;TV2.no<\/li>\n<li><a href=\"https:\/\/news.google.com\/rss\/articles\/CBMitwFBVV95cUxQUnBnZnNsdk1CWEtQdnJHNFZXdDlmX1Z2X3M0eUxhRXZYNGF6eHVIRFBKYVZYSk5qV2NlSEc0UGZEOVBXWF9yQUNJcWxlaDJtTU4xTDdlYjVSa1prX0hPaDVqci04amlXZkdBajF4UnNtRVk3eW5sOEZZVHJBa3RvSGlaWVJIQldRdHA3ZFVRd2kyTjFTRGF0UEctYVVvc2REcWdWQ3JrRVdwckJhSXJNOWdFM09za1k?oc=5\" target=\"_blank\" rel=\"nofollow noopener\">Statsminister Jonas Gahr St\u00f8re: \u00abVi m\u00e5 v\u00e6re forberedt p\u00e5 at krig kan ramme Norge\u00bb<\/a>&nbsp;&nbsp;Nettavisen<\/li>\n<\/ol>\n","protected":false},"excerpt":{"rendered":"Jentene fra Isfjorden sendte brev til St\u00f8re og fikk svar i nytt\u00e5rstalen&nbsp;&nbsp;andalsnes-avis.no \u00abSkj\u00f8nte hvor n\u00e6re det var\u00bb&nbsp;&nbsp;VG St\u00f8re&hellip;\n","protected":false},"author":2,"featured_media":126720,"comment_status":"","ping_status":"","sticky":false,"template":"","format":"standard","meta":{"footnotes":""},"categories":[10],"tags":[20,21,24,25,15,22,23,13,30,28,29,14,16,26,27],"class_list":{"0":"post-126719","1":"post","2":"type-post","3":"status-publish","4":"format-standard","5":"has-post-thumbnail","7":"category-norge","8":"tag-breaking-news","9":"tag-breakingnews","10":"tag-featured-news","11":"tag-featurednews","12":"tag-headlines","13":"tag-latest-news","14":"tag-latestnews","15":"tag-news","16":"tag-no","17":"tag-norge","18":"tag-norway","19":"tag-nyheter","20":"tag-overskrifter","21":"tag-top-stories","22":"tag-topstories"},"share_on_mastodon":{"url":"https:\/\/pubeurope.com\/@no\/115823778497197405","error":""},"_links":{"self":[{"href":"https:\/\/www.europesays.com\/no\/wp-json\/wp\/v2\/posts\/126719","targetHints":{"allow":["GET"]}}],"collection":[{"href":"https:\/\/www.europesays.com\/no\/wp-json\/wp\/v2\/posts"}],"about":[{"href":"https:\/\/www.europesays.com\/no\/wp-json\/wp\/v2\/types\/post"}],"author":[{"embeddable":true,"href":"https:\/\/www.europesays.com\/no\/wp-json\/wp\/v2\/users\/2"}],"replies":[{"embeddable":true,"href":"https:\/\/www.europesays.com\/no\/wp-json\/wp\/v2\/comments?post=126719"}],"version-history":[{"count":0,"href":"https:\/\/www.europesays.com\/no\/wp-json\/wp\/v2\/posts\/126719\/revisions"}],"wp:featuredmedia":[{"embeddable":true,"href":"https:\/\/www.europesays.com\/no\/wp-json\/wp\/v2\/media\/126720"}],"wp:attachment":[{"href":"https:\/\/www.europesays.com\/no\/wp-json\/wp\/v2\/media?parent=126719"}],"wp:term":[{"taxonomy":"category","embeddable":true,"href":"https:\/\/www.europesays.com\/no\/wp-json\/wp\/v2\/categories?post=126719"},{"taxonomy":"post_tag","embeddable":true,"href":"https:\/\/www.europesays.com\/no\/wp-json\/wp\/v2\/tags?post=126719"}],"curies":[{"name":"wp","href":"https:\/\/api.w.org\/{rel}","templated":true}]}}