{"id":126724,"date":"2026-01-02T05:15:07","date_gmt":"2026-01-02T05:15:07","guid":{"rendered":"https:\/\/www.europesays.com\/no\/126724\/"},"modified":"2026-01-02T05:15:07","modified_gmt":"2026-01-02T05:15:07","slug":"nyttarsalen-jonas-gahr-store-nyttarstalen-til-jonas-gahr-store-vi-ma-vaere-forberedt-pa-krig","status":"publish","type":"post","link":"https:\/\/www.europesays.com\/no\/126724\/","title":{"rendered":"Nytt\u00e5rsalen, Jonas Gahr St\u00f8re | Nytt\u00e5rstalen til Jonas Gahr St\u00f8re: Vi m\u00e5 v\u00e6re forberedt p\u00e5 krig"},"content":{"rendered":"\n<p>Faren for krig og trusler preger nytt\u00e5rstalen til statsministeren. Den \u00e5pner i H\u00f8yblokka, selve \u00e5stedet for det alvorligste terrorangrepet i Norge i moderne tid.<\/p>\n<p>\u2013 H\u00f8yblokka er et symbol p\u00e5 v\u00e5rt demokrati og v\u00e5rt fellesskap, men 22. juli 2011 ble denne bygningen ogs\u00e5 et symbol p\u00e5 smerte og tap for hele nasjonen, innleder Jonas Gahr St\u00f8re nytt\u00e5rstalen.<\/p>\n<p><b>F\u00e5 varslinger for hver Nett p\u00e5 sak i Nettavisen-appen til <a href=\"https:\/\/apps.apple.com\/no\/app\/nettavisen-iphone-edition\/id395673519\" rel=\"noopener noreferrer nofollow\" target=\"_blank\">iPhone <\/a>og <a href=\"https:\/\/play.google.com\/store\/apps\/details?id=no.nettavisen.phonegap.na\" rel=\"noopener noreferrer nofollow\" target=\"_blank\">Android<\/a>.<\/b><\/p>\n<p>I Jonas Gahr St\u00f8res tankegang er det en seier \u00e5 ta H\u00f8yblokka tilbake. Andre vil peke p\u00e5 at det nye regjeringskvartalet er det verste eksempelet p\u00e5 offentlig sl\u00f8sing i nyere tid, med en &#8211; forel\u00f8pig &#8211; prislapp p\u00e5 53,5 milliarder kroner &#8211; eller tolv millioner per arbeidsplass.<\/p>\n<p>Det symboliserer ogs\u00e5 en blindsone i nytt\u00e5rstalen, nemlig behovet for nyskaping, norsk eierskap og \u00f8konomisk vekst &#8211; og ikke et ord om den trusselen som ligger i at mange av landets dyktigste eiere er presset ut av landet av en feilsl\u00e5tt skattepolitikk.<\/p>\n<p>Riktignok fremhever han norske fordeler som god \u00f8konomi, sm\u00e5 forskjeller, h\u00f8y tillit og et levende demokrati med h\u00f8y valgdeltakelse, men det er i forbifarten og eksempler p\u00e5 noe som er bra, ikke utfordringer.<\/p>\n<p>Forbereder oss p\u00e5 krig<\/p>\n<p>If\u00f8lge nytt\u00e5rstalen er en st\u00f8rste oppgaven \u00e5 skape trygghet i en urolig verden, med tollmurer, ekstremv\u00e6r og en russisk angrepskrig st\u00f8ttet av Kina, Iran og Nord-Korea.<\/p>\n<p>\u2013 Det er krig i Europa. S\u00e5 &#8211; ja, vi m\u00e5 v\u00e6re forberedt p\u00e5 at krig kan ramme Norge, sier Jonas Gahr St\u00f8re.<\/p>\n<p>\u2013 Samtidig vil jeg si: Norge truer ingen. NATO truer ingen.. Og v\u00e5r vurdering er at Russland ikke ser seg tjent med en v\u00e6pnet konflikt mot Norge, et NATO-land.<\/p>\n<p>Samtidig peker han p\u00e5 hybrid krigf\u00f8ring, desinformasjon, spionasje og sabotasje som kan true industrianlegg, olje- og gassinstallasjoner og bankene.<\/p>\n<p>\u2013 Det finnes med andre ord mange former for trusler i dagens verden. Og skillet mellom krig og fred er ikke like klart som f\u00f8r. Det betyr at vi \u2013 hver og \u00e9n av oss \u2013 m\u00e5 gj\u00f8re mer for \u00e5 forsvare tryggheten, med egne ressurser og i samarbeid med andre land, heter det i talen.<\/p>\n<p>Hva st\u00e5r ikke i talen?<\/p>\n<p>Svakheten i talen er at den er kjemisk fri for politikk, og hva regjeringen har tenkt \u00e5 gj\u00f8re med truslene. Klimaendringene er ikke noe stort poeng. Algoritmer og digitale trusler nevnes, men l\u00f8sningen er vi alle m\u00e5 v\u00e6re mer p\u00e5 vakt &#8211; \u00abikke bare som stat men som foreldre, besteforeldre, s\u00f8sken, venner, kolleger og l\u00e6rere\u00bb, som det heter.<\/p>\n<p>\u2013 Det er i de sm\u00e5, n\u00e6re handlingene vi skaper den store tryggheten: N\u00e5r vi f\u00f8lger med p\u00e5 barn og unges liv p\u00e5 skjermen \u2013 og aksepterer det irriterende varselet om \u00e5 endre passord, er oppfordringen fra statsministeren.<\/p>\n<p>\u2013 Hver gang du gj\u00f8r ditt lille bidrag, blir tryggheten for oss alle st\u00f8rre. For n\u00e5r vi passer p\u00e5 hverandre \u2013 da passer vi ogs\u00e5 p\u00e5 landet v\u00e5rt, er budskapet.<\/p>\n<p>Sl\u00e5r ring om norske verdier<\/p>\n<p>I \u00e5rets tale er Jonas Gahr St\u00f8re opptatt av norsk kultur og norske verdier. Herrelandslaget i fotball og damelandslaget i h\u00e5ndball nevnes spesifikt, men ogs\u00e5 kulturutrykk som P\u00f8rni, Riddu Riddu og Tons of Rock.<\/p>\n<p>\u2013 Det norske fellesskapet er et skjold som beskytter de norske verdiene. Fellesskapet er ogs\u00e5 v\u00e5r bro til nye perspektiver, ideer og fortellinger \u2013 som v\u00e5rt samfunn og v\u00e5r kultur trenger, heter det i talen &#8211; som her minner om Asle Tojes omdiskuterte tale om behovet for \u00e5 forsvare den norske nasjonaliteten.<\/p>\n<p>\u2013 Mitt budskap i dag er: Et sterkt fellesskap er fundamentet for et sterkt forsvar av Norge i \u00e5rene foran oss, er budskapet til Jonas Gahr St\u00f8re.<\/p>\n<p>En tradisjonell tale<\/p>\n<p>Det er vanskelig \u00e5 bli oppr\u00f8rt over Jonas Gahr St\u00f8res oppfordringer til oss alle om \u00e5 passe p\u00e5 hverandre, og \u00e5 forsvare de norske verdiene som ligger i kulturutrykk og folkestyret. Nytt\u00e5rstalen er heller ikke tradisjonelt et tidspunkt for \u00e5 lansere reformer.<\/p>\n<p>Men der Kongens tale skal samle nasjonen, er det mer rom i statsministerens tale for \u00e5 si noe viktig, og kanskje forberede oss p\u00e5 hvilken retninger regjeringen har tenkt \u00e5 f\u00f8re landet videre?<\/p>\n<p>Det mest h\u00e5ndfaste er gjenoppbyggingen av H\u00f8yblokka.<\/p>\n<p>Men det er som nevnt ogs\u00e5 et talende eksempel p\u00e5 det som ikke st\u00e5r der; nemlig at vi har blitt en nasjon som lever h\u00f8yt p\u00e5 et stort oljefond, som har over 700.000 i arbeidsdyktig alder uten for arbeidslivet, som sliter med d\u00e5rlige skoleresultater, store utfordringer i eldreomsorgen og en offentlig sektor som stadig eser ut.<\/p>\n<p>Hva regjeringen har tenkt \u00e5 gj\u00f8re med det, f\u00e5r vi ikke vite i nytt\u00e5rsalen.<\/p>\n<p><b>Har du meninger om denne saken? Da kan du kommentere i <a href=\"https:\/\/www.nettavisen.no\/api\/amediacomments\/frontend\/nacomment\/comments-frontend\/comments\/?v=1.0#\/comment\/?url=%2F%2Fwww.nettavisen.no%2F5-95-2709964&amp;scope=www.nettavisen.no&amp;publication=www.nettavisen.no\" rel=\"Follow nofollow noopener\" target=\"_blank\">kommentarfeltet her<\/a>.<\/b><\/p>\n","protected":false},"excerpt":{"rendered":"Faren for krig og trusler preger nytt\u00e5rstalen til statsministeren. Den \u00e5pner i H\u00f8yblokka, selve \u00e5stedet for det alvorligste&hellip;\n","protected":false},"author":2,"featured_media":126725,"comment_status":"","ping_status":"","sticky":false,"template":"","format":"standard","meta":{"footnotes":""},"categories":[10],"tags":[20,21,24,25,15,22,23,13,30,28,29,14,16,26,27],"class_list":{"0":"post-126724","1":"post","2":"type-post","3":"status-publish","4":"format-standard","5":"has-post-thumbnail","7":"category-norge","8":"tag-breaking-news","9":"tag-breakingnews","10":"tag-featured-news","11":"tag-featurednews","12":"tag-headlines","13":"tag-latest-news","14":"tag-latestnews","15":"tag-news","16":"tag-no","17":"tag-norge","18":"tag-norway","19":"tag-nyheter","20":"tag-overskrifter","21":"tag-top-stories","22":"tag-topstories"},"share_on_mastodon":{"url":"https:\/\/pubeurope.com\/@no\/115823806006995072","error":""},"_links":{"self":[{"href":"https:\/\/www.europesays.com\/no\/wp-json\/wp\/v2\/posts\/126724","targetHints":{"allow":["GET"]}}],"collection":[{"href":"https:\/\/www.europesays.com\/no\/wp-json\/wp\/v2\/posts"}],"about":[{"href":"https:\/\/www.europesays.com\/no\/wp-json\/wp\/v2\/types\/post"}],"author":[{"embeddable":true,"href":"https:\/\/www.europesays.com\/no\/wp-json\/wp\/v2\/users\/2"}],"replies":[{"embeddable":true,"href":"https:\/\/www.europesays.com\/no\/wp-json\/wp\/v2\/comments?post=126724"}],"version-history":[{"count":0,"href":"https:\/\/www.europesays.com\/no\/wp-json\/wp\/v2\/posts\/126724\/revisions"}],"wp:featuredmedia":[{"embeddable":true,"href":"https:\/\/www.europesays.com\/no\/wp-json\/wp\/v2\/media\/126725"}],"wp:attachment":[{"href":"https:\/\/www.europesays.com\/no\/wp-json\/wp\/v2\/media?parent=126724"}],"wp:term":[{"taxonomy":"category","embeddable":true,"href":"https:\/\/www.europesays.com\/no\/wp-json\/wp\/v2\/categories?post=126724"},{"taxonomy":"post_tag","embeddable":true,"href":"https:\/\/www.europesays.com\/no\/wp-json\/wp\/v2\/tags?post=126724"}],"curies":[{"name":"wp","href":"https:\/\/api.w.org\/{rel}","templated":true}]}}