{"id":126726,"date":"2026-01-02T05:16:20","date_gmt":"2026-01-02T05:16:20","guid":{"rendered":"https:\/\/www.europesays.com\/no\/126726\/"},"modified":"2026-01-02T05:16:20","modified_gmt":"2026-01-02T05:16:20","slug":"tour-de-ski-frida-karlsson","status":"publish","type":"post","link":"https:\/\/www.europesays.com\/no\/126726\/","title":{"rendered":"Tour de Ski, Frida karlsson"},"content":{"rendered":"\n<p>   <img decoding=\"async\" width=\"1500\" height=\"440\" fetchpriority=\"low\"  loading=\"lazy\"  src=\"https:\/\/www.europesays.com\/no\/wp-content\/uploads\/2026\/01\/1767330980_155_tour+de+ski+byline+simen+l%C3%B8nning+sjur+tveito.jpg\" alt=\"\" class=\"brick-c-cFOWSL\" style=\"--brick-image-ratio: 1500 \/ 440;\"\/><\/p>\n<p>TOBLACH (Nettavisen): Den svenske langrennsstjernen har ikke f\u00e5tt en dr\u00f8mmestart p\u00e5 Tour de ski n\u00e5r tre etapper n\u00e5 er unnagjort.<\/p>\n<p>Onsdag endte hun helt nede p\u00e5 en 52. plass p\u00e5 det nye konkurranseformatet 5 kilometer fellesstart heat i Toblach.<\/p>\n<p>\u2013 Det var vanskelig, sier Karlsson til Nettavisen etter l\u00f8pet.<\/p>\n<p><b>Les ogs\u00e5: <a href=\"https:\/\/www.nettavisen.no\/sport\/ukraina-med-sjokkansettelse\/s\/5-95-2737509\" rel=\"Follow nofollow noopener\" target=\"_blank\">Ukraina med sjokkansettelse<\/a><\/b><\/p>\n<p>Uheldig p\u00e5 trening<\/p>\n<p>Det er imidlertid ikke bare i konkurransel\u00f8ypen ting ikke har g\u00e5tt helt som svensken hadde h\u00e5pet.<\/p>\n<p>P\u00e5 trening har det ogs\u00e5 v\u00e6rt litt stang ut for Karlsson.<\/p>\n<p>Tirsdag kveld delte svensken en video av seg selv med blod rennende fra nesen.<\/p>\n<p>N\u00e5 forklarer Karlsson til Nettavisen hva som skjedde.<\/p>\n<p>\u2013 Jeg var ute og trente p\u00e5 kvelden, jeg og to til. S\u00e5 d\u00f8de hodelykten min og jeg satte staven p\u00e5 skien. Jeg slo meg og begynte \u00e5 bl\u00f8 neseblod, sier Karlsson.<\/p>\n<p>B\u00e5de Karlsson og lagvenninne Maja Dahlqvist ler av det hele.<\/p>\n<p>\u2013 Hun er dramatisk. Det var ikke s\u00e5 ille som det s\u00e5 ut, sier Dahlqvist til Nettavisen og ler.<\/p>\n<p><b>Les ogs\u00e5: <a href=\"https:\/\/www.nettavisen.no\/fis-grep-inn-mot-russland-trener\/s\/5-95-2803004\" rel=\"nofollow noopener\" target=\"_blank\">FIS grep inn mot Russland-trener<\/a><\/b><\/p>\n<p>   <img decoding=\"async\" width=\"1890\" height=\"1063\" fetchpriority=\"low\"  loading=\"lazy\"  src=\"https:\/\/www.europesays.com\/no\/wp-content\/uploads\/2026\/01\/frida+karlsson+insta.jpg\" alt=\"\" class=\"brick-c-cFOWSL\" style=\"--brick-image-ratio: 1890 \/ 1063;\"\/><\/p>\n<p>      BLODIG: Frida Karlsson under en kvelds\u00f8kt i Toblach.<br \/>\n      Foto: Instagram\n    <\/p>\n<p>  Ser mot OL<\/p>\n<p>Ler gj\u00f8r Karlsson ikke av resultatene av touren s\u00e5 langt. I sammendraget er svensken n\u00e5 p\u00e5 en 16. plass &#8211; 2 minutter bak Jessie Diggins som leder.<\/p>\n<p>Karlsson har f\u00f8r touren trent hardt, og har denne vinteren mest fokus p\u00e5 OL som venter i februar.<\/p>\n<p>N\u00e5 pr\u00f8ver \u00e5 hun \u00e5 bruke konkurransene fremover til \u00e5 komme i form.<\/p>\n<p>\u2013 Helt \u00e6rlig s\u00e5 har jeg hele tiden sagt at jeg har ikke siktet meg inn p\u00e5 touren i \u00e5r. Jeg har fors\u00f8kt \u00e5 bruke den til \u00e5 komme i form. Kanskje er det n\u00e5 jeg skal v\u00e6re litt nedtrent hvis jeg skal kunne slippe opp litt til OL, s\u00e5 s\u00e5nn sett kan det v\u00e6re noe positivt i det, sier Karlsson.<\/p>\n<p>P\u00e5 1. nytt\u00e5rsdag venter 20 kilometer jaktstart p\u00e5 den 4. etappen av touren.<\/p>\n<p><b>Les ogs\u00e5: <a rel=\"Follow nofollow noopener\" href=\"https:\/\/www.nettavisen.no\/sport\/johannes-hosflot-klabo-vil-ha-drastisk-endring-av-tour-de-ski\/s\/5-95-2798871\" target=\"_blank\">Kl\u00e6bo vil endre Tour de ski<\/a><\/b><\/p>\n<p><b>Topp 10 i Tour de ski etter 3. etapper<\/b><br \/>1. Jessie Diggins<br \/>2. Astrid \u00d8yre Slind +50<br \/>3. Moa Ilar +1:00<br \/>4. Maja Dahlqvist +1:11<br \/>5. Teresa Stadlober +1:14<br \/>6. Emma Ribom +1:21<br \/>7. Coletta Rydzek +1:35<br \/>8. Kerttu Niskanen +1:37<br \/>9. Jasmi Joensuu +1:38<br \/>10. Johanna Matintalo +1:42<\/p>\n<p><b>Les ogs\u00e5: <a rel=\"Follow nofollow noopener\" href=\"https:\/\/www.nettavisen.no\/sport\/program-for-tour-de-ski-2025-2026\/s\/5-95-2798023\" target=\"_blank\">Program for Tour de ski 2025\/26<\/a><\/b><\/p>\n","protected":false},"excerpt":{"rendered":"TOBLACH (Nettavisen): Den svenske langrennsstjernen har ikke f\u00e5tt en dr\u00f8mmestart p\u00e5 Tour de ski n\u00e5r tre etapper n\u00e5&hellip;\n","protected":false},"author":2,"featured_media":126727,"comment_status":"","ping_status":"","sticky":false,"template":"","format":"standard","meta":{"footnotes":""},"categories":[5],"tags":[20,21,24,25,15,19,22,23,17,18,13,30,28,29,14,16,26,27],"class_list":{"0":"post-126726","1":"post","2":"type-post","3":"status-publish","4":"format-standard","5":"has-post-thumbnail","7":"category-overskrifter","8":"tag-breaking-news","9":"tag-breakingnews","10":"tag-featured-news","11":"tag-featurednews","12":"tag-headlines","13":"tag-hovedoppslag","14":"tag-latest-news","15":"tag-latestnews","16":"tag-main-news","17":"tag-mainnews","18":"tag-news","19":"tag-no","20":"tag-norge","21":"tag-norway","22":"tag-nyheter","23":"tag-overskrifter","24":"tag-top-stories","25":"tag-topstories"},"share_on_mastodon":{"url":"https:\/\/pubeurope.com\/@no\/115823809836782559","error":""},"_links":{"self":[{"href":"https:\/\/www.europesays.com\/no\/wp-json\/wp\/v2\/posts\/126726","targetHints":{"allow":["GET"]}}],"collection":[{"href":"https:\/\/www.europesays.com\/no\/wp-json\/wp\/v2\/posts"}],"about":[{"href":"https:\/\/www.europesays.com\/no\/wp-json\/wp\/v2\/types\/post"}],"author":[{"embeddable":true,"href":"https:\/\/www.europesays.com\/no\/wp-json\/wp\/v2\/users\/2"}],"replies":[{"embeddable":true,"href":"https:\/\/www.europesays.com\/no\/wp-json\/wp\/v2\/comments?post=126726"}],"version-history":[{"count":0,"href":"https:\/\/www.europesays.com\/no\/wp-json\/wp\/v2\/posts\/126726\/revisions"}],"wp:featuredmedia":[{"embeddable":true,"href":"https:\/\/www.europesays.com\/no\/wp-json\/wp\/v2\/media\/126727"}],"wp:attachment":[{"href":"https:\/\/www.europesays.com\/no\/wp-json\/wp\/v2\/media?parent=126726"}],"wp:term":[{"taxonomy":"category","embeddable":true,"href":"https:\/\/www.europesays.com\/no\/wp-json\/wp\/v2\/categories?post=126726"},{"taxonomy":"post_tag","embeddable":true,"href":"https:\/\/www.europesays.com\/no\/wp-json\/wp\/v2\/tags?post=126726"}],"curies":[{"name":"wp","href":"https:\/\/api.w.org\/{rel}","templated":true}]}}