{"id":126728,"date":"2026-01-02T05:22:26","date_gmt":"2026-01-02T05:22:26","guid":{"rendered":"https:\/\/www.europesays.com\/no\/126728\/"},"modified":"2026-01-02T05:22:26","modified_gmt":"2026-01-02T05:22:26","slug":"helse-fyrverkeri-ti-fekk-augeskadar-av-fyrverkeri-han-onsker-forbod","status":"publish","type":"post","link":"https:\/\/www.europesays.com\/no\/126728\/","title":{"rendered":"Helse, Fyrverkeri | Ti fekk augeskadar av fyrverkeri: Han \u00f8nsker forbod"},"content":{"rendered":"\n<p>Augeavdelinga p\u00e5 Haukeland universitetssjukehus samlar kvart \u00e5r inn tal p\u00e5 kor mange som er behandla for augeskadar landet over etter nytt\u00e5rsfeiringa.<\/p>\n<p>I fjor var det sju personar som fekk augeskadar. I \u00e5r var talet ti, melder <a href=\"https:\/\/www.helse-bergen.no\/nyheiter\/augeskadar-2025\/\" rel=\"Follow nofollow noopener\" target=\"_blank\">Helse Bergen. <\/a><\/p>\n<p><b>To av desse, ein mann og ei kvinne, er alvorleg skadde. Ingen brukte vernebriller og alkohol var involvert. Kvinna var tilskodar. Dei \u00e5tte andre personane har skadar som er moderat alvorlege.<\/b><\/p>\n<p>\u2013 Dei fleste av skadane skjedde ved bruk av effektbatteri. For nokre av skadane har vi ikkje opplysningar om kva type fyrverkeri det var, seier overlege Lasse Mulstad Skrivervik ved Augeavdelinga p\u00e5 Haukeland.<\/p>\n<p><b>To av dei skadde fekk skadar i samband med eit effektbatteri som eksploderte. Eit barn under ti \u00e5r som var tilskodar, er blant dei skadde. <\/b><\/p>\n<p>Overlegen \u00f8nsker no forbod mot privat fyrverkeri.<\/p>\n<p>\u2013 Kvar augeskade p\u00e5 grunn av fyrverkeri er ein augeskade for mykje.<\/p>\n<p><b>Firda har f\u00f8rebels ikkje f\u00e5tt svar fr\u00e5 Helse F\u00f8rde om nokre av dei ti augeskadene er registrerte hos dei.<\/b><\/p>\n<p>  <a href=\"https:\/\/www.firda.no\/5-15-1996517\" class=\"related-teaser has-image default-story-teaser article--c-eRUmMG article--c-eRUmMG-jKCPdD-design-default\" rel=\"nofollow noopener\" target=\"_blank\"><\/p>\n<p>    <img decoding=\"async\" loading=\"lazy\"  src=\"https:\/\/www.europesays.com\/no\/wp-content\/uploads\/2026\/01\/Det+er+in+ting+som+gjeld+om+hunden+din+blir+biten+av+hoggorm.bin.jpeg\" alt=\"\" class=\"brick-c-cFOWSL\" style=\"\"\/><\/p>\n<p>\n            Les ogs\u00e5<\/p>\n<p>              Klar tale fr\u00e5 veterin\u00e6ren: \u2013 Skjerpings, folkens!\n        <\/p>\n<p>  <\/a><\/p>\n<p>  <a href=\"https:\/\/www.firda.no\/5-15-1996472\" class=\"related-teaser has-image default-story-teaser article--c-eRUmMG article--c-eRUmMG-jKCPdD-design-default\" rel=\"nofollow noopener\" target=\"_blank\"><\/p>\n<p>    <img decoding=\"async\" loading=\"lazy\"  src=\"https:\/\/www.europesays.com\/no\/wp-content\/uploads\/2026\/01\/20251231_121953.jpg\" alt=\"\" class=\"brick-c-cFOWSL\" style=\"\"\/><\/p>\n<p>\n            Les ogs\u00e5<\/p>\n<p>              S\u00e5 mange kroner sender sunnfjordingane til himmels\n        <\/p>\n<p>  <\/a><\/p>\n","protected":false},"excerpt":{"rendered":"Augeavdelinga p\u00e5 Haukeland universitetssjukehus samlar kvart \u00e5r inn tal p\u00e5 kor mange som er behandla for augeskadar landet&hellip;\n","protected":false},"author":2,"featured_media":126729,"comment_status":"","ping_status":"","sticky":false,"template":"","format":"standard","meta":{"footnotes":""},"categories":[10],"tags":[36,20,21,24,25,10497,15,736,3079,22,23,13,30,28,29,14,14878,16,1510,26,27],"class_list":{"0":"post-126728","1":"post","2":"type-post","3":"status-publish","4":"format-standard","5":"has-post-thumbnail","7":"category-norge","8":"tag-art","9":"tag-breaking-news","10":"tag-breakingnews","11":"tag-featured-news","12":"tag-featurednews","13":"tag-fyrverkeri","14":"tag-headlines","15":"tag-helse","16":"tag-helse-bergen","17":"tag-latest-news","18":"tag-latestnews","19":"tag-news","20":"tag-no","21":"tag-norge","22":"tag-norway","23":"tag-nyheter","24":"tag-nyttarsfeiring","25":"tag-overskrifter","26":"tag-story","27":"tag-top-stories","28":"tag-topstories"},"share_on_mastodon":{"url":"https:\/\/pubeurope.com\/@no\/115823833426573224","error":""},"_links":{"self":[{"href":"https:\/\/www.europesays.com\/no\/wp-json\/wp\/v2\/posts\/126728","targetHints":{"allow":["GET"]}}],"collection":[{"href":"https:\/\/www.europesays.com\/no\/wp-json\/wp\/v2\/posts"}],"about":[{"href":"https:\/\/www.europesays.com\/no\/wp-json\/wp\/v2\/types\/post"}],"author":[{"embeddable":true,"href":"https:\/\/www.europesays.com\/no\/wp-json\/wp\/v2\/users\/2"}],"replies":[{"embeddable":true,"href":"https:\/\/www.europesays.com\/no\/wp-json\/wp\/v2\/comments?post=126728"}],"version-history":[{"count":0,"href":"https:\/\/www.europesays.com\/no\/wp-json\/wp\/v2\/posts\/126728\/revisions"}],"wp:featuredmedia":[{"embeddable":true,"href":"https:\/\/www.europesays.com\/no\/wp-json\/wp\/v2\/media\/126729"}],"wp:attachment":[{"href":"https:\/\/www.europesays.com\/no\/wp-json\/wp\/v2\/media?parent=126728"}],"wp:term":[{"taxonomy":"category","embeddable":true,"href":"https:\/\/www.europesays.com\/no\/wp-json\/wp\/v2\/categories?post=126728"},{"taxonomy":"post_tag","embeddable":true,"href":"https:\/\/www.europesays.com\/no\/wp-json\/wp\/v2\/tags?post=126728"}],"curies":[{"name":"wp","href":"https:\/\/api.w.org\/{rel}","templated":true}]}}