{"id":126731,"date":"2026-01-02T05:48:08","date_gmt":"2026-01-02T05:48:08","guid":{"rendered":"https:\/\/www.europesays.com\/no\/126731\/"},"modified":"2026-01-02T05:48:08","modified_gmt":"2026-01-02T05:48:08","slug":"vitner-beskriver-brannen-i-sveits-som-en-skrekkfilm-nrk-urix-utenriksnyheter-og-dokumentarer","status":"publish","type":"post","link":"https:\/\/www.europesays.com\/no\/126731\/","title":{"rendered":"Vitner beskriver brannen i Sveits som en skrekkfilm \u2013 NRK Urix \u2013 Utenriksnyheter og -dokumentarer"},"content":{"rendered":"<p>\u2013 Det var en plutselig og intens brann. Det ble fullstendig kaos, forteller 16 \u00e5r gamle Axel Clavier fra Paris.<\/p>\n<p>Han overlevde<a href=\"https:\/\/www.nrk.no\/urix\/fleire-dode-i-brann-i-crans-montana-i-sveits-1.17710785\" ec-id=\"pp:article:1.17710785\" ec-name=\"brannen p\u00e5 nattklubben Le Constellation\" rel=\"nofollow noopener\" target=\"_blank\"> brannen p\u00e5 nattklubben Le Constellation <\/a>i alpelandsbyen Crans-Montana i Sveits, der over 40 mennesker d\u00f8de, og over 100 personer er skadd. Flere av dem alvorlig.<\/p>\n<p>En av vennene hans er blant de d\u00f8de, og to eller tre er fortsatt savnet forteller han til nyhetsbyr\u00e5et AP torsdag kveld. Han sier videre at de trodde de kom til \u00e5 bli kvalt av r\u00f8yken, og at det var en enorm trengsel for \u00e5 komme ut av d\u00f8ren.<\/p>\n<p>\u2013 Det var et mareritt. Folk i full panikk som skrek, sier han.<\/p>\n<p>16-\u00e5ringen gjemte seg ved et bord og slet med \u00e5 f\u00e5 puste.<\/p>\n<p>\u2013 Jeg trodde ikke at jeg kom til \u00e5 klare det. Men jeg l\u00f8p opp trappen og brukte et bord til \u00e5 knuse et vindu. Jeg kom meg ut, og dro andre bak meg ut.<\/p>\n<p><img decoding=\"async\"   src=\"data:image\/gif;base64,R0lGODlhAQABAIAAAAAAAP\/\/\/yH5BAEAAAAALAAAAAABAAEAAAIBRAA7\" loading=\"eager\" alt=\"Bildet viser et innend\u00f8rs omr\u00e5de fylt med m\u00f8bler, inkludert stoler og bord som st\u00e5r stablet. I bakgrunnen er det synlig en utrykningsbil fra brannvesenet samt en ambulanse. Flere personer i h\u00f8y synlighet er tilstede i omr\u00e5det, if\u00f8rt uniformer. Omgivelsene tyder p\u00e5 at det har v\u00e6rt en hendelse som krever n\u00f8dh\u00e5ndtering. (Bildebeskrivelsen er laget av en KI-tjeneste)\" title=\"Foto: Police Cantonale Valaisanne \/ AP \/ NTB\"\/><\/p>\n<p class=\"\">Slik s\u00e5 det ut p\u00e5 terassen til nattklubben p\u00e5 kvelden dagen etter brannen. <\/p>\n<p>Foto: Police Cantonale Valaisanne \/ AP \/ NTB<\/p>\n<p>Clavier mistet skoene, jakken, telefonen og bankkortet sitt da han fors\u00f8kte \u00e5 finne en vei ut av lokalet. Han tror det tok rundt ti minutter f\u00f8r han kom seg ut.<\/p>\n<p>\u2013 Det var som en skrekkfilm, forteller Ilan Achour til nyhetsbyr\u00e5et Reuters.<\/p>\n<p>Han mistet bestevenninnen sin.<\/p>\n<p>\u2013 Hun l\u00e5 i armene mine. Vi pr\u00f8vde \u00e5 gjenopplive henne, sier han.<\/p>\n<p>17 \u00e5r gamle Laetita Place sier de s\u00e5 forferdelige ting som ingen noen gang burde se. Hun forteller hvordan alle fors\u00f8kte \u00e5 komme seg ut samtidig.<\/p>\n<p>\u2013 Den lille d\u00f8ren som alle dyttet mot, s\u00e5 falt vi alle stablet opp\u00e5 hverandre, forteller hun.<\/p>\n<p><img decoding=\"async\"   src=\"data:image\/gif;base64,R0lGODlhAQABAIAAAAAAAP\/\/\/yH5BAEAAAAALAAAAAABAAEAAAIBRAA7\" loading=\"eager\" alt=\"En mann i oransje brannuniform st\u00e5r foran en stor mengde blomster og kosedyr. Han holder en bukett og har p\u00e5 seg navneskilt som viser at han er kommandant. Bak mannen st\u00e5r en skare med mennesker som ser ut til \u00e5 minnes noe eller noen. Omgivelsene er innend\u00f8rs med dempet belysning, og det er en alvorlig stemning i rommet. (Bildebeskrivelsen er laget av en KI-tjeneste)\" title=\"Foto: Stephanie Lecocq \/ Reuters \/ NTB\"\/><\/p>\n<p class=\"\">Lederen for rednings- og brannvesenet ved ACCM, David Vocat, legger en teddybj\u00f8rn utenfor \u00abLe Constellation\u00bb bar<\/p>\n<p>Foto: Stephanie Lecocq \/ Reuters \/ NTB<\/p>\n<p>Blomster og lys<\/p>\n<p>Torsdag kveld hadde mange mennesker m\u00f8tt frem for \u00e5 legge ned blomster og lys ved stedet. Det ble ogs\u00e5 holdt en minnegudstjeneste i byen.<\/p>\n<p>Den sveitsiske presidenten Guy Parlemin beskrev katastrofen som en av de verste tragediene i landets historie. De fleste av de omkomne er unge mennesker.<\/p>\n<p>Sveits har erkl\u00e6rt fem dager med landesorg etter brannkatastrofen i Crans-Montana, skriver The Guardian.<\/p>\n<p>Myndighetene sier det vil ta tid \u00e5 identifisere ofrene og fastsl\u00e5 endelig d\u00f8dstall.<\/p>\n<p>\u00c5rsaken til brannen er fortsatt ukjent. Men det spekuleres i om en fakkel i flaske kan ha satt fyr p\u00e5 taket.<\/p>\n<p>    \u2190<\/p>\n<ul data-scroll-container=\"\" role=\"list\" aria-label=\"Bildegalleri\">\n<li><img alt=\"Flere mennesker samles rundt et minnesmerke med blomster og tente lys. Noen holder mobiltelefoner mens de tar bilder eller filmer. Omgivelsene er m\u00f8rke, men opplyst av lys fra omgivelsene og lysene ved minnesmerket. Stemningen er alvorlig og refleksiv blant de tilstedev\u00e6rende. (Bildebeskrivelsen er laget av en KI-tjeneste)\"  width=\"3840\" height=\"2560\" loading=\"lazy\"\/>\n<p>Folk samlet seg i sentrum for \u00e5 legge ned blomster og lys for ofrene av brannen. <\/p>\n<p> Foto: Alessandro della Valle \/ AP \/ NTB <\/li>\n<li><img alt=\"To personer omfavner hverandre i en kveldsscene. Den ene personen har p\u00e5 seg en svart jakke, mens den andre er if\u00f8rt en cap. Mannen fremst har t\u00e5rer i \u00f8ynene.  \"  width=\"3840\" height=\"2569\" loading=\"lazy\"\/>\n<p>Det var sterke f\u00f8lelser blant de s\u00f8rgende p\u00e5 torget. <\/p>\n<p> Foto: Denis Balibouse \/ Reuters \/ NTB <\/li>\n<li><img alt=\"To personer st\u00e5r ved en sirkel av tente lys p\u00e5 en gate. Lysene er plassert p\u00e5 bakken som en minnesmarkering. I bakgrunnen er det politipersonell og en sperret veibane. Det er m\u00f8rkt, og omgivelsene tyder p\u00e5 en bysetting. (Bildebeskrivelsen er laget av en KI-tjeneste)\"  width=\"3840\" height=\"2560\" loading=\"lazy\"\/>\n<p>Mange tente lys ved nattklubben.<\/p>\n<p> Foto: Antonio Calanni \/ AP \/ NTB <\/li>\n<li><img alt=\"Bildet viser en forsamling mennesker innend\u00f8rs i en kirke, hvor flere er samlet i et f\u00f8lelsesladet \u00f8yeblikk. To personer st\u00e5r i fokus, der de klemmer hverandre. Bak dem er det flere mennesker som beveger seg, med noen som sitter p\u00e5 benker i kirkerommet. \"  width=\"3840\" height=\"2559\" loading=\"lazy\"\/>\n<p>To personer klemmer hverandre under minnestunden i kirken i Crans-Montana. <\/p>\n<p> Foto: Antonio Calanni \/ AP \/ NTB <\/li>\n<\/ul>\n<p>\u2192<\/p>\n<p>Flere land tilbyr hjelp<\/p>\n<p>\u00c5tte franske statsborgere er savnet i brannen.<\/p>\n<p>\u2013 Vi er dypt ber\u00f8rt av tragedien som rammet Crans-Montana. V\u00e5re tanker g\u00e5r til ofrene og deres familier, inkludert de \u00e5tte franske statsborgerne, heter det i en uttalelse fra det franske utenriksdepartementet.<\/p>\n<p>Frankrikes president Emmanuel Macron snakket med sin sveitsiske motpart tidligere p\u00e5 dagen for \u00e5 tilby assistanse. Tre overlevende har blitt overf\u00f8rt til franske sykehus, og flere overf\u00f8ringer er i gang.<\/p>\n<p>Sverige har tilbudt Sveits om \u00e5 ta imot skadde pasienter fra brannen p\u00e5 nattklubben i Crans-Montana, melder Aftonbladet.<\/p>\n<p>\u2013 Vi er klare til \u00e5 bist\u00e5, sier helseminister Elisabet Lann (KD) til nyhetsbyr\u00e5et TT.<\/p>\n<p>Sverige tilbyr intensivavdelinger for personer med alvorlig brannskade, ekspertise og transport med omsorgspersonell.<\/p>\n<p>\u2013 Dette er en akutt situasjon, mange av disse pasientene er sv\u00e6rt alvorlig skadde og trenger \u00f8yeblikkelig avansert behandling, sier Lann.<\/p>\n<p>Frankrike, Tyskland og Italia har ogs\u00e5 tilbudt hjelp til Sveits etter brannen.<\/p>\n<p>Det er flere utenlandske statsborgere blant ofrene. Norsk UD har ingen indikasjoner p\u00e5 at nordmenn er ber\u00f8rt.<\/p>\n<p>Publisert<\/p>\n<p>02.01.2026, kl. 05.55<\/p>\n<p>Oppdatert<\/p>\n<p>02.01.2026, kl. 06.35<\/p>\n","protected":false},"excerpt":{"rendered":"\u2013 Det var en plutselig og intens brann. Det ble fullstendig kaos, forteller 16 \u00e5r gamle Axel Clavier&hellip;\n","protected":false},"author":2,"featured_media":126732,"comment_status":"","ping_status":"","sticky":false,"template":"","format":"standard","meta":{"footnotes":""},"categories":[5],"tags":[20,21,24,25,15,19,22,23,17,18,13,30,28,29,14,16,26,27],"class_list":{"0":"post-126731","1":"post","2":"type-post","3":"status-publish","4":"format-standard","5":"has-post-thumbnail","7":"category-overskrifter","8":"tag-breaking-news","9":"tag-breakingnews","10":"tag-featured-news","11":"tag-featurednews","12":"tag-headlines","13":"tag-hovedoppslag","14":"tag-latest-news","15":"tag-latestnews","16":"tag-main-news","17":"tag-mainnews","18":"tag-news","19":"tag-no","20":"tag-norge","21":"tag-norway","22":"tag-nyheter","23":"tag-overskrifter","24":"tag-top-stories","25":"tag-topstories"},"share_on_mastodon":{"url":"https:\/\/pubeurope.com\/@no\/115823935811431377","error":""},"_links":{"self":[{"href":"https:\/\/www.europesays.com\/no\/wp-json\/wp\/v2\/posts\/126731","targetHints":{"allow":["GET"]}}],"collection":[{"href":"https:\/\/www.europesays.com\/no\/wp-json\/wp\/v2\/posts"}],"about":[{"href":"https:\/\/www.europesays.com\/no\/wp-json\/wp\/v2\/types\/post"}],"author":[{"embeddable":true,"href":"https:\/\/www.europesays.com\/no\/wp-json\/wp\/v2\/users\/2"}],"replies":[{"embeddable":true,"href":"https:\/\/www.europesays.com\/no\/wp-json\/wp\/v2\/comments?post=126731"}],"version-history":[{"count":0,"href":"https:\/\/www.europesays.com\/no\/wp-json\/wp\/v2\/posts\/126731\/revisions"}],"wp:featuredmedia":[{"embeddable":true,"href":"https:\/\/www.europesays.com\/no\/wp-json\/wp\/v2\/media\/126732"}],"wp:attachment":[{"href":"https:\/\/www.europesays.com\/no\/wp-json\/wp\/v2\/media?parent=126731"}],"wp:term":[{"taxonomy":"category","embeddable":true,"href":"https:\/\/www.europesays.com\/no\/wp-json\/wp\/v2\/categories?post=126731"},{"taxonomy":"post_tag","embeddable":true,"href":"https:\/\/www.europesays.com\/no\/wp-json\/wp\/v2\/tags?post=126731"}],"curies":[{"name":"wp","href":"https:\/\/api.w.org\/{rel}","templated":true}]}}