{"id":126738,"date":"2026-01-02T06:15:12","date_gmt":"2026-01-02T06:15:12","guid":{"rendered":"https:\/\/www.europesays.com\/no\/126738\/"},"modified":"2026-01-02T06:15:12","modified_gmt":"2026-01-02T06:15:12","slug":"advokat-bakbundet-i-eget-hjem","status":"publish","type":"post","link":"https:\/\/www.europesays.com\/no\/126738\/","title":{"rendered":"Advokat bakbundet i eget hjem"},"content":{"rendered":"\n<p class=\"_lead_o9xde_2 _lead_xtcu6_50 layout-component text-serif-m layout-normal text-serif-l layout-component layout-wide layout-padded _wide_17hqh_1 layout-padded\">En partner i et advokatfirma i Oslo ble v\u00e5ren 2024 utsatt for et grovt ran i sitt eget hjem. N\u00e5 er fem menn tiltalt for grovt ran eller medvirkning til dette.<\/p>\n<ul aria-hidden=\"true\" class=\"_images_ntbth_112\">\n<li><a class=\"_link_ntbth_117\" href=\"https:\/\/www.vg.no\/forfatter\/ntb\" style=\"z-index:1\" title=\"NTB\" rel=\"nofollow noopener\" target=\"_blank\"><img alt=\"Bilde av NTB\" class=\"_image_ntbth_93\" fetchpriority=\"low\" loading=\"lazy\" decoding=\"async\" itemprop=\"image\"  src=\"https:\/\/www.europesays.com\/no\/wp-content\/uploads\/2026\/01\/1767334512_932_c33980b0-5d07-4027-84a1-813f90a7c8d6.png\"  width=\"480\"\/><\/a><\/li>\n<\/ul>\n<p> Oppdatert fredag 2. januar kl. 04:39     <\/p>\n<p class=\"_paragraph_o9xde_4 _paragraph_xtcu6_10 layout-component text-serif-m layout-normal text-serif-m layout-padded\">Tre maskerte og bev\u00e6pnede menn tok seg inn i leiligheten hans rundt klokken 1 p\u00e5 natten, <a href=\"https:\/\/www.finansavisen.no\/jus\/2026\/01\/01\/8317493\/tech-advokat-bakbundet-og-ranet-for-verdifulle-rolex-klokker\" class=\"_link_o9xde_39\" rel=\"nofollow noopener\" target=\"_blank\">skriver Finansavisen<\/a>.<\/p>\n<p class=\"_paragraph_o9xde_4 _paragraph_xtcu6_10 layout-component text-serif-m layout-normal text-serif-m layout-padded\">Ranerne truet ham med kniv, saks og tapetkniv, bandt hendene hans og l\u00e5ste ham inne p\u00e5 badet. If\u00f8lge tiltalen var ranet over i l\u00f8pet av 15 til 20 minutter. Advokaten ble sittende innestengt i seks og en halv time p\u00e5 badet f\u00f8r han klarte \u00e5 komme seg l\u00f8s.<\/p>\n<p class=\"_paragraph_o9xde_4 _paragraph_xtcu6_10 layout-component text-serif-m layout-normal text-serif-m layout-padded\">Utbyttet var to Rolex-klokker verdsatt til totalt 565.000 kroner, samt kontanter og en mobiltelefon. Klokkene er ikke kommet til rette.<\/p>\n<p class=\"_paragraph_o9xde_4 _paragraph_xtcu6_10 layout-component text-serif-m layout-normal text-serif-m layout-padded\">P\u00e5talemyndigheten mener to av de tiltalte hadde en rolle som oppdragsgiver.<\/p>\n<p class=\"_paragraph_o9xde_4 _paragraph_xtcu6_10 layout-component text-serif-m layout-normal text-serif-m layout-padded\">Den forn\u00e6rmede advokaten \u00f8nsker ikke \u00e5 g\u00e5 n\u00e6rmere inn p\u00e5 saken. <\/p>\n<p class=\"_paragraph_o9xde_4 _paragraph_xtcu6_10 layout-component text-serif-m layout-normal text-serif-m layout-padded\">\u2013 Det er historie. Jeg tar med meg det positive og ser p\u00e5 det som en stresstest som jeg kom godt gjennom, sier han.<\/p>\n<p class=\"_paragraph_o9xde_4 _paragraph_xtcu6_10 layout-component text-serif-m layout-normal text-serif-m layout-padded\">De fem mennene som m\u00e5 m\u00f8te i retten i 10. mars neste \u00e5r, var mellom 18 og 25 \u00e5r p\u00e5 gjerningstidspunktet. Retten har satt av fire dager til behandlingen av saken.<\/p>\n","protected":false},"excerpt":{"rendered":"En partner i et advokatfirma i Oslo ble v\u00e5ren 2024 utsatt for et grovt ran i sitt eget&hellip;\n","protected":false},"author":2,"featured_media":126739,"comment_status":"","ping_status":"","sticky":false,"template":"","format":"standard","meta":{"footnotes":""},"categories":[10],"tags":[20,21,24,25,15,22,23,13,30,28,29,14,636,16,3878,26,27],"class_list":{"0":"post-126738","1":"post","2":"type-post","3":"status-publish","4":"format-standard","5":"has-post-thumbnail","7":"category-norge","8":"tag-breaking-news","9":"tag-breakingnews","10":"tag-featured-news","11":"tag-featurednews","12":"tag-headlines","13":"tag-latest-news","14":"tag-latestnews","15":"tag-news","16":"tag-no","17":"tag-norge","18":"tag-norway","19":"tag-nyheter","20":"tag-oslo","21":"tag-overskrifter","22":"tag-ran","23":"tag-top-stories","24":"tag-topstories"},"share_on_mastodon":{"url":"https:\/\/pubeurope.com\/@no\/115824041862277776","error":""},"_links":{"self":[{"href":"https:\/\/www.europesays.com\/no\/wp-json\/wp\/v2\/posts\/126738","targetHints":{"allow":["GET"]}}],"collection":[{"href":"https:\/\/www.europesays.com\/no\/wp-json\/wp\/v2\/posts"}],"about":[{"href":"https:\/\/www.europesays.com\/no\/wp-json\/wp\/v2\/types\/post"}],"author":[{"embeddable":true,"href":"https:\/\/www.europesays.com\/no\/wp-json\/wp\/v2\/users\/2"}],"replies":[{"embeddable":true,"href":"https:\/\/www.europesays.com\/no\/wp-json\/wp\/v2\/comments?post=126738"}],"version-history":[{"count":0,"href":"https:\/\/www.europesays.com\/no\/wp-json\/wp\/v2\/posts\/126738\/revisions"}],"wp:featuredmedia":[{"embeddable":true,"href":"https:\/\/www.europesays.com\/no\/wp-json\/wp\/v2\/media\/126739"}],"wp:attachment":[{"href":"https:\/\/www.europesays.com\/no\/wp-json\/wp\/v2\/media?parent=126738"}],"wp:term":[{"taxonomy":"category","embeddable":true,"href":"https:\/\/www.europesays.com\/no\/wp-json\/wp\/v2\/categories?post=126738"},{"taxonomy":"post_tag","embeddable":true,"href":"https:\/\/www.europesays.com\/no\/wp-json\/wp\/v2\/tags?post=126738"}],"curies":[{"name":"wp","href":"https:\/\/api.w.org\/{rel}","templated":true}]}}