{"id":126761,"date":"2026-01-02T07:07:07","date_gmt":"2026-01-02T07:07:07","guid":{"rendered":"https:\/\/www.europesays.com\/no\/126761\/"},"modified":"2026-01-02T07:07:07","modified_gmt":"2026-01-02T07:07:07","slug":"apner-opp-om-vennens-dod-vi-trodde-han-var-blitt-forsinket-adressa-no","status":"publish","type":"post","link":"https:\/\/www.europesays.com\/no\/126761\/","title":{"rendered":"\u00c5pner opp om vennens d\u00f8d: &#8211; Vi trodde han var blitt forsinket &#8211; adressa.no"},"content":{"rendered":"<ol>\n<li><a href=\"https:\/\/news.google.com\/rss\/articles\/CBMinAFBVV95cUxOMjVQaVIyRHBNWWVNSkhnSUdRYWVoNjA3V0lxd3BqYW9UUU50NEpZcWMwWXJxX3dUcnp3b2dtYXA0bUktT2RlaXFLbG1fd0haLW9sZW9Ta2pVeEM2MllDcnNpNHNRbGhvX1U2YlZJaEpFUGRSUmF1akUwSXJzTmdpTWNSSzE5MzFIVDB5YkdZSXE5MDV6NFl1emNqUWI?oc=5\" target=\"_blank\" rel=\"nofollow noopener\">\u00c5pner opp om vennens d\u00f8d: &#8211; Vi trodde han var blitt forsinket<\/a>&nbsp;&nbsp;adressa.no<\/li>\n<li><a href=\"https:\/\/news.google.com\/rss\/articles\/CBMikAFBVV95cUxPQ3VOeEJtdFJzTmE5VzY1RndLQk16YXdvOG8wa1RnQ3lBcENZeXJ4Nm5FUlpCa3B2QncyYm9HYUFYLWdDREg0cFU2UThxVTNzSTZWbkhmM0JlMkEwZXNJWU5vaDJiWlJ6MFBGRjd1UmZEVHVnVl84aVpMNzY3NXZ0MkdFZU9PNzhueVN0eE5RSGQ?oc=5\" target=\"_blank\" rel=\"nofollow noopener\">D\u00f8dsfall, Nyhet | Det er gjennomf\u00f8rt rettsmedisinske unders\u00f8kelser: F\u00e5r komme hjem<\/a>&nbsp;&nbsp;Gudbrandsd\u00f8len Dagningen<\/li>\n<li><a href=\"https:\/\/news.google.com\/rss\/articles\/CBMirgFBVV95cUxQTmVicW9vQkhLMC03Xzc4elljYTJiQVRWbDZPWWNObEpsRkN3eFQ3clp0MGhPSDAtWElxTFFYZmlRLUJwb294MlhNRk12QmVFSmZ0dWNFV0lEeWNrY3NVekRFMGRKazhwYUM1d2VoUnMza3o4TkFCcjNqczhRTXVCWUMtZEpkR1BzSkhocFFLZDhLU1JjbFpjX1N1aDRweVg2UDdUSXctX3VRMlhhQ1E?oc=5\" target=\"_blank\" rel=\"nofollow noopener\">Mats (25) opplevde dr\u00f8mmen og hedret avd\u00f8d kamerat: \u2013 Det er vanskelig \u00e5 beskrive<\/a>&nbsp;&nbsp;Drammens Tidende<\/li>\n<li><a href=\"https:\/\/news.google.com\/rss\/articles\/CBMifkFVX3lxTE1LeHlydlF2NF94VHRfSi15T1cweEIwd1JMN2NpVHliRjI2SjNKNm5YaXd6Nl9Zd0E5dURuTkFpdTRHV1g5NVphM2pQdTQ1VlR6RnFINlNNZUR1X3RCTDVYaWRNQk5xQ3paWDBxXy1taGhzSDNxM0tzR05tQm5LQQ?oc=5\" target=\"_blank\" rel=\"nofollow noopener\">Oppdatering om Sivert Guttorm Bakken: \u2013\u2060 Kommer ikke f\u00f8r om flere m\u00e5neder<\/a>&nbsp;&nbsp;VG<\/li>\n<li><a href=\"https:\/\/news.google.com\/rss\/articles\/CBMiqgFBVV95cUxQNzRib0FoM3dsdHFRSEVhSDR3Sks0allibXJQbGNKT3NDWkpGUDBIdm02SlFJUXhndDdaSnJyZU96RlhNWHhzeGpsWHZyVFlxVWR2b1VpQVpsU2N5Z0FoZkotVThweEJlWkh0bXNady11aGF0MlA3bVF0X241LUlyLWNfMTF6MHZMamxMbkxOdVlJWWFCYlhDTkJmQWNIRklCbElkUU9oMF8zdw?oc=5\" target=\"_blank\" rel=\"nofollow noopener\">Familien m\u00e5 vente p\u00e5 svar etter Bakkens bortgang \u2013 kommer f\u00f8rst i mars<\/a>&nbsp;&nbsp;NRK<\/li>\n<\/ol>\n","protected":false},"excerpt":{"rendered":"\u00c5pner opp om vennens d\u00f8d: &#8211; Vi trodde han var blitt forsinket&nbsp;&nbsp;adressa.no D\u00f8dsfall, Nyhet | Det er gjennomf\u00f8rt&hellip;\n","protected":false},"author":2,"featured_media":126762,"comment_status":"","ping_status":"","sticky":false,"template":"","format":"standard","meta":{"footnotes":""},"categories":[59],"tags":[11507,30,28,29,13042,83,82],"class_list":{"0":"post-126761","1":"post","2":"type-post","3":"status-publish","4":"format-standard","5":"has-post-thumbnail","7":"category-sport","8":"tag-einar-hedegart","9":"tag-no","10":"tag-norge","11":"tag-norway","12":"tag-sivert-guttorm-bakken","13":"tag-sport","14":"tag-sports"},"share_on_mastodon":{"url":"https:\/\/pubeurope.com\/@no\/115824246387599267","error":""},"_links":{"self":[{"href":"https:\/\/www.europesays.com\/no\/wp-json\/wp\/v2\/posts\/126761","targetHints":{"allow":["GET"]}}],"collection":[{"href":"https:\/\/www.europesays.com\/no\/wp-json\/wp\/v2\/posts"}],"about":[{"href":"https:\/\/www.europesays.com\/no\/wp-json\/wp\/v2\/types\/post"}],"author":[{"embeddable":true,"href":"https:\/\/www.europesays.com\/no\/wp-json\/wp\/v2\/users\/2"}],"replies":[{"embeddable":true,"href":"https:\/\/www.europesays.com\/no\/wp-json\/wp\/v2\/comments?post=126761"}],"version-history":[{"count":0,"href":"https:\/\/www.europesays.com\/no\/wp-json\/wp\/v2\/posts\/126761\/revisions"}],"wp:featuredmedia":[{"embeddable":true,"href":"https:\/\/www.europesays.com\/no\/wp-json\/wp\/v2\/media\/126762"}],"wp:attachment":[{"href":"https:\/\/www.europesays.com\/no\/wp-json\/wp\/v2\/media?parent=126761"}],"wp:term":[{"taxonomy":"category","embeddable":true,"href":"https:\/\/www.europesays.com\/no\/wp-json\/wp\/v2\/categories?post=126761"},{"taxonomy":"post_tag","embeddable":true,"href":"https:\/\/www.europesays.com\/no\/wp-json\/wp\/v2\/tags?post=126761"}],"curies":[{"name":"wp","href":"https:\/\/api.w.org\/{rel}","templated":true}]}}