{"id":126765,"date":"2026-01-02T07:15:08","date_gmt":"2026-01-02T07:15:08","guid":{"rendered":"https:\/\/www.europesays.com\/no\/126765\/"},"modified":"2026-01-02T07:15:08","modified_gmt":"2026-01-02T07:15:08","slug":"togtrobbel-pa-sorlandsbanen-og-hovedbanen","status":"publish","type":"post","link":"https:\/\/www.europesays.com\/no\/126765\/","title":{"rendered":"Togtr\u00f8bbel p\u00e5 S\u00f8rlands\u00adbanen og Hoved\u00adbanen"},"content":{"rendered":"\n<p class=\"_lead_o9xde_2 _lead_xtcu6_50 layout-component text-serif-m layout-normal text-serif-l layout-component layout-wide layout-padded _wide_17hqh_1 layout-padded\">Togselskapet Go-Ahead har innstilt flere tog p\u00e5 S\u00f8rlands\u00adbanen fredag. Det er ogs\u00e5 forsinkelser p\u00e5 Hoved\u00adbanen p\u00e5 grunn av problemer med en sporveksel.<\/p>\n<ul aria-hidden=\"true\" class=\"_images_ntbth_112\">\n<li><a class=\"_link_ntbth_117\" href=\"https:\/\/www.vg.no\/forfatter\/live-tronstad\" style=\"z-index:2\" title=\"Live Tronstad\" rel=\"nofollow noopener\" target=\"_blank\"><img alt=\"Bilde av Live Tronstad\" class=\"_image_ntbth_93\" fetchpriority=\"low\" loading=\"lazy\" decoding=\"async\" itemprop=\"image\"  src=\"https:\/\/www.europesays.com\/no\/wp-content\/uploads\/2026\/01\/730bca66-e713-4274-9d1c-1222feeb3c7d.jpeg\"  width=\"480\"\/><\/a><\/li>\n<li><a class=\"_link_ntbth_117\" href=\"https:\/\/www.vg.no\/forfatter\/ntb\" style=\"z-index:1\" title=\"NTB\" rel=\"nofollow noopener\" target=\"_blank\"><img alt=\"Bilde av NTB\" class=\"_image_ntbth_93\" fetchpriority=\"low\" loading=\"lazy\" decoding=\"async\" itemprop=\"image\"  src=\"https:\/\/www.europesays.com\/no\/wp-content\/uploads\/2026\/01\/1767338108_66_c33980b0-5d07-4027-84a1-813f90a7c8d6.png\"  width=\"480\"\/><\/a><\/li>\n<\/ul>\n<p> Oppdatert fredag 2. januar kl. 07:53     <\/p>\n<p class=\"_paragraph_o9xde_4 _paragraph_xtcu6_10 layout-component text-serif-m layout-normal text-serif-m layout-padded\">If\u00f8lge <a href=\"https:\/\/www.vg.no\/tag\/go-ahead?utm_source=vg-article&amp;utm_medium=auto-tagger&amp;utm_campaign=8pmKQx\" class=\"_link_o9xde_39\" rel=\"nofollow noopener\" target=\"_blank\">Go-Ahead<\/a> skyldes innstillingene p\u00e5 S\u00f8rlandsbanen problemer med toget, og det kj\u00f8res buss for tog.<\/p>\n<p class=\"_paragraph_o9xde_4 _paragraph_xtcu6_10 layout-component text-serif-m layout-normal text-serif-m layout-padded\">Innstillingene gjelder toget mellom Stavanger og Oslo som skulle g\u00e5tt fra Stavanger klokken 8.47, samt avgangen mellom Oslo S og Kristiansand fra Oslo klokken 17.25.<\/p>\n<p class=\"_paragraph_o9xde_4 _paragraph_xtcu6_10 layout-component text-serif-m layout-normal text-serif-m layout-padded\">P\u00e5 Hovedbanen er det ogs\u00e5 forsinkelser p\u00e5 grunn av en feil p\u00e5 en sporveksel ved Kl\u00f8fta, if\u00f8lge Bane Nor. Det letes etter feilen, men forel\u00f8pig er det usikkert hvor lang tid dette vil ta.<\/p>\n<p class=\"_paragraph_o9xde_4 _paragraph_xtcu6_10 layout-component text-serif-m layout-normal text-serif-m layout-padded\">Feilen rammer regiontog R13 mellom Drammen og Dal.<\/p>\n<p class=\"_paragraph_o9xde_4 _paragraph_xtcu6_10 layout-component text-serif-m layout-normal text-serif-m layout-padded\">Bane Nor har ikke omtalt feilen selv p\u00e5 sine nettsider. Tidligere i \u00e5r besluttet de \u00e5 dele f\u00e6rre trafikkmeldinger: <\/p>\n<p class=\"_paragraph_o9xde_4 _paragraph_xtcu6_10 layout-component text-serif-m layout-normal layout-padded\"><strong class=\"_strong_o9xde_25\">Les ogs\u00e5:<\/strong> <a href=\"https:\/\/www.vg.no\/i\/gw5RMk\" data-track-element-type=\"Link\" data-track-id=\"link:gw5RMk\" class=\"_link_o9xde_39\" rel=\"nofollow noopener\" target=\"_blank\">Bane Nors nye hysj-plan <\/a><\/p>\n<p class=\"_paragraph_o9xde_4 _paragraph_xtcu6_10 layout-component text-serif-m layout-normal text-serif-m layout-padded\">Det er signalfeil ved Grorud, som f\u00f8rer til forsinkelser mellom Alna og Lillestr\u00f8m.  <\/p>\n<p class=\"_paragraph_o9xde_4 _paragraph_xtcu6_10 layout-component text-serif-m layout-normal text-serif-m layout-padded\">Slik ser informasjonsskjermen p\u00e5 Lillestr\u00f8m stasjon ut n\u00e5: <\/p>\n","protected":false},"excerpt":{"rendered":"Togselskapet Go-Ahead har innstilt flere tog p\u00e5 S\u00f8rlands\u00adbanen fredag. Det er ogs\u00e5 forsinkelser p\u00e5 Hoved\u00adbanen p\u00e5 grunn av&hellip;\n","protected":false},"author":2,"featured_media":126766,"comment_status":"","ping_status":"","sticky":false,"template":"","format":"standard","meta":{"footnotes":"","_share_on_mastodon":"0"},"categories":[10],"tags":[20,21,24,25,10122,15,22,23,13,30,28,29,14,16,1923,26,27],"class_list":["post-126765","post","type-post","status-publish","format-standard","has-post-thumbnail","category-norge","tag-breaking-news","tag-breakingnews","tag-featured-news","tag-featurednews","tag-go-ahead","tag-headlines","tag-latest-news","tag-latestnews","tag-news","tag-no","tag-norge","tag-norway","tag-nyheter","tag-overskrifter","tag-tog","tag-top-stories","tag-topstories"],"share_on_mastodon":{"url":"https:\/\/pubeurope.com\/@no\/115824277840773627","error":""},"_links":{"self":[{"href":"https:\/\/www.europesays.com\/no\/wp-json\/wp\/v2\/posts\/126765","targetHints":{"allow":["GET"]}}],"collection":[{"href":"https:\/\/www.europesays.com\/no\/wp-json\/wp\/v2\/posts"}],"about":[{"href":"https:\/\/www.europesays.com\/no\/wp-json\/wp\/v2\/types\/post"}],"author":[{"embeddable":true,"href":"https:\/\/www.europesays.com\/no\/wp-json\/wp\/v2\/users\/2"}],"replies":[{"embeddable":true,"href":"https:\/\/www.europesays.com\/no\/wp-json\/wp\/v2\/comments?post=126765"}],"version-history":[{"count":0,"href":"https:\/\/www.europesays.com\/no\/wp-json\/wp\/v2\/posts\/126765\/revisions"}],"wp:featuredmedia":[{"embeddable":true,"href":"https:\/\/www.europesays.com\/no\/wp-json\/wp\/v2\/media\/126766"}],"wp:attachment":[{"href":"https:\/\/www.europesays.com\/no\/wp-json\/wp\/v2\/media?parent=126765"}],"wp:term":[{"taxonomy":"category","embeddable":true,"href":"https:\/\/www.europesays.com\/no\/wp-json\/wp\/v2\/categories?post=126765"},{"taxonomy":"post_tag","embeddable":true,"href":"https:\/\/www.europesays.com\/no\/wp-json\/wp\/v2\/tags?post=126765"}],"curies":[{"name":"wp","href":"https:\/\/api.w.org\/{rel}","templated":true}]}}