{"id":126788,"date":"2026-01-02T07:37:14","date_gmt":"2026-01-02T07:37:14","guid":{"rendered":"https:\/\/www.europesays.com\/no\/126788\/"},"modified":"2026-01-02T07:37:14","modified_gmt":"2026-01-02T07:37:14","slug":"vegtrafikksentralen-senk-farten","status":"publish","type":"post","link":"https:\/\/www.europesays.com\/no\/126788\/","title":{"rendered":"Vegtrafikksentralen: &#8211; Senk farten"},"content":{"rendered":"<p>Det er flere p\u00e5 \u00d8stlandet som v\u00e5knet til sn\u00f8, nordavind og minusgrader fredag morgen.\u00a0<\/p>\n<p>Vegtrafikksentralen \u00f8st advarer derfor om glatte kj\u00f8reforhold flere steder, spesielt p\u00e5 de mindre veiene.\u00a0<\/p>\n<p>    <a itemprop=\"url\" href=\"https:\/\/www.dagbladet.no\/nyheter\/blir-kaldt-i-hele-landet\/84046106\" rel=\"nofollow noopener\" target=\"_blank\"><\/p>\n<p>        <img loading=\"lazy\" decoding=\"async\" src=\"https:\/\/www.europesays.com\/no\/wp-content\/uploads\/2026\/01\/84046258.webp.webp\" width=\"980\" height=\"441\" title=\"- Blir kaldt i hele landet\" alt=\"\" class=\"lazyload\" style=\"--aspect-ratio-image: 2.22; \"\/><\/p>\n<p>        &#8211; Blir kaldt i hele landet<\/p>\n<p>    <\/a><\/p>\n<p class=\"font-weight-bold m-font-weight-bold\" data-lab-font_weight=\"font-weight-bold\">&#8211; I og med at sn\u00f8en har kommet, blir det glattere. Da gjelder det \u00e5 senke farten og tenke at det er glattere enn det har v\u00e6rt tidligere i vinter, sier trafikkoperat\u00f8r ved Vegtrafikksentralen \u00f8st, Trude Lindstad, til Dagbladet.\u00a0<\/p>\n<p>If\u00f8lge trafikkoperat\u00f8ren forventer de ikke\u00a0\u00abmye trafikk\u00bb p\u00e5 veiene. Vanligvis er det mindre trafikk fredag morgen, sier Lindstad.\u00a0<\/p>\n<p>        <img loading=\"lazy\" decoding=\"async\" src=\"https:\/\/www.europesays.com\/no\/wp-content\/uploads\/2026\/01\/84047187.webp.webp\" width=\"980\" height=\"559\" title=\"HOVEDSTADEN: Sn\u00f8fall p\u00e5 Torshov i Oslo fredag morgen. Foto: Rodrigo Freitas \/ NTB\" alt=\"\" class=\"\" style=\"--aspect-ratio-image: 1.75; \"\/><\/p>\n<p>\n        HOVEDSTADEN: Sn\u00f8fall p\u00e5 Torshov i Oslo fredag morgen. Foto: Rodrigo Freitas \/ NTB\n    <\/p>\n<p>Br\u00f8ytetog\t<\/p>\n<p class=\"italic m-italic\" data-lab-italic=\"italic\">&#8211; Hvordan er trafikkstatusen p\u00e5 veinettet som dere dekker i morgentimene?<\/p>\n<p>&#8211; Ut i fra forholdene g\u00e5r det ganske greit. Rapporten fra de som har hatt nattevakt er at det har v\u00e6rt rolig og lite med trafikkhendelser. N\u00e5 kj\u00f8res det br\u00f8ytetog p\u00e5 de store hovedveiene rundt hovedstaden, p\u00e5 E6 og E18, sier Lindstad.\u00a0<\/p>\n<p>        N\u00f8detatene rykket ut til Flekker\u00f8y to minutter f\u00f8r midnatt p\u00e5 grunn av en mindre brann. Video: Instagram\/@whackbuilds. <\/p>\n<p>Hun forklarer videre at et\u00a0\u00abbr\u00f8ytetog\u00bb vil si at to eller tre br\u00f8ytebiler kj\u00f8rer sammen i bredden for \u00e5 p\u00e5 mest effektivt vis f\u00e5 fjernet sn\u00f8en fra veibanen p\u00e5 h\u00f8yhastighetsveiene.\u00a0<\/p>\n<p>&#8211; Selv om det ser greit ut n\u00e5, kan dette skape litt k\u00f8. N\u00e5 nettopp passerte de Kl\u00f8fta, nord for Oslo, og er p\u00e5 vei s\u00f8rover. Det kan derfor oppst\u00e5 litt k\u00f8 for de som skal inn til byen i morgentimene, sier Lindstad til Dagbladet like etter halv sju.\u00a0<\/p>\n<p>Trafikkoperat\u00f8ren kommer ogs\u00e5 med en advarsel:\u00a0<\/p>\n<p class=\"font-weight-bold m-font-weight-bold\" data-lab-font_weight=\"font-weight-bold\">&#8211; Selv om det br\u00f8ytes, vil det ikke bli bar asfalt. Det vil fortsette \u00e5 sn\u00f8, s\u00e5 senk farten, sier Lindstad.\u00a0<\/p>\n<p>&#8211; Hvitt i Vestfold\t<\/p>\n<p>Trafikkoperat\u00f8r ved Vegtrafikksentralen s\u00f8r, Kristin V\u00e5sj\u00f8, opplyser til Dagbladet at det har kommet litt sn\u00f8 ogs\u00e5 i Vestfold.\u00a0<\/p>\n<p>&#8211; Det ligger litt sn\u00f8 p\u00e5 veiene. Det har v\u00e6rt noen meldinger i morgentimene, opplyser hun like etter klokka 07.30.\u00a0\u00a0<\/p>\n<p>S\u00f8r-\u00d8st politidistrikt melder om et trafikkuhell p\u00e5 E18, p\u00e5 Farrisbrua i Larvik, der en bil har snurret og havnet i autovernet.\u00a0<\/p>\n<p>&#8211; Kun\u00a0\u00e9n bil og f\u00f8rer involvert. F\u00f8rer er uskadd, skriver Tom Richard Skuggedal i S\u00f8r-\u00d8st politidistrikt i politiloggen klokka 07.29.\u00a0<\/p>\n<p>If\u00f8lge veitrafikksentralen er bilberger p\u00e5 stedet og veien forventes \u00e5 \u00e5pne om kort tid.\u00a0<\/p>\n<p>        <img loading=\"lazy\" decoding=\"async\" src=\"https:\/\/www.europesays.com\/no\/wp-content\/uploads\/2026\/01\/84047164.webp.webp\" width=\"667\" height=\"381\" title=\"HVITT P\u00c5 VEIEN: Slik ser E18 Ringdalskrysset, nord\u00f8st for Larvik, ut fredag morgen. Foto: Statens vegvesen \/ Webkamera\" alt=\"\" class=\"\" style=\"--aspect-ratio-image: 1.75; \"\/><\/p>\n<p>\n        HVITT P\u00c5 VEIEN: Slik ser E18 Ringdalskrysset, nord\u00f8st for Larvik, ut fredag morgen. Foto: Statens vegvesen \/ Webkamera\n    <\/p>\n<p>Trefall\t<\/p>\n<p>Trafikkoperat\u00f8r V\u00e5sj\u00f8 melder om trefall enkelte steder i regionen, som f\u00f8lge av vinden.\u00a0<\/p>\n<p>&#8211; Dette gjelder spesielt p\u00e5 mindre veier, og slike observasjoner meldes fortl\u00f8pende inn til entrepren\u00f8r. Det er ingen veier som er stengt p\u00e5 grunn av trefall, understreker hun.\u00a0<\/p>\n<p>Ogs\u00e5 i s\u00f8r kan det virke som at flere har unng\u00e5tt fredagen som reisedag, eller som har tatt en ekstra feriedag.\u00a0<\/p>\n<p>&#8211; Det ser ut som at det er mindre trafikk p\u00e5 veiene, sier Lindstad.\u00a0<\/p>\n<p>&#8211; Men til de som skal ut p\u00e5 veiene, kan det v\u00e6re lurt \u00e5 avpasse farten. Det kan ikke sies for ofte. Ogs\u00e5 er det fint om man beregner litt ekstra tid, legger hun til.\u00a0<\/p>\n<p>Riksvei 3 stenges\t<\/p>\n<p>Vegtrafikksentralen \u00f8st melder om \u00e5pne fjelloverganger i S\u00f8r-Norge. Ett unntak er fylkesvei 27 i Innlandet, Venabygd, som er stengt p\u00e5 grunn av uv\u00e6ret. Ny vurdering her er klokka 08.\u00a0<\/p>\n<p>        <img loading=\"lazy\" decoding=\"async\" src=\"https:\/\/www.europesays.com\/no\/wp-content\/uploads\/2026\/01\/84047197.webp.webp\" width=\"667\" height=\"381\" title=\"NORD I INNLANDET: Riksvei 3 Kvikneskogen, nord for Tynset, fredag morgen. Fra klokka 10 kommer veien til \u00e5 stenges som f\u00f8lge av bilberging. Omkj\u00f8ring skjer via E6. Foto: Statens vegvesen \/ Webkamera\" alt=\"\" class=\"\" style=\"--aspect-ratio-image: 1.75; \"\/><\/p>\n<p>\n        NORD I INNLANDET: Riksvei 3 Kvikneskogen, nord for Tynset, fredag morgen. Fra klokka 10 kommer veien til \u00e5 stenges som f\u00f8lge av bilberging. Omkj\u00f8ring skjer via E6. Foto: Statens vegvesen \/ Webkamera\n    <\/p>\n<p class=\"font-weight-bold m-font-weight-bold\" data-lab-font_weight=\"font-weight-bold\">De melder ogs\u00e5 om en bilberging av en tankbil p\u00e5 riksvei 3 p\u00e5 Kvikne i Tynset kommune, der veien kommer til \u00e5 bli stengt i fire timer fra klokka 10.00.\u00a0<\/p>\n<p>Omkj\u00f8ringsveier er E6, fylkesvei 29 og fylkesvei 30, if\u00f8lge Statens vegvesen.\u00a0<\/p>\n<blockquote class=\"twitter-tweet\">\n<p lang=\"no\" dir=\"ltr\">Rv.3 Kvikne i Tynset\/Rennebu, Innlandet\/Tr\u00f8ndelag: Vegen ventes \u00e5 v\u00e6re stengt i ca.4 timer fra kl.10.00 fredag 2.januar. Omkj\u00f8ringsveier er E6, fv.29 og fv.30.<\/p>\n<p>\u2014 Vegtrafikksentralen \u00f8st (@VTSost) <a href=\"https:\/\/twitter.com\/VTSost\/status\/2006950348678979871?ref_src=twsrc%5Etfw\" rel=\"nofollow noopener\" target=\"_blank\">January 2, 2026<\/a><\/p><\/blockquote>\n<p>P\u00e5virker\t<\/p>\n<p class=\"font-weight-bold m-font-weight-bold\" data-lab-font_weight=\"font-weight-bold\"> &#8211; Det g\u00e5r s\u00e5nn nogenlunde bra med togtrafikken. V\u00e6ret gj\u00f8r oss litt s\u00e5rbare n\u00e5r det er sn\u00f8f\u00f8yke, det g\u00e5r ut over sporvekslerne v\u00e5re, sier pressekontakt i Bane Nor, Olav Nordli, til Dagbladet rundt klokka 07.30 fredag morgen.<\/p>\n<p class=\"font-weight-bold m-font-weight-bold\" data-lab-font_weight=\"font-weight-bold\">Med v\u00e6ret fredag kan det imidlertid bli forsinkelser, forteller han.<\/p>\n<p>&#8211; Vi m\u00e5 v\u00e6re v\u00e5kne for at det kan oppst\u00e5 forsinkelser ut over, men per fredag morgen er det bare mindre forsinkelser, sier Nordli. <\/p>\n<p>        <img loading=\"lazy\" decoding=\"async\" src=\"https:\/\/www.europesays.com\/no\/wp-content\/uploads\/2026\/01\/84047183.webp.webp\" width=\"980\" height=\"559\" title=\"KARL JOHANS GATE: Sn\u00f8en har lagt seg i Oslo sentrum fredag morgen. Foto: Rodrigo Freitas \/ NTB\" alt=\"\" class=\"\" style=\"--aspect-ratio-image: 1.75; \"\/><\/p>\n<p>\n        KARL JOHANS GATE: Sn\u00f8en har lagt seg i Oslo sentrum fredag morgen. Foto: Rodrigo Freitas \/ NTB\n    <\/p>\n<p>Innstillinger\t<\/p>\n<p>Fredag har togselskapet Go-Ahead innstilt flere tog p\u00e5 S\u00f8rlandsbanen. Samtidig er det forsinkelser p\u00e5 Hovedbanen p\u00e5 grunn av problemer med en sporveksel, skriver NTB.\u00a0<\/p>\n<p>If\u00f8lge Go-Ahead skyldes innstillingene p\u00e5 S\u00f8rlandsbanen problemer med toget, og det kj\u00f8res buss for tog.<\/p>\n<p>Innstillingene gjelder toget mellom Stavanger og Oslo som skulle g\u00e5tt fra Stavanger klokka 08.47, samt avgangen mellom Oslo S og Kristiansand fra Oslo klokka 17.25.<\/p>\n<p>P\u00e5 Hovedbanen er det ogs\u00e5 forsinkelser p\u00e5 grunn av en feil p\u00e5 en sporveksel ved Kl\u00f8fta, if\u00f8lge Bane Nor. Det letes etter feilen, men forel\u00f8pig er det usikkert hvor lang tid dette vil ta.<\/p>\n<p>Feilen rammer regiontog R13 mellom Drammen og Dal.<\/p>\n<p>Konsekvenser\t<\/p>\n<p>V\u00e6ret f\u00e5r ogs\u00e5 konsekvenser for fergetrafikken.<\/p>\n<p>Color Line avlyser flere avganger mellom Larvik og Kristiansand og Hirtshals i Danmark 2. januar.<\/p>\n<p>Det gjelder avgangene fra Larvik og Kristiansand klokka 8, samt avgangene tilbake fra Hirtshals klokka 12.05 og 12.45, opplyser selskapet p\u00e5 sine\u00a0<a href=\"https:\/\/www.colorline.no\/rutetider\/rutetider\" target=\"_blank\" rel=\"nofollow noopener\">nettsider.<\/a><\/p>\n<p>&#8211;\u00a0F\u00f8rste rundtur for SuperSpeed 1 og SuperSpeed 2 er kansellert p\u00e5 grunn av v\u00e6ret. Det p\u00e5virker dessverre passasjerer i begge retninger. Reisende har f\u00e5tt tilbud om ombooking til seilingene i ettermiddag\/kveld, uttaler\u00a0Erik Brynhildsbakken, konserndirekt\u00f8r kommunikasjon og samfunnskontakt i Color Line, til Dagbladet.\u00a0<\/p>\n<p>Flytrafikken\t<\/p>\n<p>Carita Storm R\u00f8saasen, pressevakt i Avinor, sier til Dagbladet at morgenen har forl\u00f8pt greit ved landets flyplasser som rammes av sn\u00f8 og vind.\u00a0<\/p>\n<p>&#8211;\u00a0Br\u00f8yting p\u00e5g\u00e5r de stedene det sn\u00f8r og fly m\u00e5 rutinemessig av-ises f\u00f8r avgang. Kun noen f\u00e5 forsinkelser s\u00e5 langt relatert til v\u00e6ret n\u00e5 klokka 08.00, men dette kan endre seg i l\u00f8pet av dagen, sier hun.\u00a0<\/p>\n<p>&#8211;\u00a0Passasjerene skal forholde seg til informasjon fra flyselskapet sitt, og et godt r\u00e5d er ogs\u00e5 \u00e5 beregne god tid ettersom reisen til flyplassen kan tenkes \u00e5 ta mer tid enn normalt, legger hun til.\u00a0<\/p>\n<p><script async src=\"https:\/\/platform.twitter.com\/widgets.js\" charset=\"utf-8\"><\/script><\/p>\n","protected":false},"excerpt":{"rendered":"Det er flere p\u00e5 \u00d8stlandet som v\u00e5knet til sn\u00f8, nordavind og minusgrader fredag morgen.\u00a0 Vegtrafikksentralen \u00f8st advarer derfor&hellip;\n","protected":false},"author":2,"featured_media":126789,"comment_status":"","ping_status":"","sticky":false,"template":"","format":"standard","meta":{"footnotes":""},"categories":[10],"tags":[20,21,24,25,15,2539,22,23,13,30,28,29,14,16,26,27],"class_list":{"0":"post-126788","1":"post","2":"type-post","3":"status-publish","4":"format-standard","5":"has-post-thumbnail","7":"category-norge","8":"tag-breaking-news","9":"tag-breakingnews","10":"tag-featured-news","11":"tag-featurednews","12":"tag-headlines","13":"tag-innenriks","14":"tag-latest-news","15":"tag-latestnews","16":"tag-news","17":"tag-no","18":"tag-norge","19":"tag-norway","20":"tag-nyheter","21":"tag-overskrifter","22":"tag-top-stories","23":"tag-topstories"},"share_on_mastodon":{"url":"https:\/\/pubeurope.com\/@no\/115824364420253895","error":""},"_links":{"self":[{"href":"https:\/\/www.europesays.com\/no\/wp-json\/wp\/v2\/posts\/126788","targetHints":{"allow":["GET"]}}],"collection":[{"href":"https:\/\/www.europesays.com\/no\/wp-json\/wp\/v2\/posts"}],"about":[{"href":"https:\/\/www.europesays.com\/no\/wp-json\/wp\/v2\/types\/post"}],"author":[{"embeddable":true,"href":"https:\/\/www.europesays.com\/no\/wp-json\/wp\/v2\/users\/2"}],"replies":[{"embeddable":true,"href":"https:\/\/www.europesays.com\/no\/wp-json\/wp\/v2\/comments?post=126788"}],"version-history":[{"count":0,"href":"https:\/\/www.europesays.com\/no\/wp-json\/wp\/v2\/posts\/126788\/revisions"}],"wp:featuredmedia":[{"embeddable":true,"href":"https:\/\/www.europesays.com\/no\/wp-json\/wp\/v2\/media\/126789"}],"wp:attachment":[{"href":"https:\/\/www.europesays.com\/no\/wp-json\/wp\/v2\/media?parent=126788"}],"wp:term":[{"taxonomy":"category","embeddable":true,"href":"https:\/\/www.europesays.com\/no\/wp-json\/wp\/v2\/categories?post=126788"},{"taxonomy":"post_tag","embeddable":true,"href":"https:\/\/www.europesays.com\/no\/wp-json\/wp\/v2\/tags?post=126788"}],"curies":[{"name":"wp","href":"https:\/\/api.w.org\/{rel}","templated":true}]}}