{"id":126790,"date":"2026-01-02T07:38:09","date_gmt":"2026-01-02T07:38:09","guid":{"rendered":"https:\/\/www.europesays.com\/no\/126790\/"},"modified":"2026-01-02T07:38:09","modified_gmt":"2026-01-02T07:38:09","slug":"einar-hedegart-om-sivert-guttorm-bakken","status":"publish","type":"post","link":"https:\/\/www.europesays.com\/no\/126790\/","title":{"rendered":"Einar Hedegart om Sivert Guttorm Bakken"},"content":{"rendered":"\n<p class=\"_lead_o9xde_2 _lead_xtcu6_50 layout-component text-serif-m layout-normal text-serif-l layout-component layout-wide layout-padded _wide_17hqh_1 layout-padded\">Langrennskometen forteller at Bakken ikke m\u00f8tte opp til avtalt trening.<\/p>\n<p><img alt=\"Einar Hedegart etter verdenscuprennet i Davos 14. desember. Foto: MAXIM THORE \/ Bildbyr\u00e5n\" class=\"_image_qp4xg_65 layout-component layout-wide\" data-fullscreen- data-track-element-type=\"Article image fullscreen\" data-track-name=\"ImageFullscreen\" fetchpriority=\"high\" decoding=\"sync\" loading=\"eager\" height=\"4000\" itemprop=\"image\"  src=\"https:\/\/www.europesays.com\/no\/wp-content\/uploads\/2026\/01\/5f4941a6-b7d1-4cfd-81f1-496e3ee68f48.png\"  style=\"object-position:0% 0%\" width=\"6000\"\/>Einar Hedegart etter verdenscuprennet i Davos 14. desember. Foto: MAXIM THORE \/ Bildbyr\u00e5n<\/p>\n<ul aria-hidden=\"true\" class=\"_images_ntbth_112\">\n<li><a class=\"_link_ntbth_117\" href=\"https:\/\/www.vg.no\/forfatter\/eline-rustad-oestmoe\" style=\"z-index:1\" title=\"Eline Rustad \u00d8stmoe\" rel=\"nofollow noopener\" target=\"_blank\"><img alt=\"Bilde av Eline Rustad \u00d8stmoe\" class=\"_image_ntbth_93\" fetchpriority=\"low\" loading=\"lazy\" decoding=\"async\" itemprop=\"image\"  src=\"https:\/\/www.europesays.com\/no\/wp-content\/uploads\/2026\/01\/1767339488_55_3bf80b5d-24fb-4d03-bfe4-7dc57ed1aea3.png\"  width=\"480\"\/><\/a><\/li>\n<\/ul>\n<p> Oppdatert fredag 2. januar kl. 08:14     <\/p>\n<p class=\"_paragraph_o9xde_4 _paragraph_xtcu6_10 layout-component text-serif-m layout-normal text-serif-m layout-padded\">Einar Hedegart bodde p\u00e5 hotellet der <a href=\"https:\/\/www.vg.no\/tag\/sivert-guttorm-bakken?utm_source=vg-article&amp;utm_medium=auto-tagger&amp;utm_campaign=3pJd4M\" class=\"_link_o9xde_39\" rel=\"nofollow noopener\" target=\"_blank\">Sivert Guttorm Bakken<\/a> ble funnet d\u00f8d.<\/p>\n<p class=\"_paragraph_o9xde_4 _paragraph_xtcu6_10 layout-component text-serif-m layout-normal text-serif-m layout-padded\">Den 27 \u00e5r gamle skiskytteren ble funnet d\u00f8d p\u00e5 et hotellrom i Nord-Italia, 23. desember. <\/p>\n<p class=\"_paragraph_o9xde_4 _paragraph_xtcu6_10 layout-component text-serif-m layout-normal text-serif-m layout-padded\">Hedegart \u00e5pnet opp om hvordan julen har v\u00e6rt, da han ble k\u00e5ret til vinner av Tr\u00f8nder-Avisas \u00c6respris p\u00e5 \u00e5rets f\u00f8rste dag.<\/p>\n<p class=\"_paragraph_o9xde_4 _paragraph_xtcu6_10 layout-component text-serif-m layout-normal text-serif-m layout-padded\">\u2013 Kvelden f\u00f8r lillejulaften avtalte vi \u00e5 m\u00f8tes til trening morgenen etter. Sivert kom ikke. Vi trodde han var blitt forsinket. Det kunne v\u00e6re hva som helst, en dopingkontroll eller noe. Vi gikk en runde, og kom tilbake. Fortsatt ingen Sivert. Jeg fornemmet gradvis at det var s\u00e5 merkelig stemning. En fyr l\u00f8p i et voldsomt tempo over stadion. Vi spurte oss selv hva det var som skjedde?, sier langrennskometen til <a href=\"https:\/\/www.t-a.no\/vinner-av-aresprisen-denne-jula-vil-einar-aldri-glemme\/f\/5-116-2280637\" class=\"_link_o9xde_39\" rel=\"nofollow noopener\" target=\"_blank\">Tr\u00f8nder-Avisa.<\/a><\/p>\n<p><img alt=\"Hotellet der Bakken ble funnet d\u00f8d.  Foto: Bendik Hansen \/ VG \/ VG\" class=\"_image_qp4xg_65 layout-component layout-normal\" data-fullscreen- data-track-element-type=\"Article image fullscreen\" data-track-name=\"ImageFullscreen\" decoding=\"async\" loading=\"lazy\" height=\"4284\" itemprop=\"image\"  src=\"https:\/\/www.europesays.com\/no\/wp-content\/uploads\/2026\/01\/5de9660e-8d3b-4c5e-a31e-848edd5fa423.png\"  style=\"object-position:0% 0%\" width=\"5712\"\/>Hotellet der Bakken ble funnet d\u00f8d.  Foto: Bendik Hansen \/ VG \/ VG<\/p>\n<p class=\"_paragraph_o9xde_4 _paragraph_xtcu6_10 layout-component text-serif-m layout-normal text-serif-m layout-padded\">Hedegart forteller at da de kom tilbake p\u00e5 hotellet sto det ambulanser utenfor. De l\u00f8p inn for \u00e5 finne ut av hva som hadde skjedd. Da fikk de vite at Bakken var d\u00f8d.<\/p>\n<p class=\"_paragraph_o9xde_4 _paragraph_xtcu6_10 layout-component text-serif-m layout-normal text-serif-m layout-padded\">\u2013 Vi ble sittende og prate sammen fra klokken var ti den formiddagen til i halv seks-tida om kvelden. Det var forferdelig trist, naturligvis, og noen gr\u00e5t, naturligvis, men vi fikk virkelig kjenne p\u00e5 hvor godt det var \u00e5 v\u00e6re en gjeng i en s\u00e5nn situasjon, sier Hedegart til lokalavisen. <\/p>\n<p class=\"_paragraph_o9xde_4 _paragraph_xtcu6_10 layout-component text-serif-m layout-normal text-serif-m layout-padded\"> \u2013 Skiskytterforbundet hjalp oss veldig, og vi fikk tilbud om \u00e5 reise hjem, hvis vi ville det. Vi kunne like gjerne bli der. Vi var i samme situasjon alle sammen, og hadde hverandre, fortsetter han.<\/p>\n<p class=\"_paragraph_o9xde_4 _paragraph_xtcu6_10 layout-component text-serif-m layout-normal text-serif-m layout-padded\">Karoline Simpson-Larsen var ogs\u00e5 p\u00e5 hotellet. Hun \u00e5pnet opp om t\u00f8ffe dager f\u00f8r Tour de Ski:<\/p>\n<p class=\"_paragraph_o9xde_4 _paragraph_xtcu6_10 layout-component text-serif-m layout-normal text-serif-m layout-padded\">Da Bakken<a href=\"https:\/\/www.vg.no\/sport\/i\/k0J8M9\/skiskytterforbundet-bakken-funnet-med-hoeydemaske?utm_source=sdrn%3Avg%3Aarticle%3AExWBp5&amp;utm_medium=Link&amp;utm_content=link%3Ak0J8M9\" data-track-element-type=\"Link\" data-track-id=\"link:k0J8M9\" class=\"_link_o9xde_39\" rel=\"nofollow noopener\" target=\"_blank\">\u00a0ble funnet\u00a0<\/a>p\u00e5 hotellrommet sitt, hadde han p\u00e5 seg en h\u00f8ydemaske.<\/p>\n<p class=\"_paragraph_o9xde_4 _paragraph_xtcu6_10 layout-component text-serif-m layout-normal text-serif-m layout-padded\">Den var stilt inn p\u00e5 omtrent\u00a0<a href=\"http:\/\/www.vg.no\/sport\/i\/ExWBp5\/opplysninger-til-vg-bakkens-hoeydemaske-stilt-inn-paa-7000-m-o-h#:~:text=VG%20er%20i%20dag%20kjent,inn%2C%20inneholdt%20sv%C3%A6rt%20lite%20oksygen.&amp;text=%C3%85%20trene%20i%20h%C3%B8yden%20gj%C3%B8res,opplever%20%C3%A5%20ha%20lite%20oksygen.\" data-track-element-type=\"Link\" data-track-id=\"link:ExWBp5\" class=\"_link_o9xde_39\" rel=\"nofollow noopener\" target=\"_blank\">7000 h\u00f8ydemeter da 27-\u00e5ringen ble funnet<\/a>, if\u00f8lge VGs opplysninger. Dette betyr at luften som Bakken pustet inn inneholdt sv\u00e6rt lite oksygen.<\/p>\n<p class=\"_paragraph_o9xde_4 _paragraph_xtcu6_10 layout-component text-serif-m layout-normal text-serif-m layout-padded\">En slik maske brukes for \u00e5 simulere effekten av \u00e5 trene i tynn luft, noe som gj\u00f8res for \u00e5 \u00f8ke produksjonen av r\u00f8de blodceller, fordi kroppen opplever \u00e5 ha lite oksygen. Flere r\u00f8de blodceller gir igjen bedre utholdenhet.<\/p>\n<p class=\"_paragraph_o9xde_4 _paragraph_xtcu6_10 layout-component text-serif-m layout-normal text-serif-m layout-padded\">Masken ble umiddelbart beslaglagt av italiensk politi, og skulle unders\u00f8kes de kommende dagene.<\/p>\n<p class=\"_paragraph_o9xde_4 _paragraph_xtcu6_10 layout-component text-serif-m layout-normal text-serif-m layout-padded\">\u2013 Det er ingenting s\u00e5 langt i etterforskningen som gir grunnlag for hverken \u00e5 fastsl\u00e5 eller avkrefte at d\u00f8dsfallet har noen sammenheng med bruk av s\u00e5kalte utstyr for simulert h\u00f8ydetrening, sto det i en pressemelding fra bistandsadvokat <a href=\"https:\/\/www.vg.no\/sport\/i\/3pJXQA\/elden-om-sivert-guttorm-bakken-obduksjon\" data-track-element-type=\"Link\" data-track-id=\"link:3pJXQA\" class=\"_link_o9xde_39\" rel=\"nofollow noopener\" target=\"_blank\">Heiberg sendte ut tidligere denne uken.<\/a><\/p>\n","protected":false},"excerpt":{"rendered":"Langrennskometen forteller at Bakken ikke m\u00f8tte opp til avtalt trening. Einar Hedegart etter verdenscuprennet i Davos 14. desember.&hellip;\n","protected":false},"author":2,"featured_media":126791,"comment_status":"","ping_status":"","sticky":false,"template":"","format":"standard","meta":{"footnotes":""},"categories":[5],"tags":[20,21,11507,24,25,15,19,22,23,17,18,13,30,28,29,14,16,13042,26,27],"class_list":{"0":"post-126790","1":"post","2":"type-post","3":"status-publish","4":"format-standard","5":"has-post-thumbnail","7":"category-overskrifter","8":"tag-breaking-news","9":"tag-breakingnews","10":"tag-einar-hedegart","11":"tag-featured-news","12":"tag-featurednews","13":"tag-headlines","14":"tag-hovedoppslag","15":"tag-latest-news","16":"tag-latestnews","17":"tag-main-news","18":"tag-mainnews","19":"tag-news","20":"tag-no","21":"tag-norge","22":"tag-norway","23":"tag-nyheter","24":"tag-overskrifter","25":"tag-sivert-guttorm-bakken","26":"tag-top-stories","27":"tag-topstories"},"share_on_mastodon":{"url":"https:\/\/pubeurope.com\/@no\/115824368231085679","error":""},"_links":{"self":[{"href":"https:\/\/www.europesays.com\/no\/wp-json\/wp\/v2\/posts\/126790","targetHints":{"allow":["GET"]}}],"collection":[{"href":"https:\/\/www.europesays.com\/no\/wp-json\/wp\/v2\/posts"}],"about":[{"href":"https:\/\/www.europesays.com\/no\/wp-json\/wp\/v2\/types\/post"}],"author":[{"embeddable":true,"href":"https:\/\/www.europesays.com\/no\/wp-json\/wp\/v2\/users\/2"}],"replies":[{"embeddable":true,"href":"https:\/\/www.europesays.com\/no\/wp-json\/wp\/v2\/comments?post=126790"}],"version-history":[{"count":0,"href":"https:\/\/www.europesays.com\/no\/wp-json\/wp\/v2\/posts\/126790\/revisions"}],"wp:featuredmedia":[{"embeddable":true,"href":"https:\/\/www.europesays.com\/no\/wp-json\/wp\/v2\/media\/126791"}],"wp:attachment":[{"href":"https:\/\/www.europesays.com\/no\/wp-json\/wp\/v2\/media?parent=126790"}],"wp:term":[{"taxonomy":"category","embeddable":true,"href":"https:\/\/www.europesays.com\/no\/wp-json\/wp\/v2\/categories?post=126790"},{"taxonomy":"post_tag","embeddable":true,"href":"https:\/\/www.europesays.com\/no\/wp-json\/wp\/v2\/tags?post=126790"}],"curies":[{"name":"wp","href":"https:\/\/api.w.org\/{rel}","templated":true}]}}