{"id":126806,"date":"2026-01-02T08:00:10","date_gmt":"2026-01-02T08:00:10","guid":{"rendered":"https:\/\/www.europesays.com\/no\/126806\/"},"modified":"2026-01-02T08:00:10","modified_gmt":"2026-01-02T08:00:10","slug":"ulykker-og-hendelser-brann-bolighus-tapt-i-flammene","status":"publish","type":"post","link":"https:\/\/www.europesays.com\/no\/126806\/","title":{"rendered":"Ulykker og hendelser, Brann | Bolighus tapt i flammene"},"content":{"rendered":"\n<p>(<a href=\"https:\/\/www.gd.no\/brann-har-spredd-seg-til-bolighus\/s\/5-18-2433579\" rel=\"Follow nofollow noopener\" target=\"_blank\">Gudbrandsd\u00f8len Dagningen<\/a>): Ved 22-tiden 1. nytt\u00e5rsdag meldte politiet i Innlandet om en brann i en garasje p\u00e5 Vinstra i Nord-Fron.<\/p>\n<p>19 minutter senere melder de at brannen har spredt seg til bolighuset i n\u00e6rheten.<\/p>\n<p>De forel\u00f8pige meldingene er at det ikke er noen hjemme p\u00e5 adressen.<\/p>\n<p>\u2013 Det er en fullt utviklet garasje- og husbrann. Vi er i en fase n\u00e5 hvor vi skjermer nabobyggene og begrenser flammeutviklingen, sier innsatsleder Ole Kristian Sl\u00e5en i Midt-Gudbrandsdal brannvesen ved 22.30-tiden.<\/p>\n<p>    Vil du se neste video?<\/p>\n<p>    <a href=\"https:\/\/www.h-a.no\/storhamar-kvinnene-synger-we-are-the-champions\/v\/5-139-1905871\" class=\"recommend-poster\" data-adp-clicklabel=\"video-recommend\" data-adp-clickvalue=\"poster\" rel=\"nofollow noopener\" target=\"_blank\"><br \/>\n      <img decoding=\"async\" width=\"200\" height=\"200\" loading=\"lazy\" src=\"https:\/\/www.europesays.com\/no\/wp-content\/uploads\/2026\/01\/v-i-ce4eccbb-15e7-456b-bf6a-f9ae9128f555-1.jpg\" alt=\"\" class=\"brick-c-cFOWSL\" style=\"--brick-image-ratio: 200 \/ 200;\"\/><\/p>\n<p>Storhamar-kvinnene synger We Are the Champions0:27<\/p>\n<p>    <\/a><\/p>\n<p>Brannvesenet har fem enheter p\u00e5 stedet for \u00e5 bidra med slokkingen.<\/p>\n<p>Sl\u00e5en var f\u00f8rst p\u00e5 stedet.<\/p>\n<p>\u2013 Da vi kom var det full overtenning p\u00e5 garasjen. S\u00e5 har huset g\u00e5tt tapt. N\u00e5 handler det om etterslokking. Det var sterk vind da vi kom, s\u00e5 det har handlet om \u00e5 hindre spredning videre, sier Sl\u00e5en til GD ved 23.30-tiden.<\/p>\n<p>    Vil du se neste video?<\/p>\n<p>    <a href=\"https:\/\/www.h-a.no\/storhamar-kvinnene-synger-we-are-the-champions\/v\/5-139-1905871\" class=\"recommend-poster\" data-adp-clicklabel=\"video-recommend\" data-adp-clickvalue=\"poster\" rel=\"nofollow noopener\" target=\"_blank\"><br \/>\n      <img decoding=\"async\" width=\"200\" height=\"200\" loading=\"lazy\" src=\"https:\/\/www.europesays.com\/no\/wp-content\/uploads\/2026\/01\/v-i-ce4eccbb-15e7-456b-bf6a-f9ae9128f555-1.jpg\" alt=\"\" class=\"brick-c-cFOWSL\" style=\"--brick-image-ratio: 200 \/ 200;\"\/><\/p>\n<p>Storhamar-kvinnene synger We Are the Champions0:27<\/p>\n<p>    <\/a><\/p>\n<p>Brannvesenet blir p\u00e5 stedet gjennom natta for \u00e5 overv\u00e5ke brannstedet.<\/p>\n<p>Det er per n\u00e5 ikke fare for noen andre hus i n\u00e6rheten.<\/p>\n<p>\u2013 Vinden sto ikke slik gudskjelov, sier Sl\u00e5en.<\/p>\n<p>Beboerne er varslet.<\/p>\n<p>Rundt klokka 02.00 meldte politiet at det fortsatt p\u00e5gikk slokking p\u00e5 stedet, men at b\u00e5de bolighus og garasje er tapt.<\/p>\n<p>\u2013 Det er ikke spredningsfare og ingen personer er kommet i skade, opplyste politiet.<\/p>\n<p>Fredag morgen er en tankbil og et par mann igjen p\u00e5 stedet for etterslokking.<\/p>\n<p>\u2013 De driver fortsatt med etterslokking. Men de fleste av ressursene p\u00e5 stedet returnerte rundt 02.30, s\u00e5 de hadde ganske god kontroll da, sier vaktleder ved 110-sentralen, Roger Lyseng.<\/p>\n<p>   <img decoding=\"async\" width=\"4032\" height=\"3024\" fetchpriority=\"low\"  loading=\"lazy\"  src=\"https:\/\/www.europesays.com\/no\/wp-content\/uploads\/2026\/01\/image_FD4A7A5D-B67C-4488-8FF0-931FFCB80BFD_1767307580.jpeg\" alt=\".\" class=\"brick-c-cFOWSL\" style=\"--brick-image-ratio: 4032 \/ 3024;\"\/><\/p>\n<p>      Bolighus gikk tapt i brann p\u00e5 Vinstra 1. januar 2025.<br \/>\n      Foto: Kristin Veskje\n    <\/p>\n<p>   <img decoding=\"async\" width=\"4032\" height=\"3024\" fetchpriority=\"low\"  loading=\"lazy\"  src=\"https:\/\/www.europesays.com\/no\/wp-content\/uploads\/2026\/01\/image_49B54D0D-87D1-44FD-A834-FFFD1C6A6691_1767305841.jpeg\" alt=\"\" class=\"brick-c-cFOWSL\" style=\"--brick-image-ratio: 4032 \/ 3024;\"\/><\/p>\n<p>      Brannen synes godt p\u00e5 avstand.<br \/>\n      Foto: Kristin Veskje\n    <\/p>\n","protected":false},"excerpt":{"rendered":"(Gudbrandsd\u00f8len Dagningen): Ved 22-tiden 1. nytt\u00e5rsdag meldte politiet i Innlandet om en brann i en garasje p\u00e5 Vinstra&hellip;\n","protected":false},"author":2,"featured_media":126807,"comment_status":"","ping_status":"","sticky":false,"template":"","format":"standard","meta":{"footnotes":""},"categories":[5],"tags":[36,367,20,21,24,25,15,19,813,22,23,17,18,13,30,28,29,14,16,1510,26,27,941],"class_list":{"0":"post-126806","1":"post","2":"type-post","3":"status-publish","4":"format-standard","5":"has-post-thumbnail","7":"category-overskrifter","8":"tag-art","9":"tag-brann","10":"tag-breaking-news","11":"tag-breakingnews","12":"tag-featured-news","13":"tag-featurednews","14":"tag-headlines","15":"tag-hovedoppslag","16":"tag-innlandet","17":"tag-latest-news","18":"tag-latestnews","19":"tag-main-news","20":"tag-mainnews","21":"tag-news","22":"tag-no","23":"tag-norge","24":"tag-norway","25":"tag-nyheter","26":"tag-overskrifter","27":"tag-story","28":"tag-top-stories","29":"tag-topstories","30":"tag-ulykker-og-hendelser"},"share_on_mastodon":{"url":"https:\/\/pubeurope.com\/@no\/115824454772625395","error":""},"_links":{"self":[{"href":"https:\/\/www.europesays.com\/no\/wp-json\/wp\/v2\/posts\/126806","targetHints":{"allow":["GET"]}}],"collection":[{"href":"https:\/\/www.europesays.com\/no\/wp-json\/wp\/v2\/posts"}],"about":[{"href":"https:\/\/www.europesays.com\/no\/wp-json\/wp\/v2\/types\/post"}],"author":[{"embeddable":true,"href":"https:\/\/www.europesays.com\/no\/wp-json\/wp\/v2\/users\/2"}],"replies":[{"embeddable":true,"href":"https:\/\/www.europesays.com\/no\/wp-json\/wp\/v2\/comments?post=126806"}],"version-history":[{"count":0,"href":"https:\/\/www.europesays.com\/no\/wp-json\/wp\/v2\/posts\/126806\/revisions"}],"wp:featuredmedia":[{"embeddable":true,"href":"https:\/\/www.europesays.com\/no\/wp-json\/wp\/v2\/media\/126807"}],"wp:attachment":[{"href":"https:\/\/www.europesays.com\/no\/wp-json\/wp\/v2\/media?parent=126806"}],"wp:term":[{"taxonomy":"category","embeddable":true,"href":"https:\/\/www.europesays.com\/no\/wp-json\/wp\/v2\/categories?post=126806"},{"taxonomy":"post_tag","embeddable":true,"href":"https:\/\/www.europesays.com\/no\/wp-json\/wp\/v2\/tags?post=126806"}],"curies":[{"name":"wp","href":"https:\/\/api.w.org\/{rel}","templated":true}]}}