{"id":126808,"date":"2026-01-02T08:01:34","date_gmt":"2026-01-02T08:01:34","guid":{"rendered":"https:\/\/www.europesays.com\/no\/126808\/"},"modified":"2026-01-02T08:01:34","modified_gmt":"2026-01-02T08:01:34","slug":"maresca-ferdig-som-chelsea-manager","status":"publish","type":"post","link":"https:\/\/www.europesays.com\/no\/126808\/","title":{"rendered":"Maresca ferdig som Chelsea-manager"},"content":{"rendered":"<p>  Portugisiske Enzo Maresca forlater managerjobben i Premier League-klubben Chelsea etter svake resultater over tid. Han kom nylig med kontroversielle uttalelser.<\/p>\n<p>\n    Foto: Mike Egerton\/ Pa Photos \/ NTB\n  <\/p>\n<p>Chelsea bekrefter seg portugiserens avgang i sine mediekanaler.<\/p>\n<p>Avgj\u00f8relsen kommer etter dager med spekulasjoner rundt Maresca framtid i britiske medier. Det skal over tid ha v\u00e6rt d\u00e5rlig stemning mellom portugiseren og ledelsen p\u00e5 Stamford Bridge.<\/p>\n<p>Chelsea m\u00e5tte n\u00f8ye seg med 2-2 mot et formsvakt Bournemouth i fjor\u00e5rets siste Premier League-kamp. \u00c9n seier p\u00e5 de siste sju seriekampene er fasiten den siste tiden.<\/p>\n<p>De svake resultatene endte opp med \u00e5 koste Maresca jobben.<\/p>\n<p>Friske uttalelser\t<\/p>\n<p>Med til historien h\u00f8rer det ogs\u00e5 at stjernemanageren for en tid tilbake kom med en oppsiktsvekkende offentlig utbl\u00e5sning. Den satte fart i at tiden hans i London-klubben kunne g\u00e5 mot slutten.<\/p>\n<p>Uttalelsene falt etter 2-0-seieren over Everton rett f\u00f8r jul.<\/p>\n<p>\u2013 De siste 48 timene har v\u00e6rt de verste siden jeg kom hit til klubben. Det er mange som ikke st\u00f8ttet oss, sa han.<\/p>\n<p>P\u00e5 sp\u00f8rsm\u00e5l om kommentarene gjaldt interne forhold i Chelsea, svarte han at det var p\u00e5 generell basis.<\/p>\n<p>\u2013 Spillerne har det bra etter en vanskelig uke, sa Maresca.<\/p>\n<p>Fikk tilrop\t<\/p>\n<p>Etter 2-2-kampen mot Bournemouth valgte deler av Chelsea-fansen \u00e5 bue p\u00e5 egne spillere. Maresca ble ogs\u00e5 over\u00f8st med tilrop som \u00abdu vet ikke hva du driver med\u00bb da Cole Palmer ble tatt av banen i det 63. minutt.<\/p>\n<p>Etter kampslutt dukket ikke Maresca opp til presseaktivitetene han normalt m\u00e5 stille til. Forklaringen var at han ikke f\u00f8lte seg i form.<\/p>\n<p>Maresca ble hentet til Chelsea i fjor. Han kom da fra jobben som manager i Leicester. Der hadde han stor suksess.<\/p>\n<p>F\u00f8r den tid var portugiseren Pep Guardiolas assistent i Manchester City.<\/p>\n","protected":false},"excerpt":{"rendered":"Portugisiske Enzo Maresca forlater managerjobben i Premier League-klubben Chelsea etter svake resultater over tid. Han kom nylig med&hellip;\n","protected":false},"author":2,"featured_media":126809,"comment_status":"","ping_status":"","sticky":false,"template":"","format":"standard","meta":{"footnotes":""},"categories":[59],"tags":[92,30,28,29,14,83,82],"class_list":{"0":"post-126808","1":"post","2":"type-post","3":"status-publish","4":"format-standard","5":"has-post-thumbnail","7":"category-sport","8":"tag-fotball","9":"tag-no","10":"tag-norge","11":"tag-norway","12":"tag-nyheter","13":"tag-sport","14":"tag-sports"},"share_on_mastodon":{"url":"https:\/\/pubeurope.com\/@no\/115824458680105757","error":""},"_links":{"self":[{"href":"https:\/\/www.europesays.com\/no\/wp-json\/wp\/v2\/posts\/126808","targetHints":{"allow":["GET"]}}],"collection":[{"href":"https:\/\/www.europesays.com\/no\/wp-json\/wp\/v2\/posts"}],"about":[{"href":"https:\/\/www.europesays.com\/no\/wp-json\/wp\/v2\/types\/post"}],"author":[{"embeddable":true,"href":"https:\/\/www.europesays.com\/no\/wp-json\/wp\/v2\/users\/2"}],"replies":[{"embeddable":true,"href":"https:\/\/www.europesays.com\/no\/wp-json\/wp\/v2\/comments?post=126808"}],"version-history":[{"count":0,"href":"https:\/\/www.europesays.com\/no\/wp-json\/wp\/v2\/posts\/126808\/revisions"}],"wp:featuredmedia":[{"embeddable":true,"href":"https:\/\/www.europesays.com\/no\/wp-json\/wp\/v2\/media\/126809"}],"wp:attachment":[{"href":"https:\/\/www.europesays.com\/no\/wp-json\/wp\/v2\/media?parent=126808"}],"wp:term":[{"taxonomy":"category","embeddable":true,"href":"https:\/\/www.europesays.com\/no\/wp-json\/wp\/v2\/categories?post=126808"},{"taxonomy":"post_tag","embeddable":true,"href":"https:\/\/www.europesays.com\/no\/wp-json\/wp\/v2\/tags?post=126808"}],"curies":[{"name":"wp","href":"https:\/\/api.w.org\/{rel}","templated":true}]}}