{"id":126812,"date":"2026-01-02T08:11:14","date_gmt":"2026-01-02T08:11:14","guid":{"rendered":"https:\/\/www.europesays.com\/no\/126812\/"},"modified":"2026-01-02T08:11:14","modified_gmt":"2026-01-02T08:11:14","slug":"medier-dattera-funnet-dod","status":"publish","type":"post","link":"https:\/\/www.europesays.com\/no\/126812\/","title":{"rendered":"Medier: Dattera funnet d\u00f8d"},"content":{"rendered":"<p>Det var i romjula at Russland for f\u00f8rste gang \u00e5pnet det gjenoppbygde teateret i Mariupol for publikum.<\/p>\n<p>Reaksjonene fra ukrainsk hold har ikke latt vente p\u00e5 seg.<\/p>\n<p>&#8211; N\u00e5 holdes det feiringer og konserter p\u00e5 stedet hvor hundrevis av mennesker ble drept. Fullstendig kynisk. Typisk Russland, skriver Anton Herasjsjenko, r\u00e5dgiver for Ukrainas innenriksdepartement, p\u00e5 X.<\/p>\n<blockquote class=\"twitter-tweet\">\n<p lang=\"en\" dir=\"ltr\">In Russian-occupied Mariupol, Russian authorities have reopened the drama theater that was destroyed by a Russian airstrike in 2022, killing hundreds of people.<\/p>\n<p>On March 16, 2022, Russian forces dropped a bomb on the drama theater. At the time, it was sheltering hundreds of\u2026 <a href=\"https:\/\/t.co\/OSrZwPA5WJ\" rel=\"nofollow\">https:\/\/t.co\/OSrZwPA5WJ<\/a> <a href=\"https:\/\/t.co\/9ERLBUPsx2\" rel=\"nofollow\">pic.twitter.com\/9ERLBUPsx2<\/a><\/p>\n<p>\u2014 Anton Gerashchenko (@Gerashchenko_en) <a href=\"https:\/\/twitter.com\/Gerashchenko_en\/status\/2006745344504197412?ref_src=twsrc%5Etfw\" rel=\"nofollow noopener\" target=\"_blank\">January 1, 2026<\/a><\/p><\/blockquote>\n<p>&#8211; \u00abGjenopprettelsen\u00bb av teatret er et kynisk fors\u00f8k p\u00e5 \u00e5 skjule sporene etter en krigsforbrytelse og en del av en aggressiv politikk for russifisering av byen, skriver den ukrainske byadministrasjonen i Mariupol, som okkupasjonsmyndighetene presset ut, i et innlegg p\u00e5 Telegram.<\/p>\n<p>&#8211; Jeg har ikke ord, skriver Kira Rudik, medlem av det ukrainske parlamentet, p\u00e5 X.<\/p>\n<p>        <img loading=\"lazy\" decoding=\"async\" src=\"https:\/\/www.europesays.com\/no\/wp-content\/uploads\/2026\/01\/84046753.webp.webp\" width=\"980\" height=\"657\" title=\"GJEN\u00c5PNET: Slik ser teateret i Mariupol ut i dag, n\u00e6rmere fire \u00e5r etter Russlands bombing av det i mars 2022. Foto: AP\" alt=\"\" class=\"\" style=\"--aspect-ratio-image: 1.49; \"\/><\/p>\n<p>\n        GJEN\u00c5PNET: Slik ser teateret i Mariupol ut i dag, n\u00e6rmere fire \u00e5r etter Russlands bombing av det i mars 2022. Foto: AP\n    <\/p>\n<p>Dans p\u00e5 knokler<\/p>\n<p>Den britiske storavisa The Guardian har intervjuet flere skuespillere som jobbet p\u00e5 teateret f\u00f8r den russiske okkupasjonen.<\/p>\n<p>De beskriver forestillingen som en dans p\u00e5 knoklene til de drepte.<\/p>\n<p>&#8211; De har underholdning, sang og dans p\u00e5 knokler. Jeg f\u00f8ler at sjelene til menneskene som d\u00f8de der ikke vil la dem opptre ordentlig der, sier Vira Lebedynska, en tidligere skuespiller ved teateret, til <a href=\"https:\/\/www.theguardian.com\/world\/2025\/dec\/25\/mariupol-bombed-theatre-reopen-russification-ukraine\" rel=\"nofollow noopener\" target=\"_blank\">The Guardian<\/a>.<\/p>\n<p>Russland nekter for \u00e5 ha angrepet bygget fra lufta. Russiske myndigheter hevder ukrainske myndigheter plantet en bombe inni bygget, og selv sto bak \u00f8deleggelsen av det.<\/p>\n<p>Det er <a href=\"https:\/\/apnews.com\/article\/Russia-ukraine-war-mariupol-theater-c321a196fbd568899841b506afcac7a1\" rel=\"nofollow noopener\" target=\"_blank\">imidlertid bredt dokumentert<\/a> at skadene p\u00e5 bygget ikke er forenelige med russernes versjon, og at skadene har kommet som f\u00f8lge av et bombeangrep fra lufta.<\/p>\n<p>Det samme underbygges <a href=\"https:\/\/www.theguardian.com\/world\/2025\/dec\/25\/mariupol-bombed-theatre-reopen-russification-ukraine\" rel=\"nofollow noopener\" target=\"_blank\">av en rekke beretninger fra overlevende<\/a> under angrepet.<\/p>\n<p>        HEMMELIG: Antikorrupsjonsstiftelsen til avd\u00f8de Aleksej Navalnyj publiserte tirsdag 30. desember videoer som angivelig viser Vladimir Putins nye palass. Video: Youtube \/ NavalnyRu<\/p>\n<p>Krigsforsbrytelser  <\/p>\n<p>Havnebyen Mariupol ved Svartehavet var tidlig i Putins fullskalainvasjon \u00e5sted for en rekke av de aller mest brutale krigsforbrytelsene i hele krigen.<\/p>\n<p>Det er herfra mange av de flere titalls tusen barna det russiske barneombudet <a href=\"https:\/\/www.dagbladet.no\/nyheter\/slar-alarm-om-barnebortforinger-vil-gjelde-hele-ukraina\/83317095\" rel=\"nofollow noopener\" target=\"_blank\">Marija Lvova-Belova har bortf\u00f8rt og hentet til Russland<\/a>.<\/p>\n<p>Og det var her, i byens teaterbygning, at det analytikere anser som det d\u00f8deligste enkeltangrepet s\u00e5 langt i krigen fant sted.<\/p>\n<p>Ikke alle kom seg ut av Mariupol under bombingen, og rundt tusen mennesker holdt seg skjult i teateret mens det p\u00e5gikk.<\/p>\n<p>Ukrainske myndigheter antok f\u00f8rst at rundt 300 personer var drept. Seinere <a href=\"https:\/\/apnews.com\/article\/Russia-ukraine-war-mariupol-theater-c321a196fbd568899841b506afcac7a1\" rel=\"nofollow noopener\" target=\"_blank\">gjennomf\u00f8rte nyhetsbyr\u00e5et AP en analyse<\/a>\u00a0der de dokumenterte at det reelle d\u00f8dstallet etter alt \u00e5 d\u00f8mme var dobbelt s\u00e5 h\u00f8yt, rundt 600.<\/p>\n<p>    <a itemprop=\"url\" href=\"https:\/\/www.dagbladet.no\/nyheter\/slar-alarm-om-barnebortforinger-vil-gjelde-hele-ukraina\/83317095\" rel=\"nofollow noopener\" target=\"_blank\"><\/p>\n<p>        <img loading=\"lazy\" decoding=\"async\" src=\"https:\/\/www.europesays.com\/no\/wp-content\/uploads\/2026\/01\/83334585.webp.webp\" width=\"147\" height=\"98\" title=\"Sl\u00e5r alarm om barnebortf\u00f8ringer: - Vil gjelde hele Ukraina\" alt=\"\" class=\"lazyload\" style=\"--aspect-ratio-image: 1.50; \"\/><\/p>\n<p>        Sl\u00e5r alarm om barnebortf\u00f8ringer: &#8211; Vil gjelde hele Ukraina<\/p>\n<p>    <\/a><\/p>\n<p>S\u00f8nderbombet  <\/p>\n<p>Byen i seg selv var etter den i overkant av en m\u00e5ned lange bombekampanjen s\u00e5 destruert at det knapt var noe igjen av den.<\/p>\n<p>I etterkant har Putin iverskatt en aggressiv kampanje for \u00e5 russifisere byen, og bygge den opp igjen. Leilighetskomplekser dukker opp, og leiligheter selges p\u00e5 det \u00e5pne markedet i Russland.<\/p>\n<p>Eiendom tilh\u00f8rende de flere hundre tusen ukrainerne som flyktet fra byen, rives eller rekvireres av russerne, og selges videre i Russland.<\/p>\n<p>En <a href=\"https:\/\/www.bellingcat.com\/news\/europe\/2025\/11\/14\/building-on-ruins-the-russification-of-mariupol-one-apartment-block-at-a-time\/\" rel=\"nofollow noopener\" target=\"_blank\">etterforskning av gravejournalistene i Bellingcat<\/a> har avdekket at Russland har endret navn p\u00e5 gater, og revet ned ukrainske monumenter og statuer.<\/p>\n<p>9. mars bombet russerne et barnesykehus i byen. Kvinner, nyf\u00f8dte og ansatte ble drept, og 17 personer, inkludert kvinner i aktiv f\u00f8dsel, ble skadd.<\/p>\n<p>        <img loading=\"lazy\" decoding=\"async\" src=\"https:\/\/www.europesays.com\/no\/wp-content\/uploads\/2026\/01\/84046750.webp.webp\" width=\"980\" height=\"481\" title=\"DREPT: Iryna Kalinina (32) var blant de drepte i Putins bombing av barnesykehuset i Mariupol. Bildet av at hun b\u00e6res ut av ruinene rystet verden. Foto: Jevgenij Maloletka \/ AP\" alt=\"\" class=\"\" style=\"--aspect-ratio-image: 2.04; \"\/><\/p>\n<p>\n        DREPT: Iryna Kalinina (32) var blant de drepte i Putins bombing av barnesykehuset i Mariupol. Bildet av at hun b\u00e6res ut av ruinene rystet verden. Foto: Jevgenij Maloletka \/ AP\n    <\/p>\n<p>Bildet av den 32 \u00e5r gamle gravide kvinnen Iryna Kalinina som b\u00e6res ut av ruinene etter barnesykehuset rystet en hel verden.<\/p>\n<p>Barnet hennes ble f\u00f8dt d\u00f8d, og en halvtime etter f\u00f8dselen d\u00f8de ogs\u00e5 Kalinina.<\/p>\n<p>N\u00e5 reiser russerne et leilighetskompleks like over gata, if\u00f8lge Bellingcat. Luksusleilighetene er ventet \u00e5 st\u00e5 ferdige i 2026.<\/p>\n<p>    <a itemprop=\"url\" href=\"https:\/\/www.dagbladet.no\/nyheter\/avfeier-russiske-bevis-bryter-monsteret\/84045014\" rel=\"nofollow noopener\" target=\"_blank\"><\/p>\n<p>        <img loading=\"lazy\" decoding=\"async\" src=\"https:\/\/www.europesays.com\/no\/wp-content\/uploads\/2026\/01\/84045162.webp.webp\" width=\"980\" height=\"441\" title=\"Avfeier russiske \u00abbevis\u00bb: - Bryter m\u00f8nsteret\" alt=\"\" class=\"lazyload\" style=\"--aspect-ratio-image: 2.22; \"\/><\/p>\n<p>        Avfeier russiske \u00abbevis\u00bb: &#8211; Bryter m\u00f8nsteret<\/p>\n<p>    <\/a><\/p>\n<p><script async src=\"https:\/\/platform.twitter.com\/widgets.js\" charset=\"utf-8\"><\/script><\/p>\n","protected":false},"excerpt":{"rendered":"Det var i romjula at Russland for f\u00f8rste gang \u00e5pnet det gjenoppbygde teateret i Mariupol for publikum. Reaksjonene&hellip;\n","protected":false},"author":2,"featured_media":126813,"comment_status":"","ping_status":"","sticky":false,"template":"","format":"standard","meta":{"footnotes":""},"categories":[5],"tags":[20,21,2268,24,25,15,19,479,2543,22,23,17,18,13,30,28,29,14,16,14881,26,27],"class_list":{"0":"post-126812","1":"post","2":"type-post","3":"status-publish","4":"format-standard","5":"has-post-thumbnail","7":"category-overskrifter","8":"tag-breaking-news","9":"tag-breakingnews","10":"tag-dod","11":"tag-featured-news","12":"tag-featurednews","13":"tag-headlines","14":"tag-hovedoppslag","15":"tag-kjendis","16":"tag-kjendisdesken","17":"tag-latest-news","18":"tag-latestnews","19":"tag-main-news","20":"tag-mainnews","21":"tag-news","22":"tag-no","23":"tag-norge","24":"tag-norway","25":"tag-nyheter","26":"tag-overskrifter","27":"tag-tommy-lee-jones","28":"tag-top-stories","29":"tag-topstories"},"share_on_mastodon":{"url":"https:\/\/pubeurope.com\/@no\/115824498050207799","error":""},"_links":{"self":[{"href":"https:\/\/www.europesays.com\/no\/wp-json\/wp\/v2\/posts\/126812","targetHints":{"allow":["GET"]}}],"collection":[{"href":"https:\/\/www.europesays.com\/no\/wp-json\/wp\/v2\/posts"}],"about":[{"href":"https:\/\/www.europesays.com\/no\/wp-json\/wp\/v2\/types\/post"}],"author":[{"embeddable":true,"href":"https:\/\/www.europesays.com\/no\/wp-json\/wp\/v2\/users\/2"}],"replies":[{"embeddable":true,"href":"https:\/\/www.europesays.com\/no\/wp-json\/wp\/v2\/comments?post=126812"}],"version-history":[{"count":0,"href":"https:\/\/www.europesays.com\/no\/wp-json\/wp\/v2\/posts\/126812\/revisions"}],"wp:featuredmedia":[{"embeddable":true,"href":"https:\/\/www.europesays.com\/no\/wp-json\/wp\/v2\/media\/126813"}],"wp:attachment":[{"href":"https:\/\/www.europesays.com\/no\/wp-json\/wp\/v2\/media?parent=126812"}],"wp:term":[{"taxonomy":"category","embeddable":true,"href":"https:\/\/www.europesays.com\/no\/wp-json\/wp\/v2\/categories?post=126812"},{"taxonomy":"post_tag","embeddable":true,"href":"https:\/\/www.europesays.com\/no\/wp-json\/wp\/v2\/tags?post=126812"}],"curies":[{"name":"wp","href":"https:\/\/api.w.org\/{rel}","templated":true}]}}