{"id":126816,"date":"2026-01-02T08:19:10","date_gmt":"2026-01-02T08:19:10","guid":{"rendered":"https:\/\/www.europesays.com\/no\/126816\/"},"modified":"2026-01-02T08:19:10","modified_gmt":"2026-01-02T08:19:10","slug":"trafikk-gjovik-blir-stengt-de-neste-fire-manedene","status":"publish","type":"post","link":"https:\/\/www.europesays.com\/no\/126816\/","title":{"rendered":"Trafikk, Gj\u00f8vik | Blir stengt de neste fire m\u00e5nedene"},"content":{"rendered":"\n<p>Gj\u00f8vik kommune skal skifte ut gamle vann- og avl\u00f8psledninger i Vestre Totenveg. Arbeidet starter p\u00e5 starten av \u00e5ret, og fredag morgen var anleggsperioden i gang. Da ble veien stengt.<\/p>\n<p>Veien er en viktig innfarts\u00e5re til Gj\u00f8vik sentrum, fra blant annet Kopperud og Vind, men n\u00e5 m\u00e5 man kj\u00f8re til Kallerud og inn til byen via Mustad eller riksvei 4 hvis man ikke kj\u00f8rer om Vindingstad eller NTNU.<\/p>\n<p>Vestre Totenveg, som er fylkesvei 2370, blir kun \u00e5pen for trafikk i retning fra Kirkeby mot s\u00f8rbyen. Ogs\u00e5 Jonas Lies gate er stengt.<\/p>\n<p>\u2013 Det vil bli en del anleggstrafikk i disse omr\u00e5dene, spesielt i F. Hennigs gate og Kallerudvegen, <a href=\"https:\/\/www.oa.no\/oppgradering-i-gjovik-forer-til-stengte-veier-i-flere-maneder\/s\/5-35-2199782\" rel=\"Follow nofollow noopener\" target=\"_blank\">har prosjektleder Rolf Perjord opplyst til Oppland Arbeiderblad tidligere.<\/a><\/p>\n<p>  <a href=\"https:\/\/www.oa.no\/5-35-2208274\" class=\"related-teaser has-image default-story-teaser article--c-eRUmMG article--c-eRUmMG-jKCPdD-design-default\" rel=\"nofollow noopener\" target=\"_blank\"><\/p>\n<p>    <img decoding=\"async\" loading=\"lazy\"  src=\"https:\/\/www.europesays.com\/no\/wp-content\/uploads\/2026\/01\/photo+%2817%29.jpg\" alt=\"\" class=\"brick-c-cFOWSL\" style=\"\"\/><\/p>\n<p>\n            Les ogs\u00e5<\/p>\n<p>              N\u00e5 er den her \u2013 slik ser det ut p\u00e5 veiene n\u00e5\n        <\/p>\n<p>  <\/a><\/p>\n<p>Arbeidet skjer mellom krysset Jonas Lies gate \/ Vestre Totenveg og omr\u00e5det like nord for rundkj\u00f8ringen ved Alfarvegen. Dette er en del av kommunens plan for \u00e5 forbedre vann- og avl\u00f8psnettet i byen.<\/p>\n<p>Det blir ogs\u00e5 noe anleggstrafikk i gatene rundt Tongjordet, spesielt i F. Hennigs gate og Kallerudvegen.<\/p>\n<p>  <a href=\"https:\/\/www.oa.no\/5-35-2208028\" class=\"related-teaser has-image default-story-teaser article--c-eRUmMG article--c-eRUmMG-jKCPdD-design-default\" rel=\"nofollow noopener\" target=\"_blank\"><\/p>\n<p>    <img decoding=\"async\" loading=\"lazy\"  src=\"https:\/\/www.europesays.com\/no\/wp-content\/uploads\/2026\/01\/481875150_1239239317858339_2898224388481664103_n+kopi.jpg\" alt=\"\" class=\"brick-c-cFOWSL\" style=\"\"\/><\/p>\n<p>\n            Les ogs\u00e5<\/p>\n<p>              Travel natt for politiet\n        <\/p>\n<p>  <\/a><\/p>\n<p>  <a href=\"https:\/\/www.oa.no\/5-35-2208088\" class=\"related-teaser has-image default-story-teaser article--c-eRUmMG article--c-eRUmMG-jKCPdD-design-default\" rel=\"nofollow noopener\" target=\"_blank\"><\/p>\n<p>    <img decoding=\"async\" loading=\"lazy\"  src=\"https:\/\/www.europesays.com\/no\/wp-content\/uploads\/2026\/01\/image00000011.JPG\" alt=\"\" class=\"brick-c-cFOWSL\" style=\"\"\/><\/p>\n<p>\n            Les ogs\u00e5<\/p>\n<p>              Vannlekkasjen n\u00e5dde sikringsskapet: \u2013 Det kunne ha smelt\n        <\/p>\n<p>  <\/a><\/p>\n","protected":false},"excerpt":{"rendered":"Gj\u00f8vik kommune skal skifte ut gamle vann- og avl\u00f8psledninger i Vestre Totenveg. Arbeidet starter p\u00e5 starten av \u00e5ret,&hellip;\n","protected":false},"author":2,"featured_media":126817,"comment_status":"","ping_status":"","sticky":false,"template":"","format":"standard","meta":{"footnotes":""},"categories":[5],"tags":[36,20,21,24,25,1088,15,19,22,23,17,18,13,30,28,29,14,16,1510,26,27,224,4430],"class_list":{"0":"post-126816","1":"post","2":"type-post","3":"status-publish","4":"format-standard","5":"has-post-thumbnail","7":"category-overskrifter","8":"tag-art","9":"tag-breaking-news","10":"tag-breakingnews","11":"tag-featured-news","12":"tag-featurednews","13":"tag-gjovik","14":"tag-headlines","15":"tag-hovedoppslag","16":"tag-latest-news","17":"tag-latestnews","18":"tag-main-news","19":"tag-mainnews","20":"tag-news","21":"tag-no","22":"tag-norge","23":"tag-norway","24":"tag-nyheter","25":"tag-overskrifter","26":"tag-story","27":"tag-top-stories","28":"tag-topstories","29":"tag-trafikk","30":"tag-vegarbeid"},"share_on_mastodon":{"url":"https:\/\/pubeurope.com\/@no\/115824529422713675","error":""},"_links":{"self":[{"href":"https:\/\/www.europesays.com\/no\/wp-json\/wp\/v2\/posts\/126816","targetHints":{"allow":["GET"]}}],"collection":[{"href":"https:\/\/www.europesays.com\/no\/wp-json\/wp\/v2\/posts"}],"about":[{"href":"https:\/\/www.europesays.com\/no\/wp-json\/wp\/v2\/types\/post"}],"author":[{"embeddable":true,"href":"https:\/\/www.europesays.com\/no\/wp-json\/wp\/v2\/users\/2"}],"replies":[{"embeddable":true,"href":"https:\/\/www.europesays.com\/no\/wp-json\/wp\/v2\/comments?post=126816"}],"version-history":[{"count":0,"href":"https:\/\/www.europesays.com\/no\/wp-json\/wp\/v2\/posts\/126816\/revisions"}],"wp:featuredmedia":[{"embeddable":true,"href":"https:\/\/www.europesays.com\/no\/wp-json\/wp\/v2\/media\/126817"}],"wp:attachment":[{"href":"https:\/\/www.europesays.com\/no\/wp-json\/wp\/v2\/media?parent=126816"}],"wp:term":[{"taxonomy":"category","embeddable":true,"href":"https:\/\/www.europesays.com\/no\/wp-json\/wp\/v2\/categories?post=126816"},{"taxonomy":"post_tag","embeddable":true,"href":"https:\/\/www.europesays.com\/no\/wp-json\/wp\/v2\/tags?post=126816"}],"curies":[{"name":"wp","href":"https:\/\/api.w.org\/{rel}","templated":true}]}}