{"id":126818,"date":"2026-01-02T08:24:11","date_gmt":"2026-01-02T08:24:11","guid":{"rendered":"https:\/\/www.europesays.com\/no\/126818\/"},"modified":"2026-01-02T08:24:11","modified_gmt":"2026-01-02T08:24:11","slug":"trump-truer-iran-vi-er-klare","status":"publish","type":"post","link":"https:\/\/www.europesays.com\/no\/126818\/","title":{"rendered":"Trump truer Iran: \u2013 Vi er klare"},"content":{"rendered":"\n<p class=\"_lead_o9xde_2 _lead_xtcu6_50 layout-component text-serif-m layout-normal text-serif-l layout-component layout-wide layout-padded _wide_17hqh_1 layout-padded\">Sier at USA er klare til \u00e5 gripe inn dersom Iran dreper demonstranter. <\/p>\n<p><img alt=\"Mange har deltatt i protestene. Bildet er tatt 29. desember.  Foto: STRINGER \/ EPA \/ NTB\" class=\"_image_qp4xg_65 layout-component layout-wide\" data-fullscreen- data-track-element-type=\"Article image fullscreen\" data-track-name=\"ImageFullscreen\" fetchpriority=\"high\" decoding=\"sync\" loading=\"eager\" height=\"3648\" itemprop=\"image\"  src=\"https:\/\/www.europesays.com\/no\/wp-content\/uploads\/2026\/01\/07605495-8ce1-4ce9-a4ae-54ba0da8b177.png\"  style=\"object-position:0% 0%\" width=\"5472\"\/>Mange har deltatt i protestene. Bildet er tatt 29. desember.  Foto: STRINGER \/ EPA \/ NTB<\/p>\n<ul aria-hidden=\"true\" class=\"_images_ntbth_112\">\n<li><a class=\"_link_ntbth_117\" href=\"https:\/\/www.vg.no\/forfatter\/einar-torkelsen\" style=\"z-index:1\" title=\"Einar Torkelsen\" rel=\"nofollow noopener\" target=\"_blank\"><img alt=\"Bilde av Einar Torkelsen\" class=\"_image_ntbth_93\" fetchpriority=\"low\" loading=\"lazy\" decoding=\"async\" itemprop=\"image\"  src=\"https:\/\/www.europesays.com\/no\/wp-content\/uploads\/2026\/01\/f6016772-ddbc-43d2-b733-41afc7cc9046.png\"  width=\"480\"\/><\/a><\/li>\n<\/ul>\n<p> Oppdatert fredag 2. januar kl. 09:23     <\/p>\n<p class=\"_paragraph_o9xde_4 _paragraph_xtcu6_10 layout-component text-serif-m layout-normal text-serif-m layout-padded\">I en melding p\u00e5 Truth Social kommer USAs president Donald Trump med en advarsel til Iran. <\/p>\n<p class=\"_paragraph_o9xde_4 _paragraph_xtcu6_10 layout-component text-serif-m layout-normal text-serif-m layout-padded\">\u2013 Dersom Iran skyter og dreper fredfulle demonstranter p\u00e5 voldelig vis, som de pleier, kommer USA til deres redning. Vi er rustet og klare, <a href=\"https:\/\/truthsocial.com\/@realDonaldTrump\/posts\/115824439366264186\" class=\"_link_o9xde_39\" rel=\"nofollow noopener\" target=\"_blank\">skriver presidenten<\/a>.<\/p>\n<p class=\"_paragraph_o9xde_4 _paragraph_xtcu6_10 layout-component text-serif-m layout-normal text-serif-m layout-padded\">Det har de siste dagene v\u00e6rt flere protester i Iran. Iranske myndigheter har p\u00e5grepet 30 personer som if\u00f8lge dem mistenkes for \u00e5 forstyrret \u00aboffentlig orden\u00bb i hovedstaden Teheran. <\/p>\n<p class=\"_paragraph_o9xde_4 _paragraph_xtcu6_10 layout-component text-serif-m layout-normal text-serif-m layout-padded\">Demonstrantene protesterer mot h\u00f8ye priser og en sviktende \u00f8konomi. <\/p>\n<p class=\"_paragraph_o9xde_4 _paragraph_xtcu6_10 layout-component text-serif-m layout-normal text-serif-m layout-padded\">Inflasjonen i Iran har i det siste v\u00e6rt p\u00e5 over 40 prosent. Den iranske \u00f8konomien er blant annet hardt rammet av vestlige sanksjoner. <\/p>\n<p class=\"_paragraph_o9xde_4 _paragraph_xtcu6_10 layout-component text-serif-m layout-normal text-serif-m layout-padded\">Minst syv personer har blitt drept i protestene, skriver <a href=\"https:\/\/apnews.com\/article\/iran-protests-economy-israel-us-nuclear-8533eacbc3c502ccc5f5339ae4384399\" class=\"_link_o9xde_39\" rel=\"nofollow noopener\" target=\"_blank\">AP<\/a>. <\/p>\n<p><img alt=\"R\u00f8yk sett i gatene i Tehran fra protestene. Bildet er tatt 29. desember.   Foto: HANDOUT \/ AFP \/ NTB\" class=\"_image_qp4xg_65 layout-component layout-normal\" data-fullscreen- data-track-element-type=\"Article image fullscreen\" data-track-name=\"ImageFullscreen\" decoding=\"async\" loading=\"lazy\" height=\"3340\" itemprop=\"image\"  src=\"https:\/\/www.europesays.com\/no\/wp-content\/uploads\/2026\/01\/b56bb2fe-544f-4097-9964-4ceec9090d16.jpeg\"  style=\"object-position:0% 0%\" width=\"5010\"\/>R\u00f8yk sett i gatene i Tehran fra protestene. Bildet er tatt 29. desember.   Foto: HANDOUT \/ AFP \/ NTB<\/p>\n<p class=\"_paragraph_o9xde_4 _paragraph_xtcu6_10 layout-component text-serif-m layout-normal text-serif-m layout-padded\">Protestene begynte blant kj\u00f8pmenn, butikkeiere og studenter i hovedstaden Teheran i forrige uke, men har siden vokst og blitt mer voldelige.<\/p>\n<p class=\"_paragraph_o9xde_4 _paragraph_xtcu6_10 layout-component text-serif-m layout-normal text-serif-m layout-padded\">Myndighetene sier at flere av demonstrantene har kastet steiner mot offentlige bygninger. <\/p>\n<p class=\"_paragraph_o9xde_4 _paragraph_xtcu6_10 layout-component text-serif-m layout-normal text-serif-m layout-padded\">Politiet har brukt t\u00e5regass og p\u00e5grepet flere personer. <\/p>\n<p>Vil ha dialog<\/p>\n<p class=\"_paragraph_o9xde_4 _paragraph_xtcu6_10 layout-component text-serif-m layout-normal text-serif-m layout-padded\">Den iranske regjeringens talsperson Fatemeh Mohajerani sa torsdag at de vil g\u00e5 i direkte dialog med representanter for fagforeninger og kj\u00f8pmenn.<\/p>\n<p class=\"_paragraph_o9xde_4 _paragraph_xtcu6_10 layout-component text-serif-m layout-normal text-serif-m layout-padded\">Irans president Masoud Pezeshkian oppfordret samtidig landets innenriksminister til \u00e5 lytte til \u00ablegitime krav\u00bb fra demonstrantene. <\/p>\n<p><img alt=\"Protestene begynte blant kj\u00f8pmenn, butikkeiere og studenter.   Foto: ABEDIN TAHERKENAREH \/ EPA \/ NTB\" class=\"_image_qp4xg_65 layout-component layout-normal\" data-fullscreen- data-track-element-type=\"Article image fullscreen\" data-track-name=\"ImageFullscreen\" decoding=\"async\" loading=\"lazy\" height=\"3384\" itemprop=\"image\"  src=\"https:\/\/www.europesays.com\/no\/wp-content\/uploads\/2026\/01\/9224439e-63ca-41bf-87f6-428ed75befd3.png\"  style=\"object-position:0% 0%\" width=\"5061\"\/>Protestene begynte blant kj\u00f8pmenn, butikkeiere og studenter.   Foto: ABEDIN TAHERKENAREH \/ EPA \/ NTB<\/p>\n<p class=\"_paragraph_o9xde_4 _paragraph_xtcu6_10 layout-component text-serif-m layout-normal text-serif-m layout-padded\">Dette er de st\u00f8rste demonstrasjonene i Iran siden 2022, skriver AP. <\/p>\n<p class=\"_paragraph_o9xde_4 _paragraph_xtcu6_10 layout-component text-serif-m layout-normal text-serif-m layout-padded\">Demonstrasjonene ble utl\u00f8st av d\u00f8dsfallet til 22 \u00e5r gamle Masha Amini. Hun d\u00f8de i politiets varetekt. Hun ble p\u00e5grepet av Irans moralpoliti fordi hun ikke hadde p\u00e5 seg hijab. <\/p>\n<p class=\"_paragraph_o9xde_4 _paragraph_xtcu6_10 layout-component text-serif-m layout-normal text-serif-m layout-padded\">Den gang slo sikkerhetsstyrker i landet hardt ned p\u00e5 demonstranter. Over 300 skal ha blitt drept. <\/p>\n<p>Rekordmange henrettet<\/p>\n<p class=\"_paragraph_o9xde_4 _paragraph_xtcu6_10 layout-component text-serif-m layout-normal text-serif-m layout-padded\">F\u00f8rste nytt\u00e5rsdag kom det ogs\u00e5 fram at Iran henrettet rekordmange mennesker i \u00e5ret som gikk. <\/p>\n<p class=\"_paragraph_o9xde_4 _paragraph_xtcu6_10 layout-component text-serif-m layout-normal text-serif-m layout-padded\">Iranske myndigheter gjennomf\u00f8rte i 2025 minst 1500 henrettelser av d\u00f8dsd\u00f8mte, if\u00f8lge menneskerettsorganisasjonen Iran Human Rights (IHR), som har base i Norge.<\/p>\n<p class=\"_paragraph_o9xde_4 _paragraph_xtcu6_10 layout-component text-serif-m layout-normal text-serif-m layout-padded\">Over 700 av dem var if\u00f8lge IHR d\u00f8mt til d\u00f8den for narkotikalovbrudd.<\/p>\n<p class=\"_paragraph_o9xde_4 _paragraph_xtcu6_10 layout-component text-serif-m layout-normal text-serif-m layout-padded\">If\u00f8lge IHR-leder Mahmood Amiry-Moghaddam har antallet henrettelser i Iran skutt i v\u00e6ret siden protestene som br\u00f8t ut i september 2022. <\/p>\n<p class=\"_paragraph_o9xde_4 _paragraph_xtcu6_10 layout-component text-serif-m layout-normal text-serif-m layout-padded\">Det \u00e5ret ble mer enn 500 d\u00f8dsd\u00f8mte henrettet, \u00e5ret etter steg antallet til over 800 og i 2024 ble 975 henrettet.<\/p>\n<p>    <img decoding=\"async\" alt=\"Tips oss illustrasjon\" src=\"https:\/\/www.europesays.com\/no\/wp-content\/uploads\/2025\/10\/pssst-small.webp.webp\"\/>    <\/p>\n<p class=\"title-serif-s\">Har du tips?<\/p>\n<p class=\"text-sans-m\">Send oss informasjon, bilder eller video.<\/p>\n<p>  <a href=\"https:\/\/www.vg.no\/tips-oss\" rel=\"nofollow noopener\" target=\"_blank\"> Tips oss <\/a>      <\/p>\n","protected":false},"excerpt":{"rendered":"Sier at USA er klare til \u00e5 gripe inn dersom Iran dreper demonstranter. Mange har deltatt i protestene.&hellip;\n","protected":false},"author":2,"featured_media":126819,"comment_status":"","ping_status":"","sticky":false,"template":"","format":"standard","meta":{"footnotes":""},"categories":[12],"tags":[31,20,21,24,25,15,22,23,13,30,28,29,14,16,26,27,42,43,44,45],"class_list":{"0":"post-126818","1":"post","2":"type-post","3":"status-publish","4":"format-standard","5":"has-post-thumbnail","7":"category-verden","8":"tag-breaking","9":"tag-breaking-news","10":"tag-breakingnews","11":"tag-featured-news","12":"tag-featurednews","13":"tag-headlines","14":"tag-latest-news","15":"tag-latestnews","16":"tag-news","17":"tag-no","18":"tag-norge","19":"tag-norway","20":"tag-nyheter","21":"tag-overskrifter","22":"tag-top-stories","23":"tag-topstories","24":"tag-verden","25":"tag-world","26":"tag-world-news","27":"tag-worldnews"},"share_on_mastodon":{"url":"https:\/\/pubeurope.com\/@no\/115824549209105336","error":""},"_links":{"self":[{"href":"https:\/\/www.europesays.com\/no\/wp-json\/wp\/v2\/posts\/126818","targetHints":{"allow":["GET"]}}],"collection":[{"href":"https:\/\/www.europesays.com\/no\/wp-json\/wp\/v2\/posts"}],"about":[{"href":"https:\/\/www.europesays.com\/no\/wp-json\/wp\/v2\/types\/post"}],"author":[{"embeddable":true,"href":"https:\/\/www.europesays.com\/no\/wp-json\/wp\/v2\/users\/2"}],"replies":[{"embeddable":true,"href":"https:\/\/www.europesays.com\/no\/wp-json\/wp\/v2\/comments?post=126818"}],"version-history":[{"count":0,"href":"https:\/\/www.europesays.com\/no\/wp-json\/wp\/v2\/posts\/126818\/revisions"}],"wp:featuredmedia":[{"embeddable":true,"href":"https:\/\/www.europesays.com\/no\/wp-json\/wp\/v2\/media\/126819"}],"wp:attachment":[{"href":"https:\/\/www.europesays.com\/no\/wp-json\/wp\/v2\/media?parent=126818"}],"wp:term":[{"taxonomy":"category","embeddable":true,"href":"https:\/\/www.europesays.com\/no\/wp-json\/wp\/v2\/categories?post=126818"},{"taxonomy":"post_tag","embeddable":true,"href":"https:\/\/www.europesays.com\/no\/wp-json\/wp\/v2\/tags?post=126818"}],"curies":[{"name":"wp","href":"https:\/\/api.w.org\/{rel}","templated":true}]}}