{"id":126824,"date":"2026-01-02T08:33:10","date_gmt":"2026-01-02T08:33:10","guid":{"rendered":"https:\/\/www.europesays.com\/no\/126824\/"},"modified":"2026-01-02T08:33:10","modified_gmt":"2026-01-02T08:33:10","slug":"italiensk-tenaring-identifisert-etter-dodsbrannen-i-sveits","status":"publish","type":"post","link":"https:\/\/www.europesays.com\/no\/126824\/","title":{"rendered":"Italiensk ten\u00e5ring identifisert etter d\u00f8dsbrannen i Sveits"},"content":{"rendered":"\n<p class=\"_lead_o9xde_2 _lead_xtcu6_50 layout-component text-serif-m layout-normal text-serif-l layout-component layout-wide layout-padded _wide_17hqh_1 layout-padded\">Utestedet var popul\u00e6rt blant ungdommer. N\u00e5 offentligj\u00f8res det f\u00f8rste navnet, ten\u00e5ringsgolferen Emanuele Galeppini (17).<\/p>\n<p><img alt=\"Stearinlys er plassert ved et minnesmerke for ofrene utenfor baren \u00abLe Constellation\u00bb, etter en brann og eksplosjon under en nytt\u00e5rsfest der flere mennesker omkom og andre ble skadet, if\u00f8lge sveitsisk politi, i den eksklusive skiresorten Crans-Montana i det s\u00f8rvestlige Sveits, 2. januar 2026. Foto: Stephanie Lecocq \/ Reuters \/ NTB\" class=\"_image_qp4xg_65 layout-component layout-wide\" data-fullscreen- data-track-element-type=\"Article image fullscreen\" data-track-name=\"ImageFullscreen\" fetchpriority=\"high\" decoding=\"sync\" loading=\"eager\" height=\"3667\" itemprop=\"image\"  src=\"https:\/\/www.europesays.com\/no\/wp-content\/uploads\/2026\/01\/455177e4-1f78-4ccd-a9b8-9e7c66bb6d4c.png\"  style=\"object-position:0% 0%\" width=\"5500\"\/>Stearinlys er plassert ved et minnesmerke for ofrene utenfor baren \u00abLe Constellation\u00bb, etter en brann og eksplosjon under en nytt\u00e5rsfest der flere mennesker omkom og andre ble skadet, if\u00f8lge sveitsisk politi, i den eksklusive skiresorten Crans-Montana i det s\u00f8rvestlige Sveits, 2. januar 2026. Foto: Stephanie Lecocq \/ Reuters \/ NTB<\/p>\n<ul aria-hidden=\"true\" class=\"_images_ntbth_112\">\n<li><a class=\"_link_ntbth_117\" href=\"https:\/\/www.vg.no\/forfatter\/ingrid-storeboe\" style=\"z-index:1\" title=\"Ingrid Storeb\u00f8\" rel=\"nofollow noopener\" target=\"_blank\"><img alt=\"Bilde av Ingrid Storeb\u00f8\" class=\"_image_ntbth_93\" fetchpriority=\"low\" loading=\"lazy\" decoding=\"async\" itemprop=\"image\"  src=\"https:\/\/www.europesays.com\/no\/wp-content\/uploads\/2026\/01\/b3fc896d-536d-4041-8257-79b6b2cd3323.jpeg\"  width=\"480\"\/><\/a><\/li>\n<\/ul>\n<p> Oppdatert fredag 2. januar kl. 09:20    <\/p>\n<ul class=\"_list_o9xde_3 _list_64s2r_85 _unordered_o9xde_106 text-sans-m\">\n<li class=\"_item_o9xde_30\">Minst 40 d\u00f8de og over 115 skadet i brann p\u00e5 Le Constellation bar i Crans-Montana.<\/li>\n<li class=\"_item_o9xde_30\">Teenangeren Emanuele Galeppini er identifisert blant de omkomne.<\/li>\n<li class=\"_item_o9xde_30\">Brann\u00e5rsaken er fortsatt ukjent, men politiet utelukker terror. <\/li>\n<li class=\"_item_o9xde_30\">Skadde inkluderer den franske fotballspilleren Tahirys Dos Santos.<\/li>\n<\/ul>\n<p>Vis mer <\/p>\n<p class=\"_paragraph_o9xde_4 _paragraph_xtcu6_10 layout-component text-serif-m layout-normal text-serif-m layout-padded\">Minst 40 mennesker mistet livet og over 115 ble skadet da en voldsom brann br\u00f8t ut p\u00e5 Le Constellation bar i den sveitsiske alpebyen Crans-Montana natt til nytt\u00e5rsdag. <\/p>\n<p class=\"_paragraph_o9xde_4 _paragraph_xtcu6_10 layout-component text-serif-m layout-normal text-serif-m layout-padded\"><strong class=\"_strong_o9xde_25\">Blant de mange unge festdeltakerne som befant seg i kjellerbaren, er den f\u00f8rste identifiserte omkomne den italienske ten\u00e5ringsgolferen Emanuele Galeppini (17).<\/strong><\/p>\n<p class=\"_paragraph_o9xde_4 _paragraph_xtcu6_10 layout-component text-serif-m layout-normal text-serif-m layout-padded\">Det italienske golfforbundet omtaler Galeppini som en \u00abung ut\u00f8ver som legemliggjorde lidenskap og autentiske verdier\u00bb.<\/p>\n<ul class=\"_gallery_1qa3s_23\" tabindex=\"0\">\n<li class=\"_item_1qa3s_37\" data-index=\"0\"><img decoding=\"async\" class=\"_image_foru8_23 _articleGallery_foru8_39\" data-fullscreen- width=\"4734\" height=\"3156\" itemprop=\"image\" loading=\"lazy\"  src=\"https:\/\/www.europesays.com\/no\/wp-content\/uploads\/2026\/01\/b8588f98-edfa-4e1e-a5ba-330d2ac00e9b.png\"  style=\"object-position:50% 50%;aspect-ratio:var(--gallery-aspect-ratio, 16 \/ 9)\"\/>Foto: Alessandro Della Valle \/ AP \/ NTB<\/li>\n<li class=\"_item_1qa3s_37\" data-index=\"1\"><img decoding=\"async\" class=\"_image_foru8_23 _articleGallery_foru8_39\" data-fullscreen- width=\"5999\" height=\"3999\" itemprop=\"image\" loading=\"lazy\"  src=\"https:\/\/www.europesays.com\/no\/wp-content\/uploads\/2026\/01\/49958476-f620-4663-97cf-d949d71fc6df.png\"  style=\"object-position:50% 50%;aspect-ratio:var(--gallery-aspect-ratio, 16 \/ 9)\"\/>Foto: Denis Balibouse \/ Reuters \/ NTB<\/li>\n<li class=\"_item_1qa3s_37\" data-index=\"2\"><img decoding=\"async\" class=\"_image_foru8_23 _articleGallery_foru8_39\" data-fullscreen- width=\"5758\" height=\"3839\" itemprop=\"image\" loading=\"lazy\"  src=\"https:\/\/www.europesays.com\/no\/wp-content\/uploads\/2026\/01\/03987939-aba2-42b6-8dc2-55ff61479e4c.png\"  style=\"object-position:50% 50%;aspect-ratio:var(--gallery-aspect-ratio, 16 \/ 9)\"\/>Foto: ALESSANDRO DELLA VALLE \/ EPA \/ NTB<\/li>\n<li class=\"_item_1qa3s_37\" data-index=\"3\"><img decoding=\"async\" class=\"_image_foru8_23 _articleGallery_foru8_39\" data-fullscreen- width=\"3368\" height=\"2246\" itemprop=\"image\" loading=\"lazy\"  src=\"https:\/\/www.europesays.com\/no\/wp-content\/uploads\/2026\/01\/73d96d51-0071-4041-83f4-7a135176fd98.png\"  style=\"object-position:50% 50%;aspect-ratio:var(--gallery-aspect-ratio, 16 \/ 9)\"\/>Foto: Antonio Calanni \/ AP \/ NTB<\/li>\n<\/ul>\n<p>Foto: Alessandro Della Valle \/ AP \/ NTB<\/p>\n<p class=\"_paragraph_o9xde_4 _paragraph_xtcu6_10 layout-component text-serif-m layout-normal text-serif-m layout-padded\">Videoer verifisert av\u202fSky News\u202fviser hvordan flammene raskt spredte seg i taket idet mennesker fors\u00f8kte \u00e5 komme seg ut gjennom en trang trapp og d\u00f8r\u00e5pning.<\/p>\n<p class=\"_paragraph_o9xde_4 _paragraph_xtcu6_10 layout-component text-serif-m layout-normal text-serif-m layout-padded\">Brann\u00e5rsaken er enn\u00e5 ikke offentlig kjent, men sveitsisk politi har utelukket terror og kaller det en ulykke.<\/p>\n<p class=\"_paragraph_o9xde_4 _paragraph_xtcu6_10 layout-component text-serif-m layout-normal text-serif-m layout-padded\">To vitner beskriver en hendelse der en bartender l\u00f8ftet en kollega p\u00e5 skuldrene mens han holdt et stearinlys, og det er ogs\u00e5 rapportert om mulig bruk av fyrverkeri innend\u00f8rs.<\/p>\n<p class=\"_paragraph_o9xde_4 _paragraph_xtcu6_10 layout-component text-serif-m layout-normal text-serif-m layout-padded\">Brannen ser ut til \u00e5 ha utviklet seg raskt p\u00e5 grunn av brennbare gasser, og skal ha utl\u00f8st flere eksplosjoner.De sveitsiske myndighetene har store utfordringer med \u00e5 identifisere de \u00f8vrige omkomne.<\/p>\n<p class=\"_paragraph_o9xde_4 _paragraph_xtcu6_10 layout-component text-serif-m layout-normal text-serif-m layout-padded\">P\u00e5 grunn av utbredte brannskader brukes b\u00e5de tannkort og DNA-teknologi i arbeidet.Blant de mange skadde er den franske fotballspilleren Tahirys Dos Santos (19), som if\u00f8lge Sky News er alvorlig forbrent og har blitt overf\u00f8rt til Tyskland for behandling.<\/p>\n<p>       <img decoding=\"async\" alt=\"Tips oss illustrasjon\" src=\"https:\/\/www.europesays.com\/no\/wp-content\/uploads\/2025\/10\/pssst-small.webp.webp\"\/>    <\/p>\n<p class=\"title-serif-s\">Har du tips?<\/p>\n<p class=\"text-sans-m\">Send oss informasjon, bilder eller video.<\/p>\n<p>  <a href=\"https:\/\/www.vg.no\/tips-oss\" rel=\"nofollow noopener\" target=\"_blank\"> Tips oss <\/a>      <\/p>\n","protected":false},"excerpt":{"rendered":"Utestedet var popul\u00e6rt blant ungdommer. N\u00e5 offentligj\u00f8res det f\u00f8rste navnet, ten\u00e5ringsgolferen Emanuele Galeppini (17). Stearinlys er plassert ved&hellip;\n","protected":false},"author":2,"featured_media":126825,"comment_status":"","ping_status":"","sticky":false,"template":"","format":"standard","meta":{"footnotes":""},"categories":[5],"tags":[31,20,21,24,25,15,19,22,23,17,18,13,30,28,29,14,16,26,27],"class_list":{"0":"post-126824","1":"post","2":"type-post","3":"status-publish","4":"format-standard","5":"has-post-thumbnail","7":"category-overskrifter","8":"tag-breaking","9":"tag-breaking-news","10":"tag-breakingnews","11":"tag-featured-news","12":"tag-featurednews","13":"tag-headlines","14":"tag-hovedoppslag","15":"tag-latest-news","16":"tag-latestnews","17":"tag-main-news","18":"tag-mainnews","19":"tag-news","20":"tag-no","21":"tag-norge","22":"tag-norway","23":"tag-nyheter","24":"tag-overskrifter","25":"tag-top-stories","26":"tag-topstories"},"share_on_mastodon":{"url":"https:\/\/pubeurope.com\/@no\/115824584530645204","error":""},"_links":{"self":[{"href":"https:\/\/www.europesays.com\/no\/wp-json\/wp\/v2\/posts\/126824","targetHints":{"allow":["GET"]}}],"collection":[{"href":"https:\/\/www.europesays.com\/no\/wp-json\/wp\/v2\/posts"}],"about":[{"href":"https:\/\/www.europesays.com\/no\/wp-json\/wp\/v2\/types\/post"}],"author":[{"embeddable":true,"href":"https:\/\/www.europesays.com\/no\/wp-json\/wp\/v2\/users\/2"}],"replies":[{"embeddable":true,"href":"https:\/\/www.europesays.com\/no\/wp-json\/wp\/v2\/comments?post=126824"}],"version-history":[{"count":0,"href":"https:\/\/www.europesays.com\/no\/wp-json\/wp\/v2\/posts\/126824\/revisions"}],"wp:featuredmedia":[{"embeddable":true,"href":"https:\/\/www.europesays.com\/no\/wp-json\/wp\/v2\/media\/126825"}],"wp:attachment":[{"href":"https:\/\/www.europesays.com\/no\/wp-json\/wp\/v2\/media?parent=126824"}],"wp:term":[{"taxonomy":"category","embeddable":true,"href":"https:\/\/www.europesays.com\/no\/wp-json\/wp\/v2\/categories?post=126824"},{"taxonomy":"post_tag","embeddable":true,"href":"https:\/\/www.europesays.com\/no\/wp-json\/wp\/v2\/tags?post=126824"}],"curies":[{"name":"wp","href":"https:\/\/api.w.org\/{rel}","templated":true}]}}