{"id":126826,"date":"2026-01-02T08:38:07","date_gmt":"2026-01-02T08:38:07","guid":{"rendered":"https:\/\/www.europesays.com\/no\/126826\/"},"modified":"2026-01-02T08:38:07","modified_gmt":"2026-01-02T08:38:07","slug":"kina-prevensjonsmidler-innforer-avgift-pa-kondomer-og-prevensjonsmidler-2","status":"publish","type":"post","link":"https:\/\/www.europesays.com\/no\/126826\/","title":{"rendered":"Kina, Prevensjonsmidler | Innf\u00f8rer avgift p\u00e5 kondomer og prevensjonsmidler"},"content":{"rendered":"<p> (<a href=\"https:\/\/www.nettavisen.no\" rel=\"nofollow noopener\" target=\"_blank\">Nettavisen<\/a>) <\/p>\n<p>Kondomer og p-piller ilegges n\u00e5 merverdiavgift p\u00e5 13 prosent, som er standardsatsen for de fleste forbruksvarer i landet<\/p>\n<p>Tiltaket kommer mens myndighetene i Beijing sliter med \u00e5 \u00f8ke f\u00f8dselstallene i verdens nest st\u00f8rste \u00f8konomi. Kinas befolkning falt for tredje \u00e5r p\u00e5 rad i 2024, og eksperter har advart om at nedgangen vil fortsette.<\/p>\n<p>I fjor fritok Kina barnetrygdlignende tilskudd fra inntektsskatt og innf\u00f8rte en \u00e5rlig st\u00f8tteordning til barnepass.<\/p>\n<p>Tiltakene kom etter en rekke s\u00e5kalte \u00abfertilitetsvennlige\u00bb grep som ble gjort i 2024, blant annet oppfordringer til h\u00f8yskoler og universiteter om \u00e5 tilby \u00abkj\u00e6rlighetsundervisning\u00bb for \u00e5 fremstille ekteskap, kj\u00e6rlighet, fruktbarhet og familie i et positivt lys.<\/p>\n<p>F\u00f8dselstallene i Kina har falt i flere ti\u00e5r som f\u00f8lge av ettbarnspolitikken, som ble innf\u00f8rt i 1980 og avviklet i 2015. I tillegg har rask urbanisering bidratt til at f\u00e6rre barn blir f\u00f8dt.<\/p>\n<p>H\u00f8ye kostnader knyttet til barnepass og utdanning, i tillegg til usikre jobbutsikter og en avtakende \u00f8konomi, har ogs\u00e5 bidratt til at mange unge kinesere n\u00f8ler med \u00e5 gifte seg og stifte familie.<\/p>\n<p>(\u00a9NTB)<\/p>\n","protected":false},"excerpt":{"rendered":"(Nettavisen) Kondomer og p-piller ilegges n\u00e5 merverdiavgift p\u00e5 13 prosent, som er standardsatsen for de fleste forbruksvarer i&hellip;\n","protected":false},"author":2,"featured_media":126718,"comment_status":"","ping_status":"","sticky":false,"template":"","format":"standard","meta":{"footnotes":""},"categories":[12],"tags":[36,20,21,24,25,15,413,14885,22,23,13,30,28,29,14,16,14884,1510,26,27,412,42,43,44,45],"class_list":{"0":"post-126826","1":"post","2":"type-post","3":"status-publish","4":"format-standard","5":"has-post-thumbnail","7":"category-verden","8":"tag-art","9":"tag-breaking-news","10":"tag-breakingnews","11":"tag-featured-news","12":"tag-featurednews","13":"tag-headlines","14":"tag-kina","15":"tag-kondomer","16":"tag-latest-news","17":"tag-latestnews","18":"tag-news","19":"tag-no","20":"tag-norge","21":"tag-norway","22":"tag-nyheter","23":"tag-overskrifter","24":"tag-prevensjonsmidler","25":"tag-story","26":"tag-top-stories","27":"tag-topstories","28":"tag-utenriks","29":"tag-verden","30":"tag-world","31":"tag-world-news","32":"tag-worldnews"},"share_on_mastodon":{"url":"https:\/\/pubeurope.com\/@no\/115824604299134667","error":""},"_links":{"self":[{"href":"https:\/\/www.europesays.com\/no\/wp-json\/wp\/v2\/posts\/126826","targetHints":{"allow":["GET"]}}],"collection":[{"href":"https:\/\/www.europesays.com\/no\/wp-json\/wp\/v2\/posts"}],"about":[{"href":"https:\/\/www.europesays.com\/no\/wp-json\/wp\/v2\/types\/post"}],"author":[{"embeddable":true,"href":"https:\/\/www.europesays.com\/no\/wp-json\/wp\/v2\/users\/2"}],"replies":[{"embeddable":true,"href":"https:\/\/www.europesays.com\/no\/wp-json\/wp\/v2\/comments?post=126826"}],"version-history":[{"count":0,"href":"https:\/\/www.europesays.com\/no\/wp-json\/wp\/v2\/posts\/126826\/revisions"}],"wp:featuredmedia":[{"embeddable":true,"href":"https:\/\/www.europesays.com\/no\/wp-json\/wp\/v2\/media\/126718"}],"wp:attachment":[{"href":"https:\/\/www.europesays.com\/no\/wp-json\/wp\/v2\/media?parent=126826"}],"wp:term":[{"taxonomy":"category","embeddable":true,"href":"https:\/\/www.europesays.com\/no\/wp-json\/wp\/v2\/categories?post=126826"},{"taxonomy":"post_tag","embeddable":true,"href":"https:\/\/www.europesays.com\/no\/wp-json\/wp\/v2\/tags?post=126826"}],"curies":[{"name":"wp","href":"https:\/\/api.w.org\/{rel}","templated":true}]}}