{"id":126827,"date":"2026-01-02T08:39:12","date_gmt":"2026-01-02T08:39:12","guid":{"rendered":"https:\/\/www.europesays.com\/no\/126827\/"},"modified":"2026-01-02T08:39:12","modified_gmt":"2026-01-02T08:39:12","slug":"glatte-veier-pa-ostlandet-beregn-god-tid","status":"publish","type":"post","link":"https:\/\/www.europesays.com\/no\/126827\/","title":{"rendered":"Glatte veier p\u00e5 \u00d8stlandet: &#8211; Beregn god tid"},"content":{"rendered":"\n<p class=\"_lead_o9xde_2 _lead_xtcu6_50 layout-component text-serif-m layout-normal text-serif-l layout-component layout-wide layout-padded _wide_17hqh_1 layout-padded\">Sn\u00f8fall skaper glatte veier flere steder.  I nord fortsetter farevarselet for kraftig sn\u00f8fokk. <\/p>\n<p><img alt=\"Masse sn\u00f8 og kraftig vind i Oslo sentrum, fredag morgen.  Foto: Thomas Andreassen \/ VG\" class=\"_image_qp4xg_65 layout-component layout-wide\" data-fullscreen- data-track-element-type=\"Article image fullscreen\" data-track-name=\"ImageFullscreen\" fetchpriority=\"high\" decoding=\"sync\" loading=\"eager\" height=\"3024\" itemprop=\"image\"  src=\"https:\/\/www.europesays.com\/no\/wp-content\/uploads\/2026\/01\/d0dda6c5-5443-40e5-b661-fa8ba91537ae.jpeg\"  style=\"object-position:0% 0%\" width=\"3716\"\/>Masse sn\u00f8 og kraftig vind i Oslo sentrum, fredag morgen.  Foto: Thomas Andreassen \/ VG Oppdatert fredag 2. januar kl. 09:06     <\/p>\n<p class=\"_paragraph_o9xde_4 _paragraph_xtcu6_10 layout-component text-serif-m layout-normal text-serif-m layout-padded\">Bilistene m\u00e5 n\u00e5 avpasse farten og holde god avstand, sier trafikkoperat\u00f8r Arvid Walstr\u00f8m. Det er glatt flere steder p\u00e5 <a href=\"https:\/\/www.vg.no\/tag\/oestlandet?utm_source=vg-article&amp;utm_medium=auto-tagger&amp;utm_campaign=0pn7jE\" class=\"_link_o9xde_39\" rel=\"nofollow noopener\" target=\"_blank\">\u00d8stlandet<\/a> etter at det har kommet sn\u00f8. <\/p>\n<p>   <img decoding=\"async\" alt=\"Tips oss illustrasjon\" src=\"https:\/\/www.europesays.com\/no\/wp-content\/uploads\/2025\/10\/pssst-small.webp.webp\"\/>    <\/p>\n<p class=\"title-serif-s\">Har du tips?<\/p>\n<p class=\"text-sans-m\">Send oss informasjon, bilder eller video.<\/p>\n<p>  <a href=\"https:\/\/www.vg.no\/tips-oss\" rel=\"nofollow noopener\" target=\"_blank\"> Tips oss <\/a>   <\/p>\n<p class=\"_paragraph_o9xde_4 _paragraph_xtcu6_10 layout-component text-serif-m layout-normal text-serif-m layout-padded\">\u2013 Tilpass farten etter forholdene og beregn ekstra god tid, spesielt n\u00e5 i rushet, sier Walstr\u00f8m til VG i 6-tiden.<\/p>\n<p><img alt=\"Bildet er fra Ensj\u00f8 klokken 07.10, fredag morgen.  Foto: Thomas Andreassen \/ VG\" class=\"_image_qp4xg_65 layout-component layout-normal\" data-fullscreen- data-track-element-type=\"Article image fullscreen\" data-track-name=\"ImageFullscreen\" decoding=\"async\" loading=\"lazy\" height=\"3024\" itemprop=\"image\"  src=\"https:\/\/www.europesays.com\/no\/wp-content\/uploads\/2026\/01\/382ac98b-57f7-412b-ba68-2c648e766a8a.jpeg\"  style=\"object-position:0% 0%\" width=\"4032\"\/>Bildet er fra Ensj\u00f8 klokken 07.10, fredag morgen.  Foto: Thomas Andreassen \/ VG<\/p>\n<p class=\"_paragraph_o9xde_4 _paragraph_xtcu6_10 layout-component text-serif-m layout-normal text-serif-m layout-padded\">I morgentimene er det meldt om flere ulykker p\u00e5 \u00d8stlandet:<\/p>\n<ul class=\"_list_o9xde_3 _list_xtcu6_9 _unordered_o9xde_106 layout-component text-serif-m layout-normal text-serif-m layout-padded\">\n<li class=\"_item_o9xde_30\">Utenfor Mysen i Indre \u00d8stfold skled en bil ut av veien og inn i en hage. Der ble bilen liggende p\u00e5 siden. Ingen ble skadet. Politiet opplyser at det er glatt p\u00e5 veien. <\/li>\n<li class=\"_item_o9xde_30\">I Holmestrand kolliderte to personbiler p\u00e5 E18 ved Sande. Ingen ble skadet, og trafikken g\u00e5r som normalt. <\/li>\n<li class=\"_item_o9xde_30\">I Larvik hadde en bil snurret og kj\u00f8rt inn i autovernet p\u00e5 E18 ved Farrisbrua. Trafikken stod p\u00e5 stedet i omtrent en time, f\u00f8r veien ble \u00e5pnet igjen like f\u00f8r klokken 8. <\/li>\n<\/ul>\n<p>            <img decoding=\"async\" aria-describedby=\"veikamera0729011_1\" alt=\"E18 Hanekleiva nord. Retning T\u00f8nsberg. Webkamera: Statens vegvesen\" src=\"https:\/\/www.europesays.com\/no\/wp-content\/uploads\/2026\/01\/0729011_1.jpeg\" style=\"width: 100%\"\/><\/p>\n<p>                Det er glatt i blant annet Vestfold fredag morgen. P\u00e5 E18 har det v\u00e6rt mindre ulykker i morgentimene.  E18 Hanekleiva nord. Retning T\u00f8nsberg. Webkamera: Statens vegvesen<\/p>\n<p>        Oslo: Buss skled p\u00e5 glatta<\/p>\n<p class=\"_paragraph_o9xde_4 _paragraph_xtcu6_10 layout-component text-serif-m layout-normal text-serif-m layout-padded\">Vegtrafikksentralen har f\u00e5tt meldinger om at det er spesielt glatt p\u00e5 sm\u00e5veier i og rundt Oslo. Ogs\u00e5 noen av hovedveiene er ber\u00f8rt, men det er personell ute for \u00e5 br\u00f8yte.<\/p>\n<p class=\"_paragraph_o9xde_4 _paragraph_xtcu6_10 layout-component text-serif-m layout-normal text-serif-m layout-padded\">RuterRuterSelskapet som er ansvarlig for kollektivtrafikken i Oslo og Akershus.  opplyser til VG fredag morgen at kollektivtrafikken forel\u00f8pig stort sett g\u00e5r som normalt. <\/p>\n<p class=\"_paragraph_o9xde_4 _paragraph_xtcu6_10 layout-component text-serif-m layout-normal text-serif-m layout-padded\">\u2013 To linjer er delvis innstilt p\u00e5 grunn av f\u00f8ret. Det gjelder linjene til Gjerdrum og Nordre Follo. Det er sn\u00f8 og glatte veier, sier pressevakt i Ruter, Karoline Berg. <\/p>\n<p class=\"_paragraph_o9xde_4 _paragraph_xtcu6_10 layout-component text-serif-m layout-normal text-serif-m layout-padded\">Rundt klokken 8.45 var uhellet likevel ute: En ledbuss skled ved Oslo konserthus i Vika, slik at den blokkerte begge kj\u00f8refelt. Trafikken stod f\u00f8rst i begge retinger. <\/p>\n<p class=\"_paragraph_o9xde_4 _paragraph_xtcu6_10 layout-component text-serif-m layout-normal text-serif-m layout-padded\">Rett over klokken 9 bekrefter er bussen fjernet fra veien, opplyser pressevakt Berg. <\/p>\n<p><img alt=\"Ved avkj\u00f8ringen til Kampen i Oslo var det glatte kj\u00f8reforhold.   Foto: Thomas Andreassen \/ VG\" class=\"_image_qp4xg_65 layout-component layout-normal\" data-fullscreen- data-track-element-type=\"Article image fullscreen\" data-track-name=\"ImageFullscreen\" decoding=\"async\" loading=\"lazy\" height=\"3024\" itemprop=\"image\"  src=\"https:\/\/www.europesays.com\/no\/wp-content\/uploads\/2026\/01\/50bf4537-4cfd-4941-80ec-0b5214d2903a.jpeg\"  style=\"object-position:0% 0%\" width=\"3693\"\/>Ved avkj\u00f8ringen til Kampen i Oslo var det glatte kj\u00f8reforhold.   Foto: Thomas Andreassen \/ VGNAF: \u2013 Stress ned<\/p>\n<p class=\"_paragraph_o9xde_4 _paragraph_xtcu6_10 layout-component text-serif-m layout-normal text-serif-m layout-padded\">NAF har et klart r\u00e5d til alle som skal ut p\u00e5 veien: <\/p>\n<p class=\"_paragraph_o9xde_4 _paragraph_xtcu6_10 layout-component text-serif-m layout-normal text-serif-m layout-padded\">\u2013 Stress ned, du kommer ikke fortere frem selv om pulsen \u00f8ker, sier NAF-r\u00e5dgiver Jan Harry Svendsen i en pressemelding fredag morgen. <\/p>\n<p class=\"_paragraph_o9xde_4 _paragraph_xtcu6_10 layout-component text-serif-m layout-normal text-serif-m layout-padded\">NAF er en norsk bilorgansiasjon med 500.000 medemmer. <\/p>\n<p class=\"_paragraph_o9xde_4 _paragraph_xtcu6_10 layout-component text-serif-m layout-normal text-serif-m layout-padded\">Svendsen ber alle forberede seg p\u00e5 k\u00f8. Han minner om \u00e5 f\u00f8lge fartsgrensen og holde avstand til bilen foran seg. <\/p>\n<p class=\"_paragraph_o9xde_4 _paragraph_xtcu6_10 layout-component text-serif-m layout-normal text-serif-m layout-padded\">\u2013 Mange irriterer seg over biler som ligger tett p\u00e5 bak seg. S\u00e5 vis hensyn og hold avstand. Slipp ogs\u00e5 andre inn p\u00e5 veien, s\u00e5 bidrar du til bedre flyt i trafikken for alle, sier Svendsen. <\/p>\n<p>Troms: Farevarsel for sn\u00f8fokk<\/p>\n<p class=\"_paragraph_o9xde_4 _paragraph_xtcu6_10 layout-component text-serif-m layout-normal text-serif-m layout-padded\">1. nytt\u00e5rsdag sendte Meteorologisk institutt ut gult farevarsel for kraftig sn\u00f8fokksn\u00f8fokkSn\u00f8fokk er sn\u00f8 som i sterk vind virvles opp fra bakken i slike mengder at synsvidden blir nedsatt. for deler av Troms og Vester\u00e5len.<\/p>\n<p class=\"_paragraph_o9xde_4 _paragraph_xtcu6_10 layout-component text-serif-m layout-normal text-serif-m layout-padded\">Farevarselet st\u00e5r seg ogs\u00e5 2. nytt\u00e5rsdag, men faren skal minke fra og med klokken 13. <\/p>\n<p><img alt=\"Slik ser sn\u00f8varselet ut fredag.   Foto: Windy\" class=\"_image_qp4xg_65 layout-component layout-normal\" data-fullscreen- data-track-element-type=\"Article image fullscreen\" data-track-name=\"ImageFullscreen\" decoding=\"async\" loading=\"lazy\" height=\"735\" itemprop=\"image\"  src=\"https:\/\/www.europesays.com\/no\/wp-content\/uploads\/2026\/01\/d8242b1e-3067-4805-ba38-9257f2de7a05.jpeg\"  style=\"object-position:0% 0%\" width=\"867\"\/>Slik ser sn\u00f8varselet ut fredag.   Foto: Windy    <img decoding=\"async\" alt=\"Tips oss illustrasjon\" src=\"https:\/\/www.europesays.com\/no\/wp-content\/uploads\/2025\/10\/pssst-small.webp.webp\"\/>    <\/p>\n<p class=\"title-serif-s\">Har du tips?<\/p>\n<p class=\"text-sans-m\">Send oss informasjon, bilder eller video.<\/p>\n<p>  <a href=\"https:\/\/www.vg.no\/tips-oss\" rel=\"nofollow noopener\" target=\"_blank\"> Tips oss <\/a>      <\/p>\n","protected":false},"excerpt":{"rendered":"Sn\u00f8fall skaper glatte veier flere steder. I nord fortsetter farevarselet for kraftig sn\u00f8fokk. Masse sn\u00f8 og kraftig vind&hellip;\n","protected":false},"author":2,"featured_media":126828,"comment_status":"","ping_status":"","sticky":false,"template":"","format":"standard","meta":{"footnotes":""},"categories":[10],"tags":[20,21,24,25,15,22,23,13,30,28,29,14,16,5853,26,27,224,46],"class_list":{"0":"post-126827","1":"post","2":"type-post","3":"status-publish","4":"format-standard","5":"has-post-thumbnail","7":"category-norge","8":"tag-breaking-news","9":"tag-breakingnews","10":"tag-featured-news","11":"tag-featurednews","12":"tag-headlines","13":"tag-latest-news","14":"tag-latestnews","15":"tag-news","16":"tag-no","17":"tag-norge","18":"tag-norway","19":"tag-nyheter","20":"tag-overskrifter","21":"tag-ostlandet","22":"tag-top-stories","23":"tag-topstories","24":"tag-trafikk","25":"tag-vgai"},"share_on_mastodon":{"url":"https:\/\/pubeurope.com\/@no\/115824608124292207","error":""},"_links":{"self":[{"href":"https:\/\/www.europesays.com\/no\/wp-json\/wp\/v2\/posts\/126827","targetHints":{"allow":["GET"]}}],"collection":[{"href":"https:\/\/www.europesays.com\/no\/wp-json\/wp\/v2\/posts"}],"about":[{"href":"https:\/\/www.europesays.com\/no\/wp-json\/wp\/v2\/types\/post"}],"author":[{"embeddable":true,"href":"https:\/\/www.europesays.com\/no\/wp-json\/wp\/v2\/users\/2"}],"replies":[{"embeddable":true,"href":"https:\/\/www.europesays.com\/no\/wp-json\/wp\/v2\/comments?post=126827"}],"version-history":[{"count":0,"href":"https:\/\/www.europesays.com\/no\/wp-json\/wp\/v2\/posts\/126827\/revisions"}],"wp:featuredmedia":[{"embeddable":true,"href":"https:\/\/www.europesays.com\/no\/wp-json\/wp\/v2\/media\/126828"}],"wp:attachment":[{"href":"https:\/\/www.europesays.com\/no\/wp-json\/wp\/v2\/media?parent=126827"}],"wp:term":[{"taxonomy":"category","embeddable":true,"href":"https:\/\/www.europesays.com\/no\/wp-json\/wp\/v2\/categories?post=126827"},{"taxonomy":"post_tag","embeddable":true,"href":"https:\/\/www.europesays.com\/no\/wp-json\/wp\/v2\/tags?post=126827"}],"curies":[{"name":"wp","href":"https:\/\/api.w.org\/{rel}","templated":true}]}}