{"id":126836,"date":"2026-01-02T08:49:07","date_gmt":"2026-01-02T08:49:07","guid":{"rendered":"https:\/\/www.europesays.com\/no\/126836\/"},"modified":"2026-01-02T08:49:07","modified_gmt":"2026-01-02T08:49:07","slug":"will-smith-saksokt-for-seksuell-trakassering-blanekter","status":"publish","type":"post","link":"https:\/\/www.europesays.com\/no\/126836\/","title":{"rendered":"Will Smith saks\u00f8kt for seksuell trakassering: Bl\u00e5nekter"},"content":{"rendered":"\n<p class=\"_lead_o9xde_2 _lead_xtcu6_50 layout-component text-serif-m layout-normal text-serif-l layout-component layout-wide layout-padded _wide_17hqh_1 layout-padded\">En fiolinist anklager Will Smith (57) for \u00e5 ha \u00abgroomet\u00bb ham. Smith nekter for beskyldningene.<\/p>\n<p><img alt=\"Will Smith i Rio de Janeiro i september 2025. Foto: DANIEL RAMALHO \/ AFP \/ NTB\" class=\"_image_qp4xg_65 layout-component layout-wide\" data-fullscreen- data-track-element-type=\"Article image fullscreen\" data-track-name=\"ImageFullscreen\" fetchpriority=\"high\" decoding=\"sync\" loading=\"eager\" height=\"1863\" itemprop=\"image\"  src=\"https:\/\/www.europesays.com\/no\/wp-content\/uploads\/2026\/01\/266a3463-1f02-440a-a7dc-4708f199db38.jpeg\"  style=\"object-position:0% 0%\" width=\"2484\"\/>Will Smith i Rio de Janeiro i september 2025. Foto: DANIEL RAMALHO \/ AFP \/ NTB<\/p>\n<ul aria-hidden=\"true\" class=\"_images_ntbth_112\">\n<li><a class=\"_link_ntbth_117\" href=\"https:\/\/www.vg.no\/forfatter\/catherine-gonsholt-ighanian\" style=\"z-index:1\" title=\"Catherine Gonsholt Ighanian\" rel=\"nofollow noopener\" target=\"_blank\"><img alt=\"Bilde av Catherine Gonsholt Ighanian\" class=\"_image_ntbth_93\" fetchpriority=\"low\" loading=\"lazy\" decoding=\"async\" itemprop=\"image\"  src=\"https:\/\/www.europesays.com\/no\/wp-content\/uploads\/2026\/01\/1767343747_731_72dca32d-ee6f-474c-a50e-72a9bb49f38a.jpeg\"  width=\"480\"\/><\/a><\/li>\n<\/ul>\n<p> Oppdatert fredag 2. januar kl. 09:30    <\/p>\n<ul class=\"_list_o9xde_3 _list_64s2r_85 _unordered_o9xde_106 text-sans-m\">\n<li class=\"_item_o9xde_30\">Fiolinisten Brian King Joseph saks\u00f8ker Will Smith for seksuell trakassering og urettmessig oppsigelse.<\/li>\n<li class=\"_item_o9xde_30\">Joseph hevder Smith \u00abgroomet\u00bb ham etter \u00e5 ha invitert ham til \u00e5 bli med p\u00e5 verdensturneen \u00abBased on a True Story: 2025\u00bb.<\/li>\n<li class=\"_item_o9xde_30\">Smiths advokat avviser beskyldningene som grunnl\u00f8se og hensynsl\u00f8se.<\/li>\n<\/ul>\n<p>Vis mer <\/p>\n<p class=\"_paragraph_o9xde_4 _paragraph_xtcu6_10 layout-component text-serif-m layout-normal text-serif-m layout-padded\">Skuespilleren <a href=\"https:\/\/www.vg.no\/tag\/will-smith?utm_source=vg-article&amp;utm_medium=auto-tagger&amp;utm_campaign=rrA1Ew\" class=\"_link_o9xde_39\" rel=\"nofollow noopener\" target=\"_blank\">Will Smith<\/a> (57) blir saks\u00f8kt av fiolinist Brian King Joseph (33) for seksuell trakassering, urettmessig oppsigelseurettmessig oppsigelseDette betyr at en person hevder \u00e5 ha blitt sparket fra jobben sin uten en gyldig eller lovlig grunn. og hevn, melder <a href=\"https:\/\/people.com\/will-smith-sued-by-violinist-brian-king-joseph-sexual-harassment-11877805\" class=\"_link_o9xde_39\" rel=\"nofollow noopener\" target=\"_blank\">People<\/a>, <a href=\"https:\/\/www.nbcnews.com\/pop-culture\/celebrity\/will-smith-sued-allegations-retaliated-violinist-reported-sexual-haras-rcna251853\" class=\"_link_o9xde_39\" rel=\"nofollow noopener\" target=\"_blank\">NBC News<\/a>, <a href=\"https:\/\/www.foxnews.com\/entertainment\/will-smith-sued-sexual-harassment-accused-deliberately-grooming-tour-violinist\" class=\"_link_o9xde_39\" rel=\"nofollow noopener\" target=\"_blank\">Fox News<\/a> og andre medier.<\/p>\n<p class=\"_paragraph_o9xde_4 _paragraph_xtcu6_10 layout-component text-serif-m layout-normal text-serif-m layout-padded\">Joseph leverte s\u00f8ksm\u00e5let til retten i Los Angeles tirsdag 30. desember.<\/p>\n<p class=\"_paragraph_o9xde_4 _paragraph_xtcu6_10 layout-component text-serif-m layout-normal text-serif-m layout-padded\">S\u00f8ksm\u00e5let er i tillegg rettet mot Smiths selskap Treyball Studios Management.<\/p>\n<p>P\u00e5stander<\/p>\n<p class=\"_paragraph_o9xde_4 _paragraph_xtcu6_10 layout-component text-serif-m layout-normal text-serif-m layout-padded\">Joseph hevder at Smith \u00abbevisst groometgroometGrooming refererer til prosessen der en person bygger et tillitsforhold med noen, ofte med den hensikt \u00e5 utnytte dem seksuelt. og forberedte Joseph for seksuell utnyttelse\u00bb etter at Smith inviterte musikeren til \u00e5 bli med p\u00e5 verdensturneen \u00abBased on a True Story: 2025\u00bb i november 2024.<\/p>\n<p class=\"_paragraph_o9xde_4 _paragraph_xtcu6_10 layout-component text-serif-m layout-normal text-serif-m layout-padded\">Turn\u00e9tilbudet skal ha kommet etter at Joseph hadde spilt p\u00e5 \u00e9n konsert med Smith.<\/p>\n<p class=\"_paragraph_o9xde_4 _paragraph_xtcu6_10 layout-component text-serif-m layout-normal text-serif-m layout-padded\">Joseph hevder at forholdet deres \u00abble enda tettere\u00bb etter at Smith ga ham muligheten til \u00e5 spille p\u00e5 flere l\u00e5ter p\u00e5 rapperens siste album, skriver Fox News. <\/p>\n<p class=\"_paragraph_o9xde_4 _paragraph_xtcu6_10 layout-component text-serif-m layout-normal text-serif-m layout-padded\">\u00abSmith og saks\u00f8ker begynte \u00e5 tilbringe mer tid alene sammen, og Smith skal ha sagt til saks\u00f8ker: \u00abDu og jeg har en spesiell forbindelse, som jeg ikke har med noen andre\u00bb, samt andre lignende uttalelser\u00bb heter det i rettsdokumentene.<\/p>\n<p>\u2013 Falske anklager<\/p>\n<p class=\"_paragraph_o9xde_4 _paragraph_xtcu6_10 layout-component text-serif-m layout-normal text-serif-m layout-padded\">Smiths advokat Allen B. Grodsky avviser beskyldningene overfor <a href=\"https:\/\/people.com\/will-smith-sued-by-violinist-brian-king-joseph-sexual-harassment-11877805\" class=\"_link_o9xde_39\" rel=\"nofollow noopener\" target=\"_blank\">People<\/a>:<\/p>\n<p class=\"_paragraph_o9xde_4 _paragraph_xtcu6_10 layout-component text-serif-m layout-normal text-serif-m layout-padded\"><strong class=\"_strong_o9xde_25\">\u2013 Anklagene mot min klient er falske, grunnl\u00f8se og hensynsl\u00f8se. Alt benektes p\u00e5 det sterkeste.<\/strong><\/p>\n<p class=\"_paragraph_o9xde_4 _paragraph_xtcu6_10 layout-component text-serif-m layout-normal text-serif-m layout-padded\">I mars 2025 skal Joseph ha oppdaget at noen hadde v\u00e6rt inne p\u00e5 hotellrommet hans i Las Vegas, uten at det var tegn til innbrudd. <\/p>\n<p class=\"_paragraph_o9xde_4 _paragraph_xtcu6_10 layout-component text-serif-m layout-normal text-serif-m layout-padded\">If\u00f8lge s\u00f8ksm\u00e5let skal fiolinisten ha funnet en h\u00e5ndskrevet lapp med teksten \u00abBrian, I&#8217;ll be back &#8230; just us\u00bb signert \u00abStone F\u00bb, samt v\u00e5tservietter og diverse andre ting.<\/p>\n<p class=\"_paragraph_o9xde_4 _paragraph_xtcu6_10 layout-component text-serif-m layout-normal text-serif-m layout-padded\">\u00abJoseph fryktet at en ukjent person snart ville komme tilbake til rommet hans for \u00e5 ha sex med ham\u00bb, st\u00e5r det i s\u00f8ksm\u00e5let.<\/p>\n<p class=\"_paragraph_o9xde_4 _paragraph_xtcu6_10 layout-component text-serif-m layout-normal text-serif-m layout-padded\">Musikeren anklager Smiths apparat for ikke \u00e5 ha s\u00f8rget for \u00e5 beskytte ham.<\/p>\n<p><img alt=\"Will Smith i Spania i august 2025.  Foto: Carlos Barba \/ EPA \/ NTB\" class=\"_image_qp4xg_65 layout-component layout-normal\" data-fullscreen- data-track-element-type=\"Article image fullscreen\" data-track-name=\"ImageFullscreen\" decoding=\"async\" loading=\"lazy\" height=\"1366\" itemprop=\"image\"  src=\"https:\/\/www.europesays.com\/no\/wp-content\/uploads\/2026\/01\/252f005f-fff7-4f0d-a175-bb6295a26415.png\"  style=\"object-position:0% 0%\" width=\"2048\"\/>Will Smith i Spania i august 2025.  Foto: Carlos Barba \/ EPA \/ NTB<\/p>\n<p class=\"_paragraph_o9xde_4 _paragraph_xtcu6_10 layout-component text-serif-m layout-normal text-serif-m layout-padded\">Etter at Joseph rapporterte hendelsen til hotellpersonalet, politi og Smiths ledelse, ble han if\u00f8lge s\u00f8ksm\u00e5let sparket fra turneen. <\/p>\n<p class=\"_paragraph_o9xde_4 _paragraph_xtcu6_10 layout-component text-serif-m layout-normal text-serif-m layout-padded\">En ansatt i crewet skal i tillegg ha svertet ryktet hans og beskyldt ham for \u00e5 lyve, st\u00e5r det i s\u00f8ksm\u00e5let.<\/p>\n<p class=\"_paragraph_o9xde_4 _paragraph_xtcu6_10 layout-component text-serif-m layout-normal text-serif-m layout-padded\">En ny fiolinist ble s\u00e5 hyret inn.<\/p>\n<p class=\"_paragraph_o9xde_4 _paragraph_xtcu6_10 layout-component text-serif-m layout-normal text-serif-m layout-padded\"><strong class=\"_strong_o9xde_25\">\u2013 Vi vil bruke alle mulige rettslige skritt for \u00e5 belyse p\u00e5standene og sikre at sannheten kommer frem, sier Smiths advokat. <\/strong><\/p>\n<p class=\"_paragraph_o9xde_4 _paragraph_xtcu6_10 layout-component text-serif-m layout-normal text-serif-m layout-padded\">Joseph, som i 2018 kom til finalen i \u00abAmerica&#8217;s Got Talent\u00bb, sier at han har lidd \u00f8konomisk tap, samt at han sliter med nervene og et p\u00e5st\u00e5tt svertet omd\u00f8mme etter at han ble sparket.<\/p>\n<p>Nylig i Norge<\/p>\n<p class=\"_paragraph_o9xde_4 _paragraph_xtcu6_10 layout-component text-serif-m layout-normal text-serif-m layout-padded\">Smith, kjent for hitl\u00e5ter som \u00abWild Wild West\u00bb, \u00abSummertime\u00bb og \u00abBoom! Shake the Room\u00bb, opptr\u00e5dte i Norge i sommer, n\u00e6rmere bestemt p\u00e5 Ypsilon-festivalen i Drammen.<\/p>\n<p class=\"_paragraph_o9xde_4 _paragraph_xtcu6_10 layout-component text-serif-m layout-normal text-serif-m layout-padded\">Da holdt han sin f\u00f8rste konsert i Norge.<\/p>\n<p class=\"_paragraph_o9xde_4 _paragraph_xtcu6_10 layout-component text-serif-m layout-normal text-serif-m layout-padded\">I et <a href=\"https:\/\/www.vg.no\/rampelys\/i\/Gykldl\/will-smith-til-vg-det-er-sproett\" data-track-element-type=\"Link\" data-track-id=\"link:Gykldl\" class=\"_link_o9xde_39\" rel=\"nofollow noopener\" target=\"_blank\">eksklusivt intervju med VG<\/a> fortalte han hvorfor han liker bedre \u00e5 v\u00e6re artist enn filmstjerne.<\/p>\n<p class=\"_paragraph_o9xde_4 _paragraph_xtcu6_10 layout-component text-serif-m layout-normal text-serif-m layout-padded\">Samtidig fikk denne nordmannen hilse p\u00e5 stjernen, og <a href=\"https:\/\/www.vg.no\/rampelys\/i\/LMwolx\/norske-alexander-laerte-will-smith-tegnspraak\" data-track-element-type=\"Link\" data-track-id=\"link:LMwolx\" class=\"_link_o9xde_39\" rel=\"nofollow noopener\" target=\"_blank\">s\u00e5nn gikk det til<\/a>:<\/p>\n<p class=\"_paragraph_o9xde_4 _paragraph_xtcu6_10 layout-component text-serif-m layout-normal text-serif-m layout-padded\">Men det er f\u00f8rst og fremst som skuespiller Will Smith er ber\u00f8mt. <\/p>\n<p class=\"_paragraph_o9xde_4 _paragraph_xtcu6_10 layout-component text-serif-m layout-normal text-serif-m layout-padded\">Gjennom en lang karriere har Smith markert seg i filmer som \u00abBad Boys\u00bb, \u00abI Am Legend\u00bb og \u00abHancock\u00bb.<\/p>\n<p class=\"_paragraph_o9xde_4 _paragraph_xtcu6_10 layout-component text-serif-m layout-normal text-serif-m layout-padded\">I 2009 var han og kona, Jada Pinkett Smith, verter for Nobels fredspriskonsert i Oslo:<\/p>\n<p>Les ogs\u00e5<\/p>\n","protected":false},"excerpt":{"rendered":"En fiolinist anklager Will Smith (57) for \u00e5 ha \u00abgroomet\u00bb ham. Smith nekter for beskyldningene. Will Smith i&hellip;\n","protected":false},"author":2,"featured_media":126837,"comment_status":"","ping_status":"","sticky":false,"template":"","format":"standard","meta":{"footnotes":""},"categories":[58],"tags":[71,80,221,30,28,29,72,46,1051],"class_list":{"0":"post-126836","1":"post","2":"type-post","3":"status-publish","4":"format-standard","5":"has-post-thumbnail","7":"category-underholdning","8":"tag-entertainment","9":"tag-hollywood","10":"tag-musikk","11":"tag-no","12":"tag-norge","13":"tag-norway","14":"tag-underholdning","15":"tag-vgai","16":"tag-will-smith"},"share_on_mastodon":{"url":"https:\/\/pubeurope.com\/@no\/115824647415020715","error":""},"_links":{"self":[{"href":"https:\/\/www.europesays.com\/no\/wp-json\/wp\/v2\/posts\/126836","targetHints":{"allow":["GET"]}}],"collection":[{"href":"https:\/\/www.europesays.com\/no\/wp-json\/wp\/v2\/posts"}],"about":[{"href":"https:\/\/www.europesays.com\/no\/wp-json\/wp\/v2\/types\/post"}],"author":[{"embeddable":true,"href":"https:\/\/www.europesays.com\/no\/wp-json\/wp\/v2\/users\/2"}],"replies":[{"embeddable":true,"href":"https:\/\/www.europesays.com\/no\/wp-json\/wp\/v2\/comments?post=126836"}],"version-history":[{"count":0,"href":"https:\/\/www.europesays.com\/no\/wp-json\/wp\/v2\/posts\/126836\/revisions"}],"wp:featuredmedia":[{"embeddable":true,"href":"https:\/\/www.europesays.com\/no\/wp-json\/wp\/v2\/media\/126837"}],"wp:attachment":[{"href":"https:\/\/www.europesays.com\/no\/wp-json\/wp\/v2\/media?parent=126836"}],"wp:term":[{"taxonomy":"category","embeddable":true,"href":"https:\/\/www.europesays.com\/no\/wp-json\/wp\/v2\/categories?post=126836"},{"taxonomy":"post_tag","embeddable":true,"href":"https:\/\/www.europesays.com\/no\/wp-json\/wp\/v2\/tags?post=126836"}],"curies":[{"name":"wp","href":"https:\/\/api.w.org\/{rel}","templated":true}]}}