{"id":126838,"date":"2026-01-02T08:53:07","date_gmt":"2026-01-02T08:53:07","guid":{"rendered":"https:\/\/www.europesays.com\/no\/126838\/"},"modified":"2026-01-02T08:53:07","modified_gmt":"2026-01-02T08:53:07","slug":"barnehage-melder-innbrudd-dagen-etter-at-dokumenter-ble-etterspurt","status":"publish","type":"post","link":"https:\/\/www.europesays.com\/no\/126838\/","title":{"rendered":"Barnehage melder innbrudd dagen etter at dokumenter ble etterspurt"},"content":{"rendered":"<p><strong>En somalisk-drevet barnehage i Minneapolis melder om innbrudd hvor fremm\u00f8telister ble stj\u00e5let \u2013 bare \u00e9n dag etter at helsemyndighetene ba om dem. Mange stiller sp\u00f8rsm\u00e5l ved tilfeldigheten.<\/strong><\/p>\n<p>En barnehage i Minneapolis som er under granskning for mulig svindel, melder om et innbrudd hvor viktige dokumenter skal ha blitt stj\u00e5let. Timingen vekker oppsikt: Innbruddet skjedde dagen etter at helsemyndighetene formelt etterspurte de samme dokumentene.<\/p>\n<p><strong>Br\u00f8t seg gjennom betongvegg<\/strong><\/p>\n<p>Eierne av Nick Ohm Use Daycare hevder at overv\u00e5kingskameraer fanget opp to menn som br\u00f8t seg inn i bygningen ved \u00e5 \u00f8delegge en yttervegg av betongblokker, kr\u00f8p gjennom veggen og tok seg inn p\u00e5 kontoret.<\/p>\n<p>If\u00f8lge barnehagens representanter ble forretningsdokumenter stj\u00e5let, inkludert personopplysninger om barna som g\u00e5r der og \u2013 kritisk nok \u2013 fremm\u00f8telister.<\/p>\n<p>\u00ab\u00c9n video laget av et spesifikt individ (<a href=\"https:\/\/x.com\/nickshirleyy\/status\/2004642794862961123?ref_src=twsrc%5Etfw%7Ctwcamp%5Etweetembed%7Ctwterm%5E2004925559688888913%7Ctwgr%5Efa5b528bf45350c63db9fb642af4174d53c4aa36%7Ctwcon%5Es3_&amp;ref_url=https%3A%2F%2Finyheter.no%2F29%2F12%2F2025%2Fbarnehager-som-ikke-eksisterer-fbi-etterforsker-svindel-i-somalisk-miljo%2F\" rel=\"nofollow\">Nick shirley<\/a>) fikk alt dette til \u00e5 skje. I g\u00e5r var det v\u00e5r barnehage, i morgen kan det v\u00e6re noen andres. Vi vet ikke. Dette m\u00e5 stoppes,\u00bb sa barnehagens leder under en pressekonferanse.<\/p>\n<blockquote class=\"twitter-tweet\" data-media-max-width=\"560\">\n<p lang=\"en\" dir=\"ltr\">\ud83d\udea8 BREAKING: People are calling BS on this Somali Minneapolis daycare manager blaming NICK SHIRLEY for a &laquo;break in&raquo; where &laquo;documents&raquo; got stolen<\/p>\n<p>&laquo;We don&#8217;t know why this is targeting our Somali community. One video [from Nick Shirley] made this all happen!&raquo;<\/p>\n<p>&laquo;Our office doors was\u2026 <a href=\"https:\/\/t.co\/rlVozrhNoJ\" rel=\"nofollow\">pic.twitter.com\/rlVozrhNoJ<\/a><\/p>\n<p>\u2014 Eric Daugherty (@EricLDaugh) <a href=\"https:\/\/twitter.com\/EricLDaugh\/status\/2006414781239144569?ref_src=twsrc%5Etfw\" rel=\"nofollow noopener\" target=\"_blank\">December 31, 2025<\/a><\/p><\/blockquote>\n<p><strong>Timing vekker mistanke<\/strong><\/p>\n<p>Det som f\u00e5r mange til \u00e5 reagere, er tidspunktet for innbruddet. Barnehagen var en av flere titalls barnehager som ble flagget for granskning etter \u00e5 ha mottatt flere millioner dollar i f\u00f8derale midler til tross for gjentatte brudd p\u00e5 regelverket.<\/p>\n<p>En tjenestemann i det amerikanske helsedepartementet (HHS), som denne <a href=\"https:\/\/inyheter.no\/31\/12\/2025\/grov-barnehagesvindel-vi-har-skrudd-igjen-pengekranen\/\" rel=\"nofollow noopener\" target=\"_blank\">uken stoppet f\u00f8deral finansiering<\/a> til barnehager i Minnesota, kommenterte saken p\u00e5 sosiale medier: \u00abMerkelig tilfeldighet at fremm\u00f8telister forsvinner \u00e9n dag etter at HHS-sekret\u00e6ren ba om dem fra delstaten Minnesota.\u00bb<\/p>\n<p><img loading=\"lazy\" decoding=\"async\" width=\"1024\" height=\"393\" src=\"data:image\/svg+xml,%3Csvg%20xmlns=\" http:=\"\" alt=\"\" class=\"wp-image-165782\" data-lazy- data-lazy- data-lazy-src=\"https:\/\/www.europesays.com\/no\/wp-content\/uploads\/2026\/01\/Screenshot-2026-01-02-101638-1024x393.png\"\/><\/p>\n<p>Minneapolis-politiet etterforsker innbruddet, men flere stiller sp\u00f8rsm\u00e5l ved om det kan v\u00e6re en fors\u00f8k p\u00e5 \u00e5 skjule dokumentbevis.<\/p>\n<p><strong>Milliardsvindel under granskning<\/strong><\/p>\n<p>Saken m\u00e5 sees i sammenheng med det som beskrives som en av USAs st\u00f8rste svindelsaker noensinne. Etter at en viral dokumentar avdekket omfattende misbruk av barnehage-midler i Minnesota, har b\u00e5de FBI og f\u00f8derale myndigheter igangsatt granskning av det p\u00e5st\u00e5tte om kan v\u00e6re opptil 9 milliarder dollar i svindel.<\/p>\n<blockquote class=\"twitter-tweet\" data-media-max-width=\"560\">\n<p lang=\"en\" dir=\"ltr\">\ud83d\udea8 Here is the full 42 minutes of my crew and I exposing Minnesota fraud, this might be my most important work yet. We uncovered over $110,000,000 in ONE day. Like it and share it around like wildfire! Its time to hold these corrupt politicians and fraudsters accountable<\/p>\n<p>We ALL\u2026 <a href=\"https:\/\/t.co\/E3Penx2o7a\" rel=\"nofollow\">pic.twitter.com\/E3Penx2o7a<\/a><\/p>\n<p>\u2014 Nick shirley (@nickshirleyy) <a href=\"https:\/\/twitter.com\/nickshirleyy\/status\/2004642794862961123?ref_src=twsrc%5Etfw\" rel=\"nofollow noopener\" target=\"_blank\">December 26, 2025<\/a><\/p><\/blockquote>\n<p>Tidligere denne uken fr\u00f8s Trump-administrasjonen over 190 millioner dollar i f\u00f8deral finansiering til barnehager i delstaten.<\/p>\n<p><strong>Les ogs\u00e5: <a href=\"https:\/\/inyheter.no\/01\/01\/2026\/trump-lover-handling-etter-sosialtjenestesvindel-i-minnesota\/\" rel=\"nofollow noopener\" target=\"_blank\">Trump lover handling etter sosialtjenestesvindel i Minnesota<\/a><\/strong><\/p>\n<p>Kongressmedlem og s\u00f8nn av en FBI-agent <a href=\"https:\/\/youtu.be\/Vm3JmvbrQpI?t=212\" rel=\"nofollow noopener\" target=\"_blank\">sammenligner saken <\/a>med organisert kriminalitet: \u00abDette er ingenting mindre enn organisert kriminalitet. Dette er hva mafiaen gj\u00f8r. De stjeler, de lyver, de jukser.\u00bb<\/p>\n<p><strong>F\u00e5 kj\u00f8per forklaringen<\/strong><\/p>\n<p>P\u00e5 sosiale <a href=\"https:\/\/youtu.be\/Vm3JmvbrQpI\" rel=\"nofollow noopener\" target=\"_blank\">medier m\u00f8tes barnehagens<\/a> innbruddshistorie med massiv skepsis. En video fra Fox News om saken har f\u00e5tt tusenvis av kommentarer:<\/p>\n<p>\u00abIngen er dumme nok til \u00e5 tro at de br\u00f8t seg inn for \u00e5 stjele fremm\u00f8telister. Kutt all finansiering,\u00bb\u00a0skriver \u00e9n.<\/p>\n<p>\u00abDette er s\u00e5 \u00e5penbart at det ikke engang er morsomt,\u00bb\u00a0kommenterer en annen.<\/p>\n<p>\u00ab\u00c5 iscenesette en forbrytelse er en forbrytelse,\u00bb\u00a0p\u00e5peker en tredje.<\/p>\n<p>\u00abFengsle dem for \u00e5 ha gitt falsk anmeldelse til politiet mens vi holder p\u00e5,\u00bb\u00a0foresl\u00e5r en fjerde.<\/p>\n<p>Reaksjonene p\u00e5 <a href=\"https:\/\/x.com\/EricLDaugh\/status\/2006414781239144569\" rel=\"nofollow\">X er massive <\/a>og hovedsakelig skeptiske:<\/p>\n<ul class=\"wp-block-list\">\n<li>Mange kaller det en \u00e5penbar hoax eller inside job for \u00e5 destruere bevis midt i en stor f\u00f8deral svindelunders\u00f8kelse (milliarder i misbrukte velferdspenger).<\/li>\n<li>Politiet bekreftet innbrudd\/vandalisme, men innledningsvis rapporterte de at ingenting var stj\u00e5let \u2013 senere kom p\u00e5standene om dokumentene.<\/li>\n<li>Hullet i veggen ser ut til \u00e5 v\u00e6re kuttet fra innsiden, og ingen tror p\u00e5 at en tyv ville vite akkurat hvor dokumentene l\u00e5 og bare stjele dem.<\/li>\n<li>Manageren ble kritisert for \u00e5 bruke $2500 designerbriller mens han klaget over tyveri.<\/li>\n<\/ul>\n<p><strong>Politisk spill<\/strong><\/p>\n<p>Minnesotans demokratiske guvern\u00f8r Tim Walz, <a href=\"https:\/\/inyheter.no\/29\/12\/2025\/walz-avviser-anklager-om-omfattende-barnehagesvindel\/\" rel=\"nofollow noopener\" target=\"_blank\">forsvarer delstatens h\u00e5ndtering <\/a>av saken og anklager Trump-administrasjonen for \u00e5 bruke svindelen politisk.<\/p>\n<p>Walz og delstatsadvokat Keith Ellison er kalt inn til h\u00f8ring i Kongressen i februar, hvor de vil bli spurt om hvorfor svindelen ikke ble stoppet tidligere.<\/p>\n<p>Republikanerne hevder at demokratene i Minnesota i \u00e5revis har sett gjennom fingrene med problemet, og at det er f\u00f8rst n\u00e5 med f\u00f8deral inngripen at saken blir tatt p\u00e5 alvor.<\/p>\n<p>Politiet i Minneapolis opplyser at etterforskningen av innbruddet p\u00e5g\u00e5r.<\/p>\n<p><script async src=\"https:\/\/platform.twitter.com\/widgets.js\" charset=\"utf-8\"><\/script><\/p>\n","protected":false},"excerpt":{"rendered":"En somalisk-drevet barnehage i Minneapolis melder om innbrudd hvor fremm\u00f8telister ble stj\u00e5let \u2013 bare \u00e9n dag etter at&hellip;\n","protected":false},"author":2,"featured_media":126839,"comment_status":"","ping_status":"","sticky":false,"template":"","format":"standard","meta":{"footnotes":""},"categories":[12],"tags":[2254,20,21,24,25,15,22,23,2119,13,30,28,29,14,16,1441,26,27,42,43,44,45],"class_list":{"0":"post-126838","1":"post","2":"type-post","3":"status-publish","4":"format-standard","5":"has-post-thumbnail","7":"category-verden","8":"tag-barnehager","9":"tag-breaking-news","10":"tag-breakingnews","11":"tag-featured-news","12":"tag-featurednews","13":"tag-headlines","14":"tag-latest-news","15":"tag-latestnews","16":"tag-minnesota","17":"tag-news","18":"tag-no","19":"tag-norge","20":"tag-norway","21":"tag-nyheter","22":"tag-overskrifter","23":"tag-svindel","24":"tag-top-stories","25":"tag-topstories","26":"tag-verden","27":"tag-world","28":"tag-world-news","29":"tag-worldnews"},"share_on_mastodon":{"url":"https:\/\/pubeurope.com\/@no\/115824663224908668","error":""},"_links":{"self":[{"href":"https:\/\/www.europesays.com\/no\/wp-json\/wp\/v2\/posts\/126838","targetHints":{"allow":["GET"]}}],"collection":[{"href":"https:\/\/www.europesays.com\/no\/wp-json\/wp\/v2\/posts"}],"about":[{"href":"https:\/\/www.europesays.com\/no\/wp-json\/wp\/v2\/types\/post"}],"author":[{"embeddable":true,"href":"https:\/\/www.europesays.com\/no\/wp-json\/wp\/v2\/users\/2"}],"replies":[{"embeddable":true,"href":"https:\/\/www.europesays.com\/no\/wp-json\/wp\/v2\/comments?post=126838"}],"version-history":[{"count":0,"href":"https:\/\/www.europesays.com\/no\/wp-json\/wp\/v2\/posts\/126838\/revisions"}],"wp:featuredmedia":[{"embeddable":true,"href":"https:\/\/www.europesays.com\/no\/wp-json\/wp\/v2\/media\/126839"}],"wp:attachment":[{"href":"https:\/\/www.europesays.com\/no\/wp-json\/wp\/v2\/media?parent=126838"}],"wp:term":[{"taxonomy":"category","embeddable":true,"href":"https:\/\/www.europesays.com\/no\/wp-json\/wp\/v2\/categories?post=126838"},{"taxonomy":"post_tag","embeddable":true,"href":"https:\/\/www.europesays.com\/no\/wp-json\/wp\/v2\/tags?post=126838"}],"curies":[{"name":"wp","href":"https:\/\/api.w.org\/{rel}","templated":true}]}}