{"id":126855,"date":"2026-01-02T09:23:08","date_gmt":"2026-01-02T09:23:08","guid":{"rendered":"https:\/\/www.europesays.com\/no\/126855\/"},"modified":"2026-01-02T09:23:08","modified_gmt":"2026-01-02T09:23:08","slug":"kvinne-pa-fjelltur-drept-av-puma-i-colorado","status":"publish","type":"post","link":"https:\/\/www.europesays.com\/no\/126855\/","title":{"rendered":"Kvinne p\u00e5 fjelltur drept av puma i Colorado"},"content":{"rendered":"\n<p class=\"_lead_o9xde_2 _lead_xtcu6_50 layout-component text-serif-m layout-normal text-serif-l layout-component layout-wide layout-padded _wide_17hqh_1 layout-padded\">En kvinne ble torsdag drept i det som antas \u00e5 v\u00e6re et angrep fra puma mens hun gikk alene p\u00e5 tur i fjellene i nordlige Colorado. <\/p>\n<p><img alt=\"Illustrasjonsbilde som viser en puma som slo seg ned i Los Angeles i 2014.  Foto: U.S. National Park Service AP \/ NTB\" class=\"_image_qp4xg_65 layout-component layout-wide\" data-fullscreen- data-track-element-type=\"Article image fullscreen\" data-track-name=\"ImageFullscreen\" fetchpriority=\"high\" decoding=\"sync\" loading=\"eager\" height=\"2046\" itemprop=\"image\"  src=\"https:\/\/www.europesays.com\/no\/wp-content\/uploads\/2026\/01\/c78b320c-ced8-455f-9c0f-52f4a3d9eef8.jpeg\"  style=\"object-position:0% 0%\" width=\"3000\"\/>Illustrasjonsbilde som viser en puma som slo seg ned i Los Angeles i 2014.  Foto: U.S. National Park Service AP \/ NTB<\/p>\n<ul aria-hidden=\"true\" class=\"_images_ntbth_112\">\n<li><a class=\"_link_ntbth_117\" href=\"https:\/\/www.vg.no\/forfatter\/ntb\" style=\"z-index:1\" title=\"NTB\" rel=\"nofollow noopener\" target=\"_blank\"><img alt=\"Bilde av NTB\" class=\"_image_ntbth_93\" fetchpriority=\"low\" loading=\"lazy\" decoding=\"async\" itemprop=\"image\"  src=\"https:\/\/www.europesays.com\/no\/wp-content\/uploads\/2026\/01\/1767345788_880_c33980b0-5d07-4027-84a1-813f90a7c8d6.png\"  width=\"480\"\/><\/a><\/li>\n<\/ul>\n<p> Oppdatert fredag 2. januar kl. 05:41     <\/p>\n<p class=\"_paragraph_o9xde_4 _paragraph_xtcu6_10 layout-component text-serif-m layout-normal text-serif-m layout-padded\">Det vil i s\u00e5 fall v\u00e6re det f\u00f8rste d\u00f8delige pumaangrepet i delstaten p\u00e5 mer enn 25 \u00e5r, opplyser myndighetene.<\/p>\n<p class=\"_paragraph_o9xde_4 _paragraph_xtcu6_10 layout-component text-serif-m layout-normal text-serif-m layout-padded\">Senere samme dag fant viltmyndigheter to pumaer i omr\u00e5det og skj\u00f8t dem, sier Kara Van Hoose i <a href=\"https:\/\/www.vg.no\/tag\/colorado?utm_source=vg-article&amp;utm_medium=auto-tagger&amp;utm_campaign=0pnlP0\" class=\"_link_o9xde_39\" rel=\"nofollow noopener\" target=\"_blank\">Colorado<\/a> Parks and Wildlife.<\/p>\n<p class=\"_paragraph_o9xde_4 _paragraph_xtcu6_10 layout-component text-serif-m layout-normal text-serif-m layout-padded\">Angrepet skjedde i fjellene s\u00f8r for det lille tettstedet Glen Haven, rundt 11 kilometer nord\u00f8st for Estes Park, som regnes som den \u00f8stlige inngangen til Rocky Mountain National Park.<\/p>\n<p class=\"_paragraph_o9xde_4 _paragraph_xtcu6_10 layout-component text-serif-m layout-normal text-serif-m layout-padded\">Pumaangrep er sjeldne. Det siste antatte d\u00f8delige angrepet i Colorado var i 1999, da et tre \u00e5r gammelt barn ble drept. To \u00e5r tidligere ble en ti \u00e5r gammel gutt drept og dratt bort av en puma under en fottur med familien i Rocky Mountain National Park.<\/p>\n","protected":false},"excerpt":{"rendered":"En kvinne ble torsdag drept i det som antas \u00e5 v\u00e6re et angrep fra puma mens hun gikk&hellip;\n","protected":false},"author":2,"featured_media":126856,"comment_status":"","ping_status":"","sticky":false,"template":"","format":"standard","meta":{"footnotes":""},"categories":[12],"tags":[20,21,1655,24,25,15,22,23,13,30,28,29,14,16,26,27,42,43,44,45],"class_list":{"0":"post-126855","1":"post","2":"type-post","3":"status-publish","4":"format-standard","5":"has-post-thumbnail","7":"category-verden","8":"tag-breaking-news","9":"tag-breakingnews","10":"tag-colorado","11":"tag-featured-news","12":"tag-featurednews","13":"tag-headlines","14":"tag-latest-news","15":"tag-latestnews","16":"tag-news","17":"tag-no","18":"tag-norge","19":"tag-norway","20":"tag-nyheter","21":"tag-overskrifter","22":"tag-top-stories","23":"tag-topstories","24":"tag-verden","25":"tag-world","26":"tag-world-news","27":"tag-worldnews"},"share_on_mastodon":{"url":"https:\/\/pubeurope.com\/@no\/115824781194244751","error":""},"_links":{"self":[{"href":"https:\/\/www.europesays.com\/no\/wp-json\/wp\/v2\/posts\/126855","targetHints":{"allow":["GET"]}}],"collection":[{"href":"https:\/\/www.europesays.com\/no\/wp-json\/wp\/v2\/posts"}],"about":[{"href":"https:\/\/www.europesays.com\/no\/wp-json\/wp\/v2\/types\/post"}],"author":[{"embeddable":true,"href":"https:\/\/www.europesays.com\/no\/wp-json\/wp\/v2\/users\/2"}],"replies":[{"embeddable":true,"href":"https:\/\/www.europesays.com\/no\/wp-json\/wp\/v2\/comments?post=126855"}],"version-history":[{"count":0,"href":"https:\/\/www.europesays.com\/no\/wp-json\/wp\/v2\/posts\/126855\/revisions"}],"wp:featuredmedia":[{"embeddable":true,"href":"https:\/\/www.europesays.com\/no\/wp-json\/wp\/v2\/media\/126856"}],"wp:attachment":[{"href":"https:\/\/www.europesays.com\/no\/wp-json\/wp\/v2\/media?parent=126855"}],"wp:term":[{"taxonomy":"category","embeddable":true,"href":"https:\/\/www.europesays.com\/no\/wp-json\/wp\/v2\/categories?post=126855"},{"taxonomy":"post_tag","embeddable":true,"href":"https:\/\/www.europesays.com\/no\/wp-json\/wp\/v2\/tags?post=126855"}],"curies":[{"name":"wp","href":"https:\/\/api.w.org\/{rel}","templated":true}]}}