{"id":126859,"date":"2026-01-02T09:32:27","date_gmt":"2026-01-02T09:32:27","guid":{"rendered":"https:\/\/www.europesays.com\/no\/126859\/"},"modified":"2026-01-02T09:32:27","modified_gmt":"2026-01-02T09:32:27","slug":"hunder-leteaksjon-leteaksjoner-over-hele-landet-etter-hunder-som-ble-skremt-av-nyttarsrakettene","status":"publish","type":"post","link":"https:\/\/www.europesays.com\/no\/126859\/","title":{"rendered":"Hunder, Leteaksjon | Leteaksjoner over hele landet etter hunder som ble skremt av nytt\u00e5rsrakettene"},"content":{"rendered":"\n<p>I Facebook-gruppa \u00abR\u00f8mlingen\u00bb har mange personer rundt om i landet laget innlegg hvor de ber om hjelp til \u00e5 finne hundene sine, skriver <a rel=\"noopener nofollow\" href=\"https:\/\/www.nrk.no\/norge\/flere-titalls-hunder-stakk-av-pa-nyttarsaften_-i-facebook-gruppe-prover-folk-a-hjelpe-til-1.17711175\" target=\"_blank\">NRK.<\/a><\/p>\n<p><b>Administratoren i gruppa, Hanne-Lill Kj\u00f8lner, sier til NRK at det til sammen er publisert 55 innlegg som utelukkende handler om hunder som forsvant p\u00e5 fjor\u00e5rets siste dag.<\/b><\/p>\n<p>Torsdag kveld hadde 25 av hundene kommet til rette, mens resten fremdeles er savnet.<\/p>\n<p>  <a href=\"https:\/\/www.tb.no\/5-76-2759340\" class=\"related-teaser has-image default-story-teaser article--c-eRUmMG article--c-eRUmMG-jKCPdD-design-default\" rel=\"nofollow noopener\" target=\"_blank\"><\/p>\n<p>    <img decoding=\"async\" loading=\"lazy\"  src=\"https:\/\/www.europesays.com\/no\/wp-content\/uploads\/2026\/01\/image_D28E5017-4428-4033-9627-3E0B77E19021_1767211419.heic.jpeg\" alt=\"\" class=\"brick-c-cFOWSL\" style=\"\"\/><\/p>\n<p>\n            Les ogs\u00e5<\/p>\n<p>              For f\u00f8rste gang slipper Fenris (6) \u00e5 tilbringe nytt\u00e5rsaften i kjelleren\n        <\/p>\n<p>  <\/a><br \/>\n  \u2013 R\u00f8rende engasjement<\/p>\n<p>I Larvik leter Nina Roe og familien etter den 1,5 \u00e5r gamle cockapoo-valpen Fie, som etter \u00e5 ha blitt skremt av raketter, r\u00f8mte ut en d\u00f8r som ikke var lukket skikkelig igjen.<\/p>\n<p><b>Roe brukte store deler av \u00e5rets f\u00f8rste natt p\u00e5 \u00e5 lete etter sin kj\u00e6re hund \u2013 forel\u00f8pig uten hell. Mange har meldt seg for \u00e5 bist\u00e5 i letingen.<\/b><\/p>\n<p>\u2013 Det har v\u00e6rt et s\u00e5 r\u00f8rende engasjement. S\u00e5 mange har hjulpet meg, g\u00e5tt rundt med hundene sine og lett etter Fie, sier hun til NRK.<\/p>\n<p>  <a href=\"https:\/\/www.tb.no\/5-76-2758866\" class=\"related-teaser has-image default-story-teaser article--c-eRUmMG article--c-eRUmMG-jKCPdD-design-default\" rel=\"nofollow noopener\" target=\"_blank\"><\/p>\n<p>    <img decoding=\"async\" loading=\"lazy\"  src=\"https:\/\/www.europesays.com\/no\/wp-content\/uploads\/2026\/01\/5_76_2112153+IMG_2469+%281%29.jpeg\" alt=\"\" class=\"brick-c-cFOWSL\" style=\"\"\/><\/p>\n<p>\n            Les ogs\u00e5<\/p>\n<p>              B\u00e5rd vil fyrverkeriene til livs: \u2013 Det der m\u00e5 vi slutte med!\n        <\/p>\n<p>  <\/a><br \/>\n  \u2013 Helt sykt<\/p>\n<p>P\u00e5 Kjeller i Lillestr\u00f8m forsvant den ett \u00e5r gamle hunden Walter da han ble skremt av rakettene, skriver <a rel=\"noopener nofollow\" href=\"https:\/\/www.rb.no\/har-vart-borte-i-snart-ett-dogn-helt-sykt-hvor-mange-som-onsker-a-bidra\/s\/5-43-2645141\" target=\"_blank\">Romerikes Blad.<\/a> Hunden spratt ut av eierens hender da han ble redd.<\/p>\n<p><b>\u2013 N\u00e5 har vi to sporingshunder som leter, s\u00e5 tror jeg det hjelper at vi organiserer s\u00f8ket, sier eier Vanessa Johansen til avisen torsdag.<\/b><\/p>\n<p>  <a href=\"https:\/\/www.tb.no\/5-76-2758291\" class=\"related-teaser has-image default-story-teaser article--c-eRUmMG article--c-eRUmMG-jKCPdD-design-default\" rel=\"nofollow noopener\" target=\"_blank\"><\/p>\n<p>    <img decoding=\"async\" loading=\"lazy\"  src=\"https:\/\/www.europesays.com\/no\/wp-content\/uploads\/2025\/12\/vera1+kopi.jpg\" alt=\"\" class=\"brick-c-cFOWSL\" style=\"\"\/><\/p>\n<p>\n            Les ogs\u00e5<\/p>\n<p>              Wenche opplevde alle dyreeieres mareritt: \u2013 Helt forferdelig\n        <\/p>\n<p>  <\/a><\/p>\n<p>Rundt klokken 6.30 f\u00f8rste nytt\u00e5rsdag ble hunden observert p\u00e5 et kamera i tettstedet Leirsund som ligger like nord\u00f8st for Kjeller.<\/p>\n<p><b>Leteaksjonen etter hunden har f\u00e5tt mye oppmerksomhet i sosiale medier, og mange har meldt seg for \u00e5 bist\u00e5 i s\u00f8ket.<\/b><\/p>\n<p>\u2013 Det er helt sykt hvor mange som \u00f8nsker \u00e5 bidra. Jeg hadde ikke forestilt meg det. Jeg tenkte jeg bare skulle pr\u00f8ve, men i dag har jeg sett folk som leter mange steder, sier eieren.<\/p>\n<p>  <a href=\"https:\/\/www.tb.no\/5-76-2759818\" class=\"related-teaser has-image default-story-teaser article--c-eRUmMG article--c-eRUmMG-jKCPdD-design-default\" rel=\"nofollow noopener\" target=\"_blank\"><\/p>\n<p>    <img decoding=\"async\" loading=\"lazy\"  src=\"https:\/\/www.europesays.com\/no\/wp-content\/uploads\/2026\/01\/I+fjor+ble+det+stengt++i+r+ser+de+ingen+grunn+til++stenge.bin.jpeg\" alt=\"\" class=\"brick-c-cFOWSL\" style=\"\"\/><\/p>\n<p>\n            Les ogs\u00e5<\/p>\n<p>              Skj\u00f8t fyrverkeri mot folkemengde \u2013 s\u00e5 gikk han til angrep p\u00e5 politiet\n        <\/p>\n<p>  <\/a><\/p>\n","protected":false},"excerpt":{"rendered":"I Facebook-gruppa \u00abR\u00f8mlingen\u00bb har mange personer rundt om i landet laget innlegg hvor de ber om hjelp til&hellip;\n","protected":false},"author":2,"featured_media":10375,"comment_status":"","ping_status":"","sticky":false,"template":"","format":"standard","meta":{"footnotes":""},"categories":[10],"tags":[36,20,21,24,25,10497,15,14851,22,23,170,13,30,28,29,14,16,1510,26,27],"class_list":{"0":"post-126859","1":"post","2":"type-post","3":"status-publish","4":"format-standard","5":"has-post-thumbnail","7":"category-norge","8":"tag-art","9":"tag-breaking-news","10":"tag-breakingnews","11":"tag-featured-news","12":"tag-featurednews","13":"tag-fyrverkeri","14":"tag-headlines","15":"tag-hunder","16":"tag-latest-news","17":"tag-latestnews","18":"tag-leteaksjon","19":"tag-news","20":"tag-no","21":"tag-norge","22":"tag-norway","23":"tag-nyheter","24":"tag-overskrifter","25":"tag-story","26":"tag-top-stories","27":"tag-topstories"},"share_on_mastodon":{"url":"https:\/\/pubeurope.com\/@no\/115824816572074489","error":""},"_links":{"self":[{"href":"https:\/\/www.europesays.com\/no\/wp-json\/wp\/v2\/posts\/126859","targetHints":{"allow":["GET"]}}],"collection":[{"href":"https:\/\/www.europesays.com\/no\/wp-json\/wp\/v2\/posts"}],"about":[{"href":"https:\/\/www.europesays.com\/no\/wp-json\/wp\/v2\/types\/post"}],"author":[{"embeddable":true,"href":"https:\/\/www.europesays.com\/no\/wp-json\/wp\/v2\/users\/2"}],"replies":[{"embeddable":true,"href":"https:\/\/www.europesays.com\/no\/wp-json\/wp\/v2\/comments?post=126859"}],"version-history":[{"count":0,"href":"https:\/\/www.europesays.com\/no\/wp-json\/wp\/v2\/posts\/126859\/revisions"}],"wp:featuredmedia":[{"embeddable":true,"href":"https:\/\/www.europesays.com\/no\/wp-json\/wp\/v2\/media\/10375"}],"wp:attachment":[{"href":"https:\/\/www.europesays.com\/no\/wp-json\/wp\/v2\/media?parent=126859"}],"wp:term":[{"taxonomy":"category","embeddable":true,"href":"https:\/\/www.europesays.com\/no\/wp-json\/wp\/v2\/categories?post=126859"},{"taxonomy":"post_tag","embeddable":true,"href":"https:\/\/www.europesays.com\/no\/wp-json\/wp\/v2\/tags?post=126859"}],"curies":[{"name":"wp","href":"https:\/\/api.w.org\/{rel}","templated":true}]}}