{"id":126870,"date":"2026-01-02T09:54:09","date_gmt":"2026-01-02T09:54:09","guid":{"rendered":"https:\/\/www.europesays.com\/no\/126870\/"},"modified":"2026-01-02T09:54:09","modified_gmt":"2026-01-02T09:54:09","slug":"nyheter-fly-her-ma-wideroe-flyet-vende-snuten-hjem-til-bergen","status":"publish","type":"post","link":"https:\/\/www.europesays.com\/no\/126870\/","title":{"rendered":"Nyheter, Fly | Her m\u00e5 Wider\u00f8e-flyet vende snuten hjem til Bergen"},"content":{"rendered":"\n<p>Klokken 0745 lettet et Wider\u00f8e-fly fra Flesland. Planen var \u00e5 lande i Aberdeen i Skottland klokken 0920, men det ble lettere sagt en gjort.<\/p>\n<p>\u2013 V\u00e6rforholdene i Aberdeen har gjort at vi ikke kan lande der. Hoved\u00e5rsaken er nedb\u00f8r og tette sn\u00f8byger, sier pressevakt i Wider\u00f8e, Satha Sritharan, til BA.<\/p>\n<p>   <img decoding=\"async\" width=\"939\" height=\"866\" fetchpriority=\"low\"  loading=\"lazy\"  src=\"https:\/\/www.europesays.com\/no\/wp-content\/uploads\/2026\/01\/godesirkler.png\" alt=\"\" class=\"brick-c-cFOWSL\" style=\"--brick-image-ratio: 939 \/ 866;\"\/><\/p>\n<p>      Flyet tok seg flere runder, f\u00f8r det endte opp med \u00e5 snu.<br \/>\n      Foto: Flighradar\/Skjermdump\n    <\/p>\n<p>Flyet sirklet over flyplassen p\u00e5 cirka 10.000 fot, og fors\u00f8kte \u00e5 lande i en dr\u00f8y halvtime, forteller pressevakten.<\/p>\n<p>\u2013 V\u00e6ret tillot det rett og slett ikke, og piloten avgjorde at flyet m\u00e5tte dra tilbake, sier Sritharan.<\/p>\n<p>I skrivende stund er flyet i luften over Nordsj\u00f8en og p\u00e5 vei hjem til Bergen.<\/p>\n<p>\u2013 Alle ber\u00f8rte passasjerer har blitt booket om til senere avganger i dag. S\u00e5 beklager vi naturligvis de forsinkelsene dette medf\u00f8rer.<\/p>\n<p>   <img decoding=\"async\" width=\"887\" height=\"815\" fetchpriority=\"low\"  loading=\"lazy\"  src=\"https:\/\/www.europesays.com\/no\/wp-content\/uploads\/2026\/01\/bergwsnflyet.png\" alt=\"\" class=\"brick-c-cFOWSL\" style=\"--brick-image-ratio: 887 \/ 815;\"\/><\/p>\n<p>      Adj\u00f8, Skottland!<br \/>\n      Foto: Flighradar\/Skjermdump\n    <\/p>\n","protected":false},"excerpt":{"rendered":"Klokken 0745 lettet et Wider\u00f8e-fly fra Flesland. Planen var \u00e5 lande i Aberdeen i Skottland klokken 0920, men&hellip;\n","protected":false},"author":2,"featured_media":126871,"comment_status":"","ping_status":"","sticky":false,"template":"","format":"standard","meta":{"footnotes":""},"categories":[10],"tags":[36,20,21,24,25,300,15,22,23,13,30,28,29,14,16,4682,1510,26,27],"class_list":{"0":"post-126870","1":"post","2":"type-post","3":"status-publish","4":"format-standard","5":"has-post-thumbnail","7":"category-norge","8":"tag-art","9":"tag-breaking-news","10":"tag-breakingnews","11":"tag-featured-news","12":"tag-featurednews","13":"tag-fly","14":"tag-headlines","15":"tag-latest-news","16":"tag-latestnews","17":"tag-news","18":"tag-no","19":"tag-norge","20":"tag-norway","21":"tag-nyheter","22":"tag-overskrifter","23":"tag-skottland","24":"tag-story","25":"tag-top-stories","26":"tag-topstories"},"share_on_mastodon":{"url":"https:\/\/pubeurope.com\/@no\/115824903250746323","error":""},"_links":{"self":[{"href":"https:\/\/www.europesays.com\/no\/wp-json\/wp\/v2\/posts\/126870","targetHints":{"allow":["GET"]}}],"collection":[{"href":"https:\/\/www.europesays.com\/no\/wp-json\/wp\/v2\/posts"}],"about":[{"href":"https:\/\/www.europesays.com\/no\/wp-json\/wp\/v2\/types\/post"}],"author":[{"embeddable":true,"href":"https:\/\/www.europesays.com\/no\/wp-json\/wp\/v2\/users\/2"}],"replies":[{"embeddable":true,"href":"https:\/\/www.europesays.com\/no\/wp-json\/wp\/v2\/comments?post=126870"}],"version-history":[{"count":0,"href":"https:\/\/www.europesays.com\/no\/wp-json\/wp\/v2\/posts\/126870\/revisions"}],"wp:featuredmedia":[{"embeddable":true,"href":"https:\/\/www.europesays.com\/no\/wp-json\/wp\/v2\/media\/126871"}],"wp:attachment":[{"href":"https:\/\/www.europesays.com\/no\/wp-json\/wp\/v2\/media?parent=126870"}],"wp:term":[{"taxonomy":"category","embeddable":true,"href":"https:\/\/www.europesays.com\/no\/wp-json\/wp\/v2\/categories?post=126870"},{"taxonomy":"post_tag","embeddable":true,"href":"https:\/\/www.europesays.com\/no\/wp-json\/wp\/v2\/tags?post=126870"}],"curies":[{"name":"wp","href":"https:\/\/api.w.org\/{rel}","templated":true}]}}