{"id":126882,"date":"2026-01-02T10:08:38","date_gmt":"2026-01-02T10:08:38","guid":{"rendered":"https:\/\/www.europesays.com\/no\/126882\/"},"modified":"2026-01-02T10:08:38","modified_gmt":"2026-01-02T10:08:38","slug":"fire-professorar-om-hap-khrono","status":"publish","type":"post","link":"https:\/\/www.europesays.com\/no\/126882\/","title":{"rendered":"Fire professorar om h\u00e5p &#8211; Khrono"},"content":{"rendered":"<ol>\n<li><a href=\"https:\/\/news.google.com\/rss\/articles\/CBMiUkFVX3lxTE1KXzlET1Ewd2I0YlhHSlJTTWw5aVI3VUdXWnRlQXhPUENLWUVxWnhwZTNoNEgtQmljNEp0cmtEVHpjbDNVbWFFLW1GQUJqUUpNWWc?oc=5\" target=\"_blank\" rel=\"nofollow noopener\">Fire professorar om h\u00e5p<\/a>&nbsp;&nbsp;Khrono<\/li>\n<li><a href=\"https:\/\/news.google.com\/rss\/articles\/CBMirAFBVV95cUxPd3J3SENaWEwyQ3pCWGU1T3J2dDNCcmVubnI0VG9aTWRfdGozbG9HN011ZWNPR2lkdzYxOFd5NkdKQ3N5QVpSaGtQaUVZNWIzSC00ZHJ6Nm42cWlSUUVlSzF4LVlsRjI0cXRRUVZoZ1pIdTB3WndsWUxDNHFZYnNjSE5ESFhQdHpYYUIzdDQwUDFsVHh4Wk5yaUhaMW5wRmFGX09zdFBFWU9nSndG?oc=5\" target=\"_blank\" rel=\"nofollow noopener\">\u2013 Det enkle svaret er at litteraturen trenger en mye st\u00f8rre plass i verden<\/a>&nbsp;&nbsp;samtiden.no<\/li>\n<li><a href=\"https:\/\/news.google.com\/rss\/articles\/CBMic0FVX3lxTE9yRkdzMXh4bkEwUjVhejE2WFhJeTJtbzdNOXBHTTlJbm00blBzSUkwVTF4cENwaVAxZXQ5bC14Nm1qWFAwVEdVY0dkcFR0SHpYcll2R0N5X1plRlZZT2ZYazJWd3B3anVYaV8yVTg3ZXRoVG8?oc=5\" target=\"_blank\" rel=\"nofollow noopener\">Politikk og samfunn, Slemmestad | Noe gir h\u00e5p \u2013 Noe m\u00e5 vi kjempe for<\/a>&nbsp;&nbsp;R\u00f8yken og Hurums Avis<\/li>\n<li><a href=\"https:\/\/news.google.com\/rss\/articles\/CBMiqgFBVV95cUxOYkx3Q1BFaC0zX2EtcmFSN20zTjMweDhPQWNVX04weTh2OXRGTHUtOFVXenRYLVFQeVlVWm9sT0RVaEhWY29Tbl9xSW5ob05haFhObERyTEkweEV1dzc1cHdOSk40Y25IV2tuZDg0QlIzM3ZlWEptcFRremtReHY5aG1Jc28xSDFJbzg4cWtuSEgyc2FKbmZtYTRFczRFVkRsR2syLVNhb1lXQQ?oc=5\" target=\"_blank\" rel=\"nofollow noopener\">Ayesha Wolasmal om politisk h\u00e5p: Om ikke alle bare kunne v\u00e6rt bitte litt mer som John Stewart<\/a>&nbsp;&nbsp;Morgenbladet<\/li>\n<li><a href=\"https:\/\/news.google.com\/rss\/articles\/CBMidkFVX3lxTE04cFhJWVVmUVpGakFVLVE0Wm1hYS1OMXFVN3llc05fOGZlNGprSEsyMDFINlhoSjNYUDBfRFFFN09VYUJ5eWVuU1QzNllIYjBtM29Fem5aUnhiTkJsWUNxNGFCU3BmSUt0YmRjNHRGQ0FleEZYdlE?oc=5\" target=\"_blank\" rel=\"nofollow noopener\">Biskop Erik Varden: \u2013 Man kan s\u00f8ke h\u00e5pet uten \u00e5 se s\u00e6rlig lyst p\u00e5 fremtiden<\/a>&nbsp;&nbsp;Morgenbladet<\/li>\n<\/ol>\n","protected":false},"excerpt":{"rendered":"Fire professorar om h\u00e5p&nbsp;&nbsp;Khrono \u2013 Det enkle svaret er at litteraturen trenger en mye st\u00f8rre plass i verden&nbsp;&nbsp;samtiden.no&hellip;\n","protected":false},"author":2,"featured_media":126883,"comment_status":"","ping_status":"","sticky":false,"template":"","format":"standard","meta":{"footnotes":""},"categories":[10],"tags":[20,21,24,25,15,22,23,13,30,28,29,14,16,26,27],"class_list":{"0":"post-126882","1":"post","2":"type-post","3":"status-publish","4":"format-standard","5":"has-post-thumbnail","7":"category-norge","8":"tag-breaking-news","9":"tag-breakingnews","10":"tag-featured-news","11":"tag-featurednews","12":"tag-headlines","13":"tag-latest-news","14":"tag-latestnews","15":"tag-news","16":"tag-no","17":"tag-norge","18":"tag-norway","19":"tag-nyheter","20":"tag-overskrifter","21":"tag-top-stories","22":"tag-topstories"},"share_on_mastodon":{"url":"https:\/\/pubeurope.com\/@no\/115824958059816763","error":""},"_links":{"self":[{"href":"https:\/\/www.europesays.com\/no\/wp-json\/wp\/v2\/posts\/126882","targetHints":{"allow":["GET"]}}],"collection":[{"href":"https:\/\/www.europesays.com\/no\/wp-json\/wp\/v2\/posts"}],"about":[{"href":"https:\/\/www.europesays.com\/no\/wp-json\/wp\/v2\/types\/post"}],"author":[{"embeddable":true,"href":"https:\/\/www.europesays.com\/no\/wp-json\/wp\/v2\/users\/2"}],"replies":[{"embeddable":true,"href":"https:\/\/www.europesays.com\/no\/wp-json\/wp\/v2\/comments?post=126882"}],"version-history":[{"count":0,"href":"https:\/\/www.europesays.com\/no\/wp-json\/wp\/v2\/posts\/126882\/revisions"}],"wp:featuredmedia":[{"embeddable":true,"href":"https:\/\/www.europesays.com\/no\/wp-json\/wp\/v2\/media\/126883"}],"wp:attachment":[{"href":"https:\/\/www.europesays.com\/no\/wp-json\/wp\/v2\/media?parent=126882"}],"wp:term":[{"taxonomy":"category","embeddable":true,"href":"https:\/\/www.europesays.com\/no\/wp-json\/wp\/v2\/categories?post=126882"},{"taxonomy":"post_tag","embeddable":true,"href":"https:\/\/www.europesays.com\/no\/wp-json\/wp\/v2\/tags?post=126882"}],"curies":[{"name":"wp","href":"https:\/\/api.w.org\/{rel}","templated":true}]}}