{"id":126884,"date":"2026-01-02T10:09:10","date_gmt":"2026-01-02T10:09:10","guid":{"rendered":"https:\/\/www.europesays.com\/no\/126884\/"},"modified":"2026-01-02T10:09:10","modified_gmt":"2026-01-02T10:09:10","slug":"fredag-2-januar-dette-skjedde-i-natt-vg","status":"publish","type":"post","link":"https:\/\/www.europesays.com\/no\/126884\/","title":{"rendered":"Fredag 2. januar: Dette skjedde i natt &#8211; VG"},"content":{"rendered":"<ol>\n<li><a href=\"https:\/\/news.google.com\/rss\/articles\/CBMie0FVX3lxTE1yWGJoYmZXQ1FPb0stOHFRbzNwQXNKWEI5N2FrSEJ6RjM5UWlJMGR4NlJ0WVhodVFRVDFTVTU0cmZlWGFVajQwYVlVY1JWc3AwRGFkbkJzWWdsWEtNZ0JIRERfdERxOFl2Y29RLXUzRFVZTFMwNHJBN2JySQ?oc=5\" target=\"_blank\" rel=\"nofollow noopener\">Fredag 2. januar: Dette skjedde i natt<\/a>&nbsp;&nbsp;VG<\/li>\n<li><a href=\"https:\/\/news.google.com\/rss\/articles\/CBMilAFBVV95cUxNWTJhbU9HT09lU0czS1A0M20xTFJ2NnJoMDM1OTV1VDlEd2puWDlkVzdyZkVKdkgtbElFNWtINU9iS0w5YkItcVM1ZHJ4UkZnM3JOTFVXUm9yNk9RSEkzRDZCRU53c1dzaVZBdHRLTHhwUUxqOTZpQkI5UEdJdG0zRHFIUlR0R3o3dFRGWllrNHFJVVV2?oc=5\" target=\"_blank\" rel=\"nofollow noopener\">Gr\u00f8nlands regjeringssjef: \u2013\u2060 Gr\u00f8nland kan ikke annekteres<\/a>&nbsp;&nbsp;VG<\/li>\n<li><a href=\"https:\/\/news.google.com\/rss\/articles\/CBMickFVX3lxTE4zcU9iZENiLW04Ym56WkN4UWIwdVR6dE9UM2M5OUhUMUVWbFFCSVpaOXR6bURjakY2ZjU3MDI2VVZwa3ZDeHRHb3gzRmQ2bUFxUkc5aUxsNlFOeFFSWmVRRUhGS1dLdjZtbWxUbUUwdWtnZw?oc=5\" target=\"_blank\" rel=\"nofollow noopener\">Klar beskjed til Trump<\/a>&nbsp;&nbsp;Dagbladet<\/li>\n<li><a href=\"https:\/\/news.google.com\/rss\/articles\/CBMikwFBVV95cUxQaWNFX1VWbHFyc1ZvWkJwQzFxdE9HTnJHUHFDOTd4U05iMWVNTmhfZER3MDJqSW9ObUxvNW5SYkc2QjhhMU1iTVJiclBDWW9ickxyTEJKcnVNeUhrY01xMkNIVFpQa1R1NDlaUUtrUnZrTy1pRmVaeWpIM1IyUkVXdEtyaXdRcC1kd0N4QUhIZTJrN1E?oc=5\" target=\"_blank\" rel=\"nofollow noopener\">Hele finnmark, Julehilsen | B\u00f8n\u00e5 om Gr\u00f8nland: \u2013 Suvereniteten er truet<\/a>&nbsp;&nbsp;iFinnmark<\/li>\n<li><a href=\"https:\/\/news.google.com\/rss\/articles\/CBMioAFBVV95cUxNZUg1dklLNUs3VjUtd0djZ1puLVhCTk16QkRNWC1Oa3Jxa1NMX3pNbU1SSVpnUmxBWF9sWGF6eWUwbmZXeEhxR3BLWFlBdV9KUXBBdjRhdlVZbjVSaWdoQ3BqRWR5U216MTNUOS1OWVE2dXZjbU04ZUJZVi0xR3J3RmZEUENKSFNDaWdYV3o1dXZ3OE9CYWpqRzRVaDczbVAw?oc=5\" target=\"_blank\" rel=\"nofollow noopener\">Europeiske ledere sl\u00e5r ring rundt Danmark etter Trumps nye Gr\u00f8nland-utspill<\/a>&nbsp;&nbsp;geopolitika.no<\/li>\n<\/ol>\n","protected":false},"excerpt":{"rendered":"Fredag 2. januar: Dette skjedde i natt&nbsp;&nbsp;VG Gr\u00f8nlands regjeringssjef: \u2013\u2060 Gr\u00f8nland kan ikke annekteres&nbsp;&nbsp;VG Klar beskjed til Trump&nbsp;&nbsp;Dagbladet&hellip;\n","protected":false},"author":2,"featured_media":126693,"comment_status":"","ping_status":"","sticky":false,"template":"","format":"standard","meta":{"footnotes":""},"categories":[5],"tags":[20,21,55,24,25,2112,15,19,22,23,17,18,13,30,28,29,14,16,26,27,12662],"class_list":{"0":"post-126884","1":"post","2":"type-post","3":"status-publish","4":"format-standard","5":"has-post-thumbnail","7":"category-overskrifter","8":"tag-breaking-news","9":"tag-breakingnews","10":"tag-donald-trump","11":"tag-featured-news","12":"tag-featurednews","13":"tag-gronland","14":"tag-headlines","15":"tag-hovedoppslag","16":"tag-latest-news","17":"tag-latestnews","18":"tag-main-news","19":"tag-mainnews","20":"tag-news","21":"tag-no","22":"tag-norge","23":"tag-norway","24":"tag-nyheter","25":"tag-overskrifter","26":"tag-top-stories","27":"tag-topstories","28":"tag-tour-de-ski"},"share_on_mastodon":{"url":"https:\/\/pubeurope.com\/@no\/115824962193436003","error":""},"_links":{"self":[{"href":"https:\/\/www.europesays.com\/no\/wp-json\/wp\/v2\/posts\/126884","targetHints":{"allow":["GET"]}}],"collection":[{"href":"https:\/\/www.europesays.com\/no\/wp-json\/wp\/v2\/posts"}],"about":[{"href":"https:\/\/www.europesays.com\/no\/wp-json\/wp\/v2\/types\/post"}],"author":[{"embeddable":true,"href":"https:\/\/www.europesays.com\/no\/wp-json\/wp\/v2\/users\/2"}],"replies":[{"embeddable":true,"href":"https:\/\/www.europesays.com\/no\/wp-json\/wp\/v2\/comments?post=126884"}],"version-history":[{"count":0,"href":"https:\/\/www.europesays.com\/no\/wp-json\/wp\/v2\/posts\/126884\/revisions"}],"wp:featuredmedia":[{"embeddable":true,"href":"https:\/\/www.europesays.com\/no\/wp-json\/wp\/v2\/media\/126693"}],"wp:attachment":[{"href":"https:\/\/www.europesays.com\/no\/wp-json\/wp\/v2\/media?parent=126884"}],"wp:term":[{"taxonomy":"category","embeddable":true,"href":"https:\/\/www.europesays.com\/no\/wp-json\/wp\/v2\/categories?post=126884"},{"taxonomy":"post_tag","embeddable":true,"href":"https:\/\/www.europesays.com\/no\/wp-json\/wp\/v2\/tags?post=126884"}],"curies":[{"name":"wp","href":"https:\/\/api.w.org\/{rel}","templated":true}]}}