{"id":126895,"date":"2026-01-02T10:22:13","date_gmt":"2026-01-02T10:22:13","guid":{"rendered":"https:\/\/www.europesays.com\/no\/126895\/"},"modified":"2026-01-02T10:22:13","modified_gmt":"2026-01-02T10:22:13","slug":"vin-med-lite-sukker-og-lav-alkohol","status":"publish","type":"post","link":"https:\/\/www.europesays.com\/no\/126895\/","title":{"rendered":"Vin med lite sukker og lav alkohol"},"content":{"rendered":"\n<p class=\"_prefix_nfjwc_1 layout-padded\">Ukens<br \/>vintips<\/p>\n<p class=\"_lead_o9xde_2 _lead_xtcu6_50 layout-component text-serif-m layout-normal text-serif-l _lead_1k67c_21 layout-component layout-normal layout-padded layout-padded\">Velkommen 2026! Jeg vet mange av dere \u00f8nsker tips om drikke med lav alkohol, null alkohol eller lite sukker. <\/p>\n<p>VGs vinekspert. Utdannet vinkelner og har jobbet med vin hele mitt yrkesliv. Mer enn 20 \u00e5rs erfaring, blant annet fra Vinmonopolet, vinimport og restaurantbransjen. Har skrevet seks b\u00f8ker om mat &amp; vin, holder vinkurs og lager b\u00e5de TV, podcast og lydb\u00f8ker om vin.<\/p>\n<p><a href=\"https:\/\/www.vg.no\/forbruker\/i\/pBLm6W\/mailto:vinsara@vg.no\" class=\"_button_6bkpv_2 button-label-large _filled_6bkpv_106 _button_1xhag_75\" rel=\"nofollow noopener\" target=\"_blank\">E-post<\/a>Fredag 2. januar kl. 10:42     <\/p>\n<p class=\"_paragraph_o9xde_4 _paragraph_xtcu6_10 layout-component text-serif-m layout-normal text-serif-m layout-padded\">Mange av oss vil<strong class=\"_strong_o9xde_25\"> <\/strong>gjerne bli mer bevisst p\u00e5 alkoholprosenten, p\u00e5 sukkerniv\u00e5et, p\u00e5 mengden vi f\u00e5r i oss. <\/p>\n<p class=\"_paragraph_o9xde_4 _paragraph_xtcu6_10 layout-component text-serif-m layout-normal text-serif-m layout-padded\">Derfor vier jeg \u00e5rets f\u00f8rste vinsak til mitt motto: Drikk mindre, drikk bedre. <\/p>\n<p class=\"_paragraph_o9xde_4 _paragraph_xtcu6_10 layout-component text-serif-m layout-normal text-serif-m layout-padded\">I dag deler jeg seks flasker med dere som alle g\u00e5r inn i denne kategorien. <\/p>\n<p><img alt=\"Foto: Helen Wesnes \/ VG\" class=\"_image_qp4xg_65 layout-component layout-normal\" data-fullscreen- data-track-element-type=\"Article image fullscreen\" data-track-name=\"ImageFullscreen\" decoding=\"async\" loading=\"lazy\" height=\"5760\" itemprop=\"image\"  src=\"https:\/\/www.europesays.com\/no\/wp-content\/uploads\/2026\/01\/87bd1e34-f126-4ddd-a003-5c12febd7033.jpeg\"  style=\"object-position:0% 0%\" width=\"7680\"\/>Foto: Helen Wesnes \/ VG<\/p>\n<p class=\"_paragraph_o9xde_4 _paragraph_xtcu6_10 layout-component text-serif-m layout-normal text-serif-m layout-padded\">En r\u00f8d \u00abglou glou\u00bb-vin, et par viner med lav alkohol, en babyflaske og en alkoholfri gin. <\/p>\n<p class=\"_paragraph_o9xde_4 _paragraph_xtcu6_10 layout-component text-serif-m layout-normal text-serif-m layout-padded\">Godt nytt\u00e5r alle sammen og god, ny start!<\/p>\n<p class=\"_paragraph_o9xde_4 _paragraph_xtcu6_10 layout-component text-serif-m layout-normal text-serif-m layout-padded\"><strong class=\"_strong_o9xde_25\">PSST! Husk at du finner alle Saras anmeldte viner p\u00e5\u00a0<a href=\"https:\/\/www.vg.no\/vin\" class=\"_link_o9xde_39\" rel=\"nofollow noopener\" target=\"_blank\">vg.no\/vin<\/a>.<\/strong><\/p>\n","protected":false},"excerpt":{"rendered":"Ukensvintips Velkommen 2026! Jeg vet mange av dere \u00f8nsker tips om drikke med lav alkohol, null alkohol eller&hellip;\n","protected":false},"author":2,"featured_media":126896,"comment_status":"","ping_status":"","sticky":false,"template":"","format":"standard","meta":{"footnotes":""},"categories":[10],"tags":[20,21,24,25,15,22,23,13,30,28,29,14,16,592,26,27,591,590],"class_list":{"0":"post-126895","1":"post","2":"type-post","3":"status-publish","4":"format-standard","5":"has-post-thumbnail","7":"category-norge","8":"tag-breaking-news","9":"tag-breakingnews","10":"tag-featured-news","11":"tag-featurednews","12":"tag-headlines","13":"tag-latest-news","14":"tag-latestnews","15":"tag-news","16":"tag-no","17":"tag-norge","18":"tag-norway","19":"tag-nyheter","20":"tag-overskrifter","21":"tag-sara-doscher","22":"tag-top-stories","23":"tag-topstories","24":"tag-vin","25":"tag-vintips"},"share_on_mastodon":{"url":"https:\/\/pubeurope.com\/@no\/115825013160576415","error":""},"_links":{"self":[{"href":"https:\/\/www.europesays.com\/no\/wp-json\/wp\/v2\/posts\/126895","targetHints":{"allow":["GET"]}}],"collection":[{"href":"https:\/\/www.europesays.com\/no\/wp-json\/wp\/v2\/posts"}],"about":[{"href":"https:\/\/www.europesays.com\/no\/wp-json\/wp\/v2\/types\/post"}],"author":[{"embeddable":true,"href":"https:\/\/www.europesays.com\/no\/wp-json\/wp\/v2\/users\/2"}],"replies":[{"embeddable":true,"href":"https:\/\/www.europesays.com\/no\/wp-json\/wp\/v2\/comments?post=126895"}],"version-history":[{"count":0,"href":"https:\/\/www.europesays.com\/no\/wp-json\/wp\/v2\/posts\/126895\/revisions"}],"wp:featuredmedia":[{"embeddable":true,"href":"https:\/\/www.europesays.com\/no\/wp-json\/wp\/v2\/media\/126896"}],"wp:attachment":[{"href":"https:\/\/www.europesays.com\/no\/wp-json\/wp\/v2\/media?parent=126895"}],"wp:term":[{"taxonomy":"category","embeddable":true,"href":"https:\/\/www.europesays.com\/no\/wp-json\/wp\/v2\/categories?post=126895"},{"taxonomy":"post_tag","embeddable":true,"href":"https:\/\/www.europesays.com\/no\/wp-json\/wp\/v2\/tags?post=126895"}],"curies":[{"name":"wp","href":"https:\/\/api.w.org\/{rel}","templated":true}]}}