{"id":126903,"date":"2026-01-02T10:29:10","date_gmt":"2026-01-02T10:29:10","guid":{"rendered":"https:\/\/www.europesays.com\/no\/126903\/"},"modified":"2026-01-02T10:29:10","modified_gmt":"2026-01-02T10:29:10","slug":"tidlig-pa-1980-tallet-skjedde-en-rad-justismord-i-frostating-lagmannsrett-hva-gikk-galt","status":"publish","type":"post","link":"https:\/\/www.europesays.com\/no\/126903\/","title":{"rendered":"Tidlig p\u00e5 1980-tallet skjedde en rad justismord i Frostating lagmannsrett. Hva gikk galt?"},"content":{"rendered":"\n<p>Simen S\u00e6tre  Journalist og forfatter<\/p>\n<p class=\"lead\">Tidlig p\u00e5 1980-tallet skjedde en rad justismord i Frostating lagmannsrett. Noe var galt, og det er p\u00e5 tide \u00e5 finne ut hva.<\/p>\n<p>Publisert:<br \/>\n  2. januar 2026 kl. 10:27<br \/>\n  Oppdatert:<br \/>\n  2. januar 2026 kl. 10:27\n <\/p>\n<p>Du leser n\u00e5 en kronikk. Den uttrykker innsenderens mening.<\/p>\n<p><strong>17. desember 1981<\/strong> fant det sted et opptrinn i Trondheim tinghus. \u00abDet er skjedd et justismord\u00bb, sa forsvarer Olav Hestenes. Fritz Moen, en d\u00f8v, funksjonshemmet mann, var nettopp kjent skyldig i drap.<\/p>\n<p>Lagmann Karl Solberg reagerte sterkt p\u00e5 forsvarerens p\u00e5stand. \u00abDen slags uttrykk vil vi ha oss frabedt\u00bb, utbr\u00f8t han, det var \u00abuverdig\u00bb \u00e5 bruke slike ord i en norsk rettssal. Lite ante han at Frostating lagmannsrett hadde d\u00f8mt en uskyldig mann, og at det skulle skje gjentatte ganger de kommende \u00e5rene.<\/p>\n<p><strong>I 1982<\/strong> d\u00f8mte Frostating, med Solberg som lagmann, en ung fisker, Sveinung R\u00f8dseth, for \u00e5 ha drept sitt eget barn. Senere ble det kjent at han hadde gitt en falsk tilst\u00e5else og var uskyldig.<\/p>\n<p>I 1984 skjedde det igjen. Frostating, med lagmann Solberg, d\u00f8mte en dataingeni\u00f8r, Atle Joar Hage, for \u00e5 ha forgrepet seg p\u00e5 egne barn. Hage tok livet sitt. Da barna vokste opp, kunne de fortelle at faren var uskyldig, og han ble frikjent etter sin d\u00f8d.<\/p>\n<p><strong>Mellom disse sakene<\/strong> gikk 1980-tallets store drapssak. I 1983 d\u00f8mte Frostating, fortsatt med lagmann Solberg, Arnfinn Nesset skyldig i 22 drap. I boka Den usannsynlige seriemorderen, som kom ut nylig, viser jeg at Nesset skulle v\u00e6rt frikjent i flere tilfeller, muligens alle. Tvilen skulle kommet ham til gode. Nesset, som d\u00f8de nylig, kan ha blitt utsatt for norgeshistoriens st\u00f8rste justismord, m\u00e5lt i antall drap.<\/p>\n<p><strong>Var denne rekken<\/strong> av justismord tilfeldig? M\u00e5 man i str\u00f8mmen av rettssaker godta noen menneskelige feil? Nei, rettsvesenet har bolverk mot dette. Tvil skal komme tiltalte til gode. Dette visste man den gang ogs\u00e5. \u00abAll tvil om et rent faktisk forhold skal l\u00f8ses i fav\u00f8r av tiltalte\u00bb, skrev Anders Bratholm, professor i rettsvitenskap, i 1980. Eksperter som har fors\u00f8kt \u00e5 tallfeste tvilen, mener man m\u00e5 v\u00e6re minst 95 prosent sikker p\u00e5 skyld for \u00e5 d\u00f8mme noen.<\/p>\n<p>N\u00e5r justismordene likevel skjedde, kan man lete etter forklaringer i kulturen. De samme akt\u00f8rene g\u00e5r igjen i disse rettssakene. Statsadvokat Olaf Jakhelln var aktor i tre av de fire saker, og i like mange saker var Karl-Ewerth Horneman og B\u00f8rre Huseb\u00f8 rettspsykiatere.<\/p>\n<p>Rettspsykiaterne skulle gi objektive vurderinger av om tiltalte var bevisstl\u00f8s eller alvorlig sinnslidende i gjernings\u00f8yeblikket, men uttalelsene synes \u00e5 ha g\u00e5tt lenger og i fav\u00f8r aktoratet.<\/p>\n<p><img decoding=\"async\" src=\"data:image\/gif;base64,R0lGODlhEAAJAIAAAP\/\/\/wAAACH5BAEAAAAALAAAAAAQAAkAAAIKhI+py+0Po5yUFQA7\" alt=\"\"\/><br \/>\n  Fritz Moen ble i 1978 og 1981 d\u00f8mt for drapene p\u00e5 to unge kvinner i Trondheim. Senere, i 2004 og 2006, ble han frikjent for begge.<br \/>\n  <strong>Foto:<\/strong> Heiko Junge, NTB<\/p>\n<p><strong>Fritz Moen ga<\/strong> \u00abinntrykk av betydelig f\u00f8lelseskulde\u00bb konstaterte de. \u00abHans hukommelse for gjerningstiden har v\u00e6rt usedvanlig god og ledsaget av n\u00f8yaktige og meget detaljrike gjengivelser\u00bb. Om Sveinung R\u00f8dseth hevdet de at han hadde foretatt en \u00abimpulshandling under affekt\u00bb, og fant forklaringer i hans barndom. Lenge f\u00f8r Arnfinn Nesset var stilt for retten, var de sikre p\u00e5 hans skyld og konstaterte \u00abmangelfullt utviklede sjelsevner\u00bb i en rapport som aktoratet siterte fra allerede i innledningen.<\/p>\n<p>At Horneman sto p\u00e5 politiets l\u00f8nningsliste som politilege, var nok heller ikke den beste forutsetning for objektivitet.<\/p>\n<p><strong>Tre av disse dommene<\/strong> kom etter falske tilst\u00e5elser. Dette synes Frostating \u00e5 ha hatt liten kunnskap om. Rettspsykiaterne fant ingenting i Fritz Moens personlighet som kunne peke mot falsk tilst\u00e5else, sa de, mens lagmann Solberg forklarte at Moen hadde tilst\u00e5tt med s\u00e5 mange detaljer at han m\u00e5tte ha opplevd drapet.<\/p>\n<p>I rettsbel\u00e6ringen i Nesset-saken bel\u00e6rte Solberg juryen at \u00aberfaringene viser at folk meget sjelden tar p\u00e5 seg skylden for noe de ikke har gjort\u00bb. \u00abEnda sjeldnere n\u00e5r det gjelder en alvorlig forbrytelse som drap.\u00bb Han bortforklarte at Nesset hadde gitt en rekke falske tilst\u00e5elser.<\/p>\n<blockquote>\n<p>Mennesker har f\u00e5tt \u00f8delagt sine liv. Alt vi kan gj\u00f8re er \u00e5 kartlegge hvorfor det skjedde.<\/p>\n<\/blockquote>\n<p><strong>Den offentlige<\/strong> utredningen om Fritz Moen-saken peker p\u00e5 flere brudd p\u00e5 objektivitetsprinsippet. Dette krever at politi og p\u00e5talemyndighet unders\u00f8ker b\u00e5de skyld og uskyld. Tendensen i disse saken er ofte at man etterforsker spor som bekrefter skyld, men tar for lett p\u00e5 hypoteser om uskyld. Uskyldshypotesene skulle v\u00e6rt bedre belyst i retten.<\/p>\n<p><strong>Disse justismordene<\/strong> kan ikke omgj\u00f8res. Mennesker har f\u00e5tt \u00f8delagt sine liv. Alt vi kan gj\u00f8re er \u00e5 kartlegge hvorfor det skjedde. Disse sp\u00f8rsm\u00e5lene b\u00f8r stilles, av historikere, jurister og i politiet.<\/p>\n<p>Ogs\u00e5 pressen b\u00f8r se seg i speilet. S\u00e5 sent som i 1988 ble Karl Solberg hedret med Trondhjems journalistforenings honn\u00f8rpris. Ble forholdene for tette? Var tilliten til rettsvesenet for stor?<\/p>\n<p>Hvis disse fire sakene er representative, kan det ligge flere uoppdagede justismord i Frostating lagmannsretts historie.<\/p>\n<p><strong>Hva mener du? Send inn din tekst til <a href=\"https:\/\/www.adressa.no\/debatt\/i\/3pjGRP\/mailto:debatt@adresseavisen.no\" rel=\"noopener nofollow\" target=\"_blank\">debatt@adresseavisen.no<\/a> eller delta i debatten i kommentarfeltet nederst \u2013 og husk fullt navn!<\/strong><\/p>\n","protected":false},"excerpt":{"rendered":"Simen S\u00e6tre Journalist og forfatter Tidlig p\u00e5 1980-tallet skjedde en rad justismord i Frostating lagmannsrett. Noe var galt,&hellip;\n","protected":false},"author":2,"featured_media":126904,"comment_status":"","ping_status":"","sticky":false,"template":"","format":"standard","meta":{"footnotes":""},"categories":[10],"tags":[13023,20,21,1843,24,25,15,14887,13025,148,4265,22,23,13,30,28,29,14,16,14888,26,27],"class_list":{"0":"post-126903","1":"post","2":"type-post","3":"status-publish","4":"format-standard","5":"has-post-thumbnail","7":"category-norge","8":"tag-arnfinn-nesset","9":"tag-breaking-news","10":"tag-breakingnews","11":"tag-debatt-og-kronikk","12":"tag-featured-news","13":"tag-featurednews","14":"tag-headlines","15":"tag-justismord","16":"tag-kriminalhistorie","17":"tag-kriminalitet","18":"tag-kronikk","19":"tag-latest-news","20":"tag-latestnews","21":"tag-news","22":"tag-no","23":"tag-norge","24":"tag-norway","25":"tag-nyheter","26":"tag-overskrifter","27":"tag-rettsvitenskap","28":"tag-top-stories","29":"tag-topstories"},"share_on_mastodon":{"url":"https:\/\/pubeurope.com\/@no\/115825040671401972","error":""},"_links":{"self":[{"href":"https:\/\/www.europesays.com\/no\/wp-json\/wp\/v2\/posts\/126903","targetHints":{"allow":["GET"]}}],"collection":[{"href":"https:\/\/www.europesays.com\/no\/wp-json\/wp\/v2\/posts"}],"about":[{"href":"https:\/\/www.europesays.com\/no\/wp-json\/wp\/v2\/types\/post"}],"author":[{"embeddable":true,"href":"https:\/\/www.europesays.com\/no\/wp-json\/wp\/v2\/users\/2"}],"replies":[{"embeddable":true,"href":"https:\/\/www.europesays.com\/no\/wp-json\/wp\/v2\/comments?post=126903"}],"version-history":[{"count":0,"href":"https:\/\/www.europesays.com\/no\/wp-json\/wp\/v2\/posts\/126903\/revisions"}],"wp:featuredmedia":[{"embeddable":true,"href":"https:\/\/www.europesays.com\/no\/wp-json\/wp\/v2\/media\/126904"}],"wp:attachment":[{"href":"https:\/\/www.europesays.com\/no\/wp-json\/wp\/v2\/media?parent=126903"}],"wp:term":[{"taxonomy":"category","embeddable":true,"href":"https:\/\/www.europesays.com\/no\/wp-json\/wp\/v2\/categories?post=126903"},{"taxonomy":"post_tag","embeddable":true,"href":"https:\/\/www.europesays.com\/no\/wp-json\/wp\/v2\/tags?post=126903"}],"curies":[{"name":"wp","href":"https:\/\/api.w.org\/{rel}","templated":true}]}}