{"id":126909,"date":"2026-01-02T10:37:12","date_gmt":"2026-01-02T10:37:12","guid":{"rendered":"https:\/\/www.europesays.com\/no\/126909\/"},"modified":"2026-01-02T10:37:12","modified_gmt":"2026-01-02T10:37:12","slug":"trafikk-glatte-veier-snurret-pa-e18-bru-bil-havnet-i-autovernet","status":"publish","type":"post","link":"https:\/\/www.europesays.com\/no\/126909\/","title":{"rendered":"Trafikk, Glatte veier | Snurret p\u00e5 E18-bru: Bil havnet i autovernet"},"content":{"rendered":"\n<p>\u00d8stlandet v\u00e5knet til sn\u00f8, nordavind og minusgrader fredag morgen. Vegtrafikksentralen \u00f8st advarer om glatte kj\u00f8reforhold flere steder, melder NTB.<\/p>\n<p><b>Les ogs\u00e5: <a class=\"simple-relation related-teaser article--c-eRUmMG article--c-eRUmMG-fZoQSp-design-nettavisen article--c-eRUmMG-gwthdJ-cv\" href=\"https:\/\/www.nettavisen.no\/temperaturen-faller-hele-landet-skal-fa-kjenne-pa-vinterkulda\/s\/5-95-2804372\" rel=\"nofollow noopener\" target=\"_blank\">Temperaturen faller: \u2013 Hele landet skal f\u00e5 kjenne p\u00e5 vinterkulda<\/a><\/b><\/p>\n<p>\u2013 I og med at sn\u00f8en har kommet, blir det glattere. Da gjelder det \u00e5 senke farten og tenke at det er glattere enn det har v\u00e6rt tidligere i vinter, sier trafikkoperat\u00f8r Trude Lindstad ved Vegtrafikksentralen \u00f8st til\u00a0<a rel=\"noopener nofollow\" href=\"https:\/\/www.dagbladet.no\/nyheter\/vegtrafikksentralen-senk-farten\/84046926\" target=\"_blank\">Dagbladet.<\/a><\/p>\n<p>If\u00f8lge trafikkoperat\u00f8ren venter de ikke mye trafikk p\u00e5 veiene. Vanligvis er det mindre trafikk fredag morgen. Men spesielt p\u00e5 mindre veier i og rundt Oslo kan det v\u00e6re spesielt glatt.<\/p>\n<p><a rel=\"Follow nofollow noopener\" href=\"https:\/\/www.vegvesen.no\/trafikk\" target=\"_blank\"><b>Se oppdaterte veimeldinger p\u00e5 Statens vegvesens nettsider.<\/b><\/a><\/p>\n<p>Fredag morgen ble det meldt om noen hendelser p\u00e5 vinterf\u00f8ret:<\/p>\n<p>F\u00f8rste melding gikk p\u00e5 en bil av veien p\u00e5 riksvei 22 i Indre \u00d8stfold like over klokken 06. Her hadde en bil sklidd av veien og inn i en hage. Til alt hell ble ingen skadet.<\/p>\n<p>S\u00e5 smalt det p\u00e5 E18 ved Sande. Der kom bilene seg ut av veibanen og forhindret dermed ikke trafikken. Personene i de to bilene som var innblandet slapp ogs\u00e5 med skrekken.<\/p>\n<p>    Vil du se neste video?<\/p>\n<p>    <a href=\"https:\/\/www.nettavisen.no\/nyheter\/nordmann-pa-stranda-i-australia\/v\/5-95-2800231\" class=\"recommend-poster\" data-adp-clicklabel=\"video-recommend\" data-adp-clickvalue=\"poster\" rel=\"nofollow noopener\" target=\"_blank\"><br \/>\n      <img decoding=\"async\" width=\"200\" height=\"200\" loading=\"lazy\" src=\"https:\/\/www.europesays.com\/no\/wp-content\/uploads\/2025\/12\/NORDMANN+AUSTRALIA+BREDDE+1.jpg\" alt=\"\" class=\"brick-c-cFOWSL\" style=\"--brick-image-ratio: 200 \/ 200;\"\/><\/p>\n<p>Nordmann angrepet p\u00e5 stranda0:46<\/p>\n<p>    <\/a><\/p>\n<p>Snurret p\u00e5 E18-bru<\/p>\n<p>Like f\u00f8r klokken 07 smalt det igjen. Etter at en snurret og havnet i autovernet p\u00e5 E18 nordg\u00e5ende p\u00e5 Farrisbrua. Det skaper utfordringer.<\/p>\n<p>\u2013 Trafikken st\u00e5r. Vi er p\u00e5 vei til stedet, melder politiet.<\/p>\n<p>\u2013 Det er kun en bil og f\u00f8rer involvert. F\u00f8rer er uskadd. Det er ikke mistanke om ruskj\u00f8ring. Patruljen oppretter sak. Vegtrafikksentralen har sperret E18 nordg\u00e5ende fra Sky-krysset og frem til Farriseidet. Bilberger er p\u00e5 stedet, melder politiet.<\/p>\n<p>\u2013 I dag er det veldig viktig \u00e5 v\u00e6re obs p\u00e5 at det kan v\u00e6re glatt, sier trafikkoperat\u00f8r Trude Lindstad i Statens vegvesen til NRK.<\/p>\n<p>Det har sn\u00f8dd flere steder p\u00e5 \u00d8stlandet natt til fredag.<\/p>\n<p>   <img decoding=\"async\" width=\"6246\" height=\"4170\" fetchpriority=\"low\"  loading=\"lazy\"  src=\"https:\/\/www.europesays.com\/no\/wp-content\/uploads\/2026\/01\/20260102_schweigaards+gate+15_DSF1420.jpg\" alt=\"SN\u00d8: Vinterlige gater i Schweigaards gate i Oslo fredag morgen.\" class=\"brick-c-cFOWSL\" style=\"--brick-image-ratio: 6246 \/ 4170;\"\/><\/p>\n<p>      SN\u00d8: Vinterlige gater i Schweigaards gate i Oslo fredag morgen.<br \/>\n      Foto: Trond Lepper\u00f8d (Nettavisen)\n    <\/p>\n<p>  S\u00f8rlandsbanen: Flere tog innstilt<\/p>\n<p>Fredag har togselskapet Go-Ahead innstilt flere tog p\u00e5 S\u00f8rlandsbanen. Samtidig er det forsinkelser p\u00e5 Hovedbanen p\u00e5 grunn av problemer med en sporveksel, melder NTB.<\/p>\n<p>If\u00f8lge Go-Ahead skyldes innstillingene p\u00e5 S\u00f8rlandsbanen problemer med toget, og det kj\u00f8res buss for tog.<\/p>\n<p>Innstillingene gjelder toget mellom Stavanger og Oslo som skulle g\u00e5tt fra Stavanger klokken 8.47, samt avgangen mellom Oslo S og Kristiansand fra Oslo klokken 17.25.<\/p>\n<p>P\u00e5 Hovedbanen er det ogs\u00e5 forsinkelser p\u00e5 grunn av en feil p\u00e5 en sporveksel ved Kl\u00f8fta, if\u00f8lge Bane Nor. Det letes etter feilen, men forel\u00f8pig er det usikkert hvor lang tid dette vil ta.<\/p>\n<p>Feilen rammer regiontog R13 mellom Drammen og Dal.<\/p>\n","protected":false},"excerpt":{"rendered":"\u00d8stlandet v\u00e5knet til sn\u00f8, nordavind og minusgrader fredag morgen. Vegtrafikksentralen \u00f8st advarer om glatte kj\u00f8reforhold flere steder, melder&hellip;\n","protected":false},"author":2,"featured_media":126910,"comment_status":"","ping_status":"","sticky":false,"template":"","format":"standard","meta":{"footnotes":""},"categories":[10],"tags":[20,21,24,25,15,22,23,13,30,28,29,14,16,26,27],"class_list":{"0":"post-126909","1":"post","2":"type-post","3":"status-publish","4":"format-standard","5":"has-post-thumbnail","7":"category-norge","8":"tag-breaking-news","9":"tag-breakingnews","10":"tag-featured-news","11":"tag-featurednews","12":"tag-headlines","13":"tag-latest-news","14":"tag-latestnews","15":"tag-news","16":"tag-no","17":"tag-norge","18":"tag-norway","19":"tag-nyheter","20":"tag-overskrifter","21":"tag-top-stories","22":"tag-topstories"},"share_on_mastodon":{"url":"https:\/\/pubeurope.com\/@no\/115825072155427955","error":""},"_links":{"self":[{"href":"https:\/\/www.europesays.com\/no\/wp-json\/wp\/v2\/posts\/126909","targetHints":{"allow":["GET"]}}],"collection":[{"href":"https:\/\/www.europesays.com\/no\/wp-json\/wp\/v2\/posts"}],"about":[{"href":"https:\/\/www.europesays.com\/no\/wp-json\/wp\/v2\/types\/post"}],"author":[{"embeddable":true,"href":"https:\/\/www.europesays.com\/no\/wp-json\/wp\/v2\/users\/2"}],"replies":[{"embeddable":true,"href":"https:\/\/www.europesays.com\/no\/wp-json\/wp\/v2\/comments?post=126909"}],"version-history":[{"count":0,"href":"https:\/\/www.europesays.com\/no\/wp-json\/wp\/v2\/posts\/126909\/revisions"}],"wp:featuredmedia":[{"embeddable":true,"href":"https:\/\/www.europesays.com\/no\/wp-json\/wp\/v2\/media\/126910"}],"wp:attachment":[{"href":"https:\/\/www.europesays.com\/no\/wp-json\/wp\/v2\/media?parent=126909"}],"wp:term":[{"taxonomy":"category","embeddable":true,"href":"https:\/\/www.europesays.com\/no\/wp-json\/wp\/v2\/categories?post=126909"},{"taxonomy":"post_tag","embeddable":true,"href":"https:\/\/www.europesays.com\/no\/wp-json\/wp\/v2\/tags?post=126909"}],"curies":[{"name":"wp","href":"https:\/\/api.w.org\/{rel}","templated":true}]}}