{"id":126913,"date":"2026-01-02T10:40:11","date_gmt":"2026-01-02T10:40:11","guid":{"rendered":"https:\/\/www.europesays.com\/no\/126913\/"},"modified":"2026-01-02T10:40:11","modified_gmt":"2026-01-02T10:40:11","slug":"fant-tilbake-til-hverandre","status":"publish","type":"post","link":"https:\/\/www.europesays.com\/no\/126913\/","title":{"rendered":"Fant tilbake til hverandre"},"content":{"rendered":"<p class=\"kicker \" style=\"\">Kelsea Ballerini og Chase Stokes:<\/p>\n<p>  Skuespilleren og musikeren gikk hver til sitt i september, men nytt\u00e5rsaften avsl\u00f8rte de at kj\u00e6rligheten har blomstret opp p\u00e5 nytt.<\/p>\n<p>\n    KJ\u00c6RESTER: Chase Stokes og Kelsea Ballerini bekrefter p\u00e5 Instagram at de er sammen igjen. Foto: Skjermdump \/ Instagram\n  <\/p>\n<p>H\u00f8sten 2024 kom den triste nyheten om at <a href=\"https:\/\/www.seher.no\/kjendis\/avslorer-sjokkbrudd\/83592484\" target=\"_blank\" rel=\"nofollow noopener\">artist Kelsea Ballerini (32) og skuespiller Chase Stokes (33) <\/a>hadde gjort det slutt.<\/p>\n<p>Kelsea begynte \u00e5 date \u00abOuter Banks\u00bb-skuespilleren i 2023, bare m\u00e5neder etter at hun hadde blitt skilt fra Morgan Evans.<\/p>\n<p>    <a itemprop=\"url\" href=\"https:\/\/www.seher.no\/kjendis\/brudd-for-love-island-par\/84045916\" rel=\"nofollow noopener\" target=\"_blank\"><\/p>\n<p>        <img loading=\"lazy\" decoding=\"async\" src=\"https:\/\/www.europesays.com\/no\/wp-content\/uploads\/2026\/01\/84045939.webp.webp\" width=\"980\" height=\"441\" title=\"Brudd for \u00abLove Island\u00bb-par\" alt=\"\" class=\"lazyload\" style=\"--aspect-ratio-image: 2.22; \"\/><\/p>\n<p>        Brudd for \u00abLove Island\u00bb-par<\/p>\n<p>    <\/a><\/p>\n<p>I september var imidlertid bruddet et faktum, noe en talsperson for Ballerini bekreftet overfor People.\u00a0<\/p>\n<p>Det tok derimot ikke lang tid f\u00f8r ryktene om en potensiell gjenforening begynte \u00e5 svirre. Gjennom november og desember ble duoen observert sammen ved flere anledninger.\u00a0<\/p>\n<p>        OVERRASKER: Da \u00abA-laget\u00bb stiller Linn Sk\u00e5ber et uventet skilpadde-sp\u00f8rsm\u00e5l, begynner t\u00e5rene \u00e5 trille hos skuespillerlegenden. Video: \u00abA-laget\u00bb\/ NRK\/ R\u00f8d L\u00f8per<\/p>\n<p>P\u00e5 et tidspunkt var Kelsea <a href=\"https:\/\/www.seher.no\/kjendis\/la-oss-vaere-i-fred\/83929651\" target=\"_blank\" rel=\"nofollow noopener\">s\u00e5pass lei spekulasjonene at hun<\/a> s\u00e5 seg n\u00f8dt til \u00e5 dele en klar beskjed til Instagram-f\u00f8lgerne sine:<\/p>\n<p> \u00abHvis jeg f\u00e5r \u00f8nske meg \u00e9n ting, er det at dere respekterer at jeg pr\u00f8ver \u00e5 holde privatlivet mitt privat akkurat n\u00e5\u00bb, skrev hun i sosiale medier.<\/p>\n<p>    <a itemprop=\"url\" href=\"https:\/\/www.seher.no\/kjendis\/na-er-han-gift\/84045337\" rel=\"nofollow noopener\" target=\"_blank\"><\/p>\n<p>        <img loading=\"lazy\" decoding=\"async\" src=\"https:\/\/www.europesays.com\/no\/wp-content\/uploads\/2026\/01\/1767350410_700_84045541.webp.webp\" width=\"980\" height=\"441\" title=\"N\u00e5 er han gift!\" alt=\"\" class=\"lazyload\" style=\"--aspect-ratio-image: 2.22; \"\/><\/p>\n<p>        N\u00e5 er han gift!<\/p>\n<p>    <\/a><\/p>\n<p class=\"font-weight-bold m-font-weight-bold\" data-lab-font_weight=\"font-weight-bold\">N\u00e5 kan imidlertid endelig paret r\u00f8pe at de har funnet tilbake til hverandre.<\/p>\n<p>Chase og Kelsea delte hver sine Instagram-innlegg p\u00e5 nytt\u00e5rsaften hvor de bekreftet at de er sammen igjen.<\/p>\n<p>&#8211; Noe jeg har l\u00e6rt i \u00e5r: ikke ta de vakreste tingene for gitt. Ta ansvar, l\u00e6r av feil. Len deg mot kj\u00e6rlighet, skrev Chase p\u00e5 Instagram.<\/p>\n<p>Han la samtidig til at 2026 blir et \u00e5r for vekst.<\/p>\n<p>        <img loading=\"lazy\" decoding=\"async\" src=\"https:\/\/www.europesays.com\/no\/wp-content\/uploads\/2026\/01\/84046142.webp.webp\" width=\"667\" height=\"487\" title=\"GJENFORENT: Kj\u00e6rligheten blomstrer nok en gang for Chase Stokes og Kelsea Ballerini. Foto: Richard Shotwell \/ Invision\/AP\" alt=\"\" class=\"\" style=\"--aspect-ratio-image: 1.37; \"\/><\/p>\n<p>\n        GJENFORENT: Kj\u00e6rligheten blomstrer nok en gang for Chase Stokes og Kelsea Ballerini. Foto: Richard Shotwell \/ Invision\/AP\n    <\/p>\n<p>Kelsea delte ogs\u00e5 sine tanker om det gjenopplivede forholdet p\u00e5 Instagram. Hun erkjente at det har v\u00e6rt t\u00f8ffe tider.<\/p>\n<p>&#8211; Et rotete \u00e5r for hjertet. Rotete \u00e5r for utenforst\u00e5ende. Rotete \u00e5r for m\u00e5ten ting ble fremstilt p\u00e5 utenfor v\u00e5r kontroll, skrev 32-\u00e5ringen over et bilde av henne og kj\u00e6resten i solnedgangen.<\/p>\n<p>&#8211; N\u00e5 kan dere kysse personen deres og slutte \u00e5 spekulere, avsluttet hun med en kyss-emoji.<\/p>\n","protected":false},"excerpt":{"rendered":"Kelsea Ballerini og Chase Stokes: Skuespilleren og musikeren gikk hver til sitt i september, men nytt\u00e5rsaften avsl\u00f8rte de&hellip;\n","protected":false},"author":2,"featured_media":126914,"comment_status":"","ping_status":"","sticky":false,"template":"","format":"standard","meta":{"footnotes":""},"categories":[58],"tags":[5677,71,5676,479,2543,30,28,29,72],"class_list":{"0":"post-126913","1":"post","2":"type-post","3":"status-publish","4":"format-standard","5":"has-post-thumbnail","7":"category-underholdning","8":"tag-chase-stokes","9":"tag-entertainment","10":"tag-kelsea-ballerini","11":"tag-kjendis","12":"tag-kjendisdesken","13":"tag-no","14":"tag-norge","15":"tag-norway","16":"tag-underholdning"},"share_on_mastodon":{"url":"https:\/\/pubeurope.com\/@no\/115825083869927160","error":""},"_links":{"self":[{"href":"https:\/\/www.europesays.com\/no\/wp-json\/wp\/v2\/posts\/126913","targetHints":{"allow":["GET"]}}],"collection":[{"href":"https:\/\/www.europesays.com\/no\/wp-json\/wp\/v2\/posts"}],"about":[{"href":"https:\/\/www.europesays.com\/no\/wp-json\/wp\/v2\/types\/post"}],"author":[{"embeddable":true,"href":"https:\/\/www.europesays.com\/no\/wp-json\/wp\/v2\/users\/2"}],"replies":[{"embeddable":true,"href":"https:\/\/www.europesays.com\/no\/wp-json\/wp\/v2\/comments?post=126913"}],"version-history":[{"count":0,"href":"https:\/\/www.europesays.com\/no\/wp-json\/wp\/v2\/posts\/126913\/revisions"}],"wp:featuredmedia":[{"embeddable":true,"href":"https:\/\/www.europesays.com\/no\/wp-json\/wp\/v2\/media\/126914"}],"wp:attachment":[{"href":"https:\/\/www.europesays.com\/no\/wp-json\/wp\/v2\/media?parent=126913"}],"wp:term":[{"taxonomy":"category","embeddable":true,"href":"https:\/\/www.europesays.com\/no\/wp-json\/wp\/v2\/categories?post=126913"},{"taxonomy":"post_tag","embeddable":true,"href":"https:\/\/www.europesays.com\/no\/wp-json\/wp\/v2\/tags?post=126913"}],"curies":[{"name":"wp","href":"https:\/\/api.w.org\/{rel}","templated":true}]}}